
{"id":327,"date":"2010-08-09T08:52:44","date_gmt":"2010-08-09T06:52:44","guid":{"rendered":"http:\/\/narty.blog.polityka.pl\/?p=327"},"modified":"2010-08-09T11:06:46","modified_gmt":"2010-08-09T09:06:46","slug":"pierwsze-sniegi","status":"publish","type":"post","link":"https:\/\/blog.polityka.pl\/narty\/2010\/08\/09\/pierwsze-sniegi\/","title":{"rendered":"Pierwsze \u015bniegi"},"content":{"rendered":"<p class=\"MsoNormal\" style=\"margin: 0cm 0cm 10pt;\"><span style=\"font-family: Calibri; font-size: small;\">Dobre wie\u015bci: podobno gdzieniegdzie pojawi\u0142 si\u0119 pierwszy \u015bnieg sezonu 2010\/2011! <\/span><\/p>\n<p class=\"MsoNormal\" style=\"margin: 0cm 0cm 10pt;\"><span style=\"font-family: Calibri; font-size: small;\">Jak informuje Andrzej52, jeden z czytelnik\u00f3w bloga i, s\u0105dz\u0105c po profesjonalnych komentarzach, wielki mi\u0142o\u015bnik Po\u0142udniowego Tyrolu, w tamtejszej Soldzie \/Sulden (sk\u0105din\u0105d jednej z moich ulubionych stacji) podczas tego weekendu spad\u0142 pierwszy (nale\u017ca\u0142oby napisa\u0107: \u201etej zimy\u201d?) \u015bnieg. <\/span><\/p>\n<p class=\"MsoNormal\" style=\"margin: 0cm 0cm 10pt;\"><span style=\"font-family: Calibri; font-size: small;\">Pada\u0142o ju\u017c przy g\u00f3rnej stacji kolei linowej, czyli na 2600 m n.p.m. \u2013 i oczywi\u015bcie wy\u017cej. Naturalnie ten pierwszy \u015bnieg szybko stopnia\u0142, ale\u2026 najwa\u017cniejsze, \u017ce w og\u00f3le si\u0119 pojawi\u0142.<\/span><\/p>\n<p class=\"MsoNormal\" style=\"margin: 0cm 0cm 10pt;\"><span style=\"font-family: Calibri; font-size: small;\">W tej sytuacji, Andrzej52 zasadnie chyba przewiduje, \u017ce \u201eigloo ma Madritsch chyba przetrwa\u201d (chodzi o schron z lodu i \u015bniegu wybudowany przy restauracji Madtrischh\u00fctte na wysoko\u015bci 2820 m n.p.m.).<br \/>\n<\/span><\/p>\n<p class=\"MsoNormal\" style=\"margin: 0cm 0cm 10pt;\"><span style=\"font-family: Calibri; font-size: small;\">Andrzej52 przes\u0142a\u0142 te\u017c kilka zdj\u0119\u0107 ze swojej niedawnej wizyty w Soldzie.\u00a0\u00a0 <\/span><\/p>\n<p class=\"MsoNormal\" style=\"margin: 0cm 0cm 10pt;\"><a href=\"\/wp-content\/uploads\/\/2010\/08\/suldenlipiec-2010-122-bm1.jpg\"><img loading=\"lazy\" decoding=\"async\" class=\"alignnone size-medium wp-image-330\" title=\"suldenlipiec-2010-122-bm1\" src=\"\/wp-content\/uploads\/\/2010\/08\/suldenlipiec-2010-122-bm1-300x225.jpg\" alt=\"\" width=\"300\" height=\"225\" srcset=\"\/narty\/wp-content\/uploads\/2010\/08\/suldenlipiec-2010-122-bm1-300x225.jpg 300w, \/narty\/wp-content\/uploads\/2010\/08\/suldenlipiec-2010-122-bm1.jpg 816w\" sizes=\"(max-width: 300px) 100vw, 300px\" \/><\/a>\u00a0<em>Madritsch &#8211; ko\u0144cowa stacja wyci\u0105gu krzese\u0142kowego<\/em><\/p>\n<p class=\"MsoNormal\" style=\"margin: 0cm 0cm 10pt;\"><a href=\"\/wp-content\/uploads\/\/2010\/08\/suldenlipiec-2010-122-bm1.jpg\"><\/a><a href=\"\/wp-content\/uploads\/\/2010\/08\/suldenlipiec-2010-130-bm.jpg\"><img loading=\"lazy\" decoding=\"async\" class=\"alignnone size-medium wp-image-331\" title=\"suldenlipiec-2010-130-bm\" src=\"\/wp-content\/uploads\/\/2010\/08\/suldenlipiec-2010-130-bm-300x225.jpg\" alt=\"\" width=\"300\" height=\"225\" srcset=\"\/narty\/wp-content\/uploads\/2010\/08\/suldenlipiec-2010-130-bm-300x225.jpg 300w, \/narty\/wp-content\/uploads\/2010\/08\/suldenlipiec-2010-130-bm.jpg 816w\" sizes=\"(max-width: 300px) 100vw, 300px\" \/><\/a>\u00a0<em>G\u00f3ruj\u0105ca nad Sold\u0105\/Sulden &#8222;Wielka tr\u00f3jka&#8221; widziana z Madritschjoch &#8211; w tym Ortler, najwy\u017cszy szczyt Po\u0142udniowego Tyrolu 3950 m n.p.m.<\/em><\/p>\n<p class=\"MsoNormal\" style=\"margin: 0cm 0cm 10pt;\"><span style=\"font-family: Calibri; font-size: small;\">O Soldzie pisa\u0142em tu wielokrotnie m.in. w relacjach z rozpocz\u0119cia minionego sezonu, bo w grudniu ub. roku zakosztowa\u0142em tam pysznego puchu (<a href=\"http:\/\/narty.blog.polityka.pl\/?p=138\" target=\"_blank\">\u201eW Alpach znowu popada\u0142o\u2026\u201d<\/a>, 3 grudnia 2009 r., <a href=\"http:\/\/narty.blog.polityka.pl\/?p=142\" target=\"_blank\">\u201eSypie w Tyroli w\u0142oskim, sypie i w austriackim\u201d<\/a>, 4 grudnia 2009 r.,\u00a0 <a href=\"http:\/\/narty.blog.polityka.pl\/?p=145\" target=\"_blank\">\u201eSolda cd., czyli Messner, Thoeni oraz jaki\u201d<\/a>, 10 grudnia 2009 r. , <a href=\"http:\/\/narty.blog.polityka.pl\/?p=149\" target=\"_blank\">\u201eTak mi si\u0119 je\u017adzi\u0142o w Soldzie\u201d<\/a>, 12 grudnia 2009 r.\u00a0<\/span><\/p>\n<p class=\"MsoNormal\" style=\"margin: 0cm 0cm 10pt;\"><span style=\"font-family: Calibri; font-size: small;\">Czy\u017cby w nadchodz\u0105cym sezonie ze \u015bniegiem mia\u0142o by\u0107 jeszcze lepiej?<\/span><\/p>\n<p class=\"MsoNormal\" style=\"margin: 0cm 0cm 10pt;\">\u00a0<\/p>\n","protected":false},"excerpt":{"rendered":"<p>Dobre wie\u015bci: podobno gdzieniegdzie pojawi\u0142 si\u0119 pierwszy \u015bnieg sezonu 2010\/2011! Jak informuje Andrzej52, jeden z czytelnik\u00f3w bloga i, s\u0105dz\u0105c po profesjonalnych komentarzach, wielki mi\u0142o\u015bnik Po\u0142udniowego Tyrolu, w tamtejszej Soldzie \/Sulden (sk\u0105din\u0105d jednej z moich ulubionych stacji) podczas tego weekendu spad\u0142 pierwszy (nale\u017ca\u0142oby napisa\u0107: \u201etej zimy\u201d?) \u015bnieg. Pada\u0142o ju\u017c przy g\u00f3rnej stacji kolei linowej, czyli na [&hellip;]<\/p>\n","protected":false},"author":1,"featured_media":0,"comment_status":"open","ping_status":"open","sticky":false,"template":"","format":"standard","meta":{"footnotes":""},"categories":[1],"tags":[],"_links":{"self":[{"href":"https:\/\/blog.polityka.pl\/narty\/wp-json\/wp\/v2\/posts\/327"}],"collection":[{"href":"https:\/\/blog.polityka.pl\/narty\/wp-json\/wp\/v2\/posts"}],"about":[{"href":"https:\/\/blog.polityka.pl\/narty\/wp-json\/wp\/v2\/types\/post"}],"author":[{"embeddable":true,"href":"https:\/\/blog.polityka.pl\/narty\/wp-json\/wp\/v2\/users\/1"}],"replies":[{"embeddable":true,"href":"https:\/\/blog.polityka.pl\/narty\/wp-json\/wp\/v2\/comments?post=327"}],"version-history":[{"count":0,"href":"https:\/\/blog.polityka.pl\/narty\/wp-json\/wp\/v2\/posts\/327\/revisions"}],"wp:attachment":[{"href":"https:\/\/blog.polityka.pl\/narty\/wp-json\/wp\/v2\/media?parent=327"}],"wp:term":[{"taxonomy":"category","embeddable":true,"href":"https:\/\/blog.polityka.pl\/narty\/wp-json\/wp\/v2\/categories?post=327"},{"taxonomy":"post_tag","embeddable":true,"href":"https:\/\/blog.polityka.pl\/narty\/wp-json\/wp\/v2\/tags?post=327"}],"curies":[{"name":"wp","href":"https:\/\/api.w.org\/{rel}","templated":true}]}}