
{"id":332,"date":"2010-08-20T05:04:56","date_gmt":"2010-08-20T03:04:56","guid":{"rendered":"http:\/\/narty.blog.polityka.pl\/?p=332"},"modified":"2010-08-20T09:26:29","modified_gmt":"2010-08-20T07:26:29","slug":"rusza-akademia-tatr","status":"publish","type":"post","link":"https:\/\/blog.polityka.pl\/narty\/2010\/08\/20\/rusza-akademia-tatr\/","title":{"rendered":"Rusza Akademia Tatr"},"content":{"rendered":"<p>Najpierw ochrony przyrody trzeba nauczy\u0107 tych, kt\u00f3rzy na co dzie\u0144, zawodowo, przebywaj\u0105 w Tatrach. Sw\u0105 wiedz\u0119 i podej\u015bcie do g\u00f3r przeka\u017c\u0105\u00a0potem przyje\u017cd\u017caj\u0105cym tam go\u015bciom \u2013 na takim koncepcie opiera si\u0119 nowa inicjatywa Tatrza\u0144skiego Parku Narodowego.<\/p>\n<p>Akcja \u2013 nazwana Akademi\u0105 Tatr \u2013 obj\u0105\u0107 ma przewodnik\u00f3w, ratownik\u00f3w TOPR, obs\u0142ug\u0119 schronisk, funkcjonariuszy stra\u017cy granicznej i policji, ale tak\u017ce kierowc\u00f3w bus\u00f3w i fiakr\u00f3w, zw\u0142aszcza tych wo\u017c\u0105cych ludzi do Morskiego Oka.<\/p>\n<p>Wszyscy oni jako pierwsi maj\u0105 kontakt z turystami, mog\u0105 wi\u0119c bezpo\u015brednio wp\u0142ywa\u0107 na ich postawy \u2013 podkre\u015blaj\u0105 pomys\u0142odawcy Akademii. Z tego samego powodu zaproszenia wys\u0142ali r\u00f3wnie\u017c do uczni\u00f3w szk\u00f3\u0142 powiatu tatrza\u0144skiego.<\/p>\n<p>Pr\u00f3cz wyk\u0142ad\u00f3w o regionie \u2013 jego historii, przyrodzie, atrakcjach, ale r\u00f3wnie\u017c zagro\u017ceniach ekologicznych, w ramach Akademii planowane s\u0105\u00a0wyprawy w g\u00f3ry. Podczas nich najlepiej bowiem pokaza\u0107 unikalne warto\u015bci Tatr i ich przyrody.<\/p>\n<p>Tablice ostrzegawcze, wydawnictwa czy informacje na stronie internetowej Parku okazuj\u0105 si\u0119 nie wystarcza\u0107 dla trzech milion\u00f3w os\u00f3b odwiedzaj\u0105cych rocznie Tatry \u2013 m\u00f3wi Szymon Ziobrowski z TPN, koordynator projektu. Okazuje si\u0119, \u017ce cepry potrafi\u0105 podchodzi\u0107 do nied\u017awiedzi, by zrobi\u0107 im lepsze zdj\u0119cie telefonem kom\u00f3rkowym, miewaj\u0105 pretensje o b\u0142oto na szlakach lub brak na nich koszy na \u015bmieci itd.<\/p>\n<p>Zaj\u0119cia Akademii maj\u0105 rozpocz\u0105\u0107 si\u0119 lada dzie\u0144 &#8211; na prze\u0142omie sierpnia i wrze\u015bnia. Na razie przedsi\u0119wzi\u0119cie zaplanowane jest na dwa lata. Finansowane b\u0119dzie m.in. z funduszy unijnych. Szczeg\u00f3\u0142owe informacje o Akademii mo\u017cna znale\u017a\u0107 w najnowszym numerze kwartalnika \u201eTatry\u201d.<\/p>\n","protected":false},"excerpt":{"rendered":"<p>Najpierw ochrony przyrody trzeba nauczy\u0107 tych, kt\u00f3rzy na co dzie\u0144, zawodowo, przebywaj\u0105 w Tatrach. Sw\u0105 wiedz\u0119 i podej\u015bcie do g\u00f3r przeka\u017c\u0105\u00a0potem przyje\u017cd\u017caj\u0105cym tam go\u015bciom \u2013 na takim koncepcie opiera si\u0119 nowa inicjatywa Tatrza\u0144skiego Parku Narodowego. Akcja \u2013 nazwana Akademi\u0105 Tatr \u2013 obj\u0105\u0107 ma przewodnik\u00f3w, ratownik\u00f3w TOPR, obs\u0142ug\u0119 schronisk, funkcjonariuszy stra\u017cy granicznej i policji, ale tak\u017ce [&hellip;]<\/p>\n","protected":false},"author":1,"featured_media":0,"comment_status":"open","ping_status":"open","sticky":false,"template":"","format":"standard","meta":{"footnotes":""},"categories":[1],"tags":[],"_links":{"self":[{"href":"https:\/\/blog.polityka.pl\/narty\/wp-json\/wp\/v2\/posts\/332"}],"collection":[{"href":"https:\/\/blog.polityka.pl\/narty\/wp-json\/wp\/v2\/posts"}],"about":[{"href":"https:\/\/blog.polityka.pl\/narty\/wp-json\/wp\/v2\/types\/post"}],"author":[{"embeddable":true,"href":"https:\/\/blog.polityka.pl\/narty\/wp-json\/wp\/v2\/users\/1"}],"replies":[{"embeddable":true,"href":"https:\/\/blog.polityka.pl\/narty\/wp-json\/wp\/v2\/comments?post=332"}],"version-history":[{"count":0,"href":"https:\/\/blog.polityka.pl\/narty\/wp-json\/wp\/v2\/posts\/332\/revisions"}],"wp:attachment":[{"href":"https:\/\/blog.polityka.pl\/narty\/wp-json\/wp\/v2\/media?parent=332"}],"wp:term":[{"taxonomy":"category","embeddable":true,"href":"https:\/\/blog.polityka.pl\/narty\/wp-json\/wp\/v2\/categories?post=332"},{"taxonomy":"post_tag","embeddable":true,"href":"https:\/\/blog.polityka.pl\/narty\/wp-json\/wp\/v2\/tags?post=332"}],"curies":[{"name":"wp","href":"https:\/\/api.w.org\/{rel}","templated":true}]}}