
{"id":333,"date":"2010-08-27T00:44:11","date_gmt":"2010-08-26T22:44:11","guid":{"rendered":"http:\/\/narty.blog.polityka.pl\/?p=333"},"modified":"2010-08-25T11:50:42","modified_gmt":"2010-08-25T09:50:42","slug":"odkrywanie-tatr","status":"publish","type":"post","link":"https:\/\/blog.polityka.pl\/narty\/2010\/08\/27\/odkrywanie-tatr\/","title":{"rendered":"Odkrywanie Tatr"},"content":{"rendered":"<p><a href=\"\/wp-content\/uploads\/\/2010\/08\/gal_128137265141_.jpg\"><\/a><a href=\"\/wp-content\/uploads\/\/2010\/08\/gal_128137267335_.jpg\"><\/a>Pierwszymi zdobywcami Tatr byli zbieracze zi\u00f3\u0142, pasterze i my\u015bliwi. Dopiero grupo p\u00f3\u017aniej g\u00f3ry zaciekawi\u0142y turyst\u00f3w i sportowc\u00f3w \u2013 w tym narciarzy.<\/p>\n<p><a href=\"\/wp-content\/uploads\/\/2010\/08\/gal_128137267335_.jpg\"><img loading=\"lazy\" decoding=\"async\" class=\"alignnone size-medium wp-image-335\" title=\"gal_128137267335_\" src=\"\/wp-content\/uploads\/\/2010\/08\/gal_128137267335_-214x300.jpg\" alt=\"\" width=\"214\" height=\"300\" srcset=\"\/narty\/wp-content\/uploads\/2010\/08\/gal_128137267335_-214x300.jpg 214w, \/narty\/wp-content\/uploads\/2010\/08\/gal_128137267335_.jpg 571w\" sizes=\"(max-width: 214px) 100vw, 214px\" \/><\/a><\/p>\n<p>O historii obecno\u015bci cz\u0142owieka w Tatrach opowiada wystawa w O\u015brodku Edukacyjno-Muzealnym Tatrza\u0144skiego Parku Narodowego (ul. Cha\u0142ubi\u0144skiego 42 A w Zakopanem).<\/p>\n<p>Mo\u017cna zobaczy\u0107 m.in. u\u017cywane przez pionier\u00f3w tatrza\u0144skich wypraw torby \u0142owieckie, kosze, naczynia (w tym skopek na bryndz\u0119) oraz strzelby i trofea my\u015bliwskie. Jest kopia mapy Tatr Wysokich namalowanej w 1938 r. przez profesor\u00f3w Szoltza i Liptaka z oznaczonymi pierwszymi wej\u015bciami na niekt\u00f3re szczyty, miejscami wyst\u0119powania lokalnej ro\u015blinno\u015bci i zwierzyny oraz pierwotnymi nazwami podtatrza\u0144skich wsi. Pokazywane s\u0105 tak\u017ce litografowane panoramy Tatr i g\u00f3rskich staw\u00f3w z 1864 r.<\/p>\n<p>Osobny dzia\u0142 ekspozycji po\u015bwi\u0119cony jest historii pierwszych zwi\u0105zk\u00f3w turystycznych i sportowych, dzia\u0142aj\u0105cych na obszarze Tatr Wysokich (w tym Towarzystwa Karpackiego). W\u015br\u00f3d eksponat\u00f3w s\u0105 m.in. pochodz\u0105ce z prze\u0142omu XIX i XX w. akcesoria taternickie i sprz\u0119t do uprawiania sport\u00f3w zimowych (pr\u00f3cz nart, sanek i \u0142y\u017cew tak\u017ce\u2026 narto-\u0142y\u017cwy oraz skibob). Prezentowane s\u0105 tak\u017ce stare publikacje po\u015bwi\u0119cone Tatrom \u2013 polskie i s\u0142owackie, ale r\u00f3wnie\u017c niemieckie i w\u0119gierskie.<\/p>\n<p><a href=\"\/wp-content\/uploads\/\/2010\/08\/gal_128137265141_.jpg\"><img loading=\"lazy\" decoding=\"async\" class=\"alignnone size-medium wp-image-334\" title=\"gal_128137265141_\" src=\"\/wp-content\/uploads\/\/2010\/08\/gal_128137265141_-202x300.jpg\" alt=\"\" width=\"202\" height=\"300\" srcset=\"\/narty\/wp-content\/uploads\/2010\/08\/gal_128137265141_-202x300.jpg 202w, \/narty\/wp-content\/uploads\/2010\/08\/gal_128137265141_.jpg 540w\" sizes=\"(max-width: 202px) 100vw, 202px\" \/><\/a><\/p>\n<p>Okazuje si\u0119, \u017ce historia odkrywania i udost\u0119pniania turystycznego Tatr by\u0142a podobna po obu ich stronach. Erika Cintulova, szefowa Muzeum w Kie\u017cmarku, kt\u00f3re przygotowa\u0142o wystaw\u0119, podkre\u015bla r\u00f3wnie\u017c, \u017ce Tatry po\u0142\u0105czy\u0142y Polak\u00f3w i S\u0142owak\u00f3w nie tylko dlatego, \u017ce \u201eniezwyk\u0142ym pi\u0119knem przyrody, moc\u0105 leczniczego dzia\u0142ania i bogatym folklorem wabi\u0105 niezmiennie turyst\u00f3w, sportowc\u00f3w i artyst\u00f3w\u201d, ale te\u017c przez to, \u017ce \u201eod niepami\u0119tnych czas\u00f3w by\u0142y cichym \u015bwiadkiem dziej\u00f3w\u201d obu narod\u00f3w.<\/p>\n","protected":false},"excerpt":{"rendered":"<p>Pierwszymi zdobywcami Tatr byli zbieracze zi\u00f3\u0142, pasterze i my\u015bliwi. Dopiero grupo p\u00f3\u017aniej g\u00f3ry zaciekawi\u0142y turyst\u00f3w i sportowc\u00f3w \u2013 w tym narciarzy. O historii obecno\u015bci cz\u0142owieka w Tatrach opowiada wystawa w O\u015brodku Edukacyjno-Muzealnym Tatrza\u0144skiego Parku Narodowego (ul. Cha\u0142ubi\u0144skiego 42 A w Zakopanem). Mo\u017cna zobaczy\u0107 m.in. u\u017cywane przez pionier\u00f3w tatrza\u0144skich wypraw torby \u0142owieckie, kosze, naczynia (w tym [&hellip;]<\/p>\n","protected":false},"author":1,"featured_media":0,"comment_status":"open","ping_status":"open","sticky":false,"template":"","format":"standard","meta":{"footnotes":""},"categories":[1],"tags":[],"_links":{"self":[{"href":"https:\/\/blog.polityka.pl\/narty\/wp-json\/wp\/v2\/posts\/333"}],"collection":[{"href":"https:\/\/blog.polityka.pl\/narty\/wp-json\/wp\/v2\/posts"}],"about":[{"href":"https:\/\/blog.polityka.pl\/narty\/wp-json\/wp\/v2\/types\/post"}],"author":[{"embeddable":true,"href":"https:\/\/blog.polityka.pl\/narty\/wp-json\/wp\/v2\/users\/1"}],"replies":[{"embeddable":true,"href":"https:\/\/blog.polityka.pl\/narty\/wp-json\/wp\/v2\/comments?post=333"}],"version-history":[{"count":0,"href":"https:\/\/blog.polityka.pl\/narty\/wp-json\/wp\/v2\/posts\/333\/revisions"}],"wp:attachment":[{"href":"https:\/\/blog.polityka.pl\/narty\/wp-json\/wp\/v2\/media?parent=333"}],"wp:term":[{"taxonomy":"category","embeddable":true,"href":"https:\/\/blog.polityka.pl\/narty\/wp-json\/wp\/v2\/categories?post=333"},{"taxonomy":"post_tag","embeddable":true,"href":"https:\/\/blog.polityka.pl\/narty\/wp-json\/wp\/v2\/tags?post=333"}],"curies":[{"name":"wp","href":"https:\/\/api.w.org\/{rel}","templated":true}]}}