
{"id":336,"date":"2010-09-01T00:53:04","date_gmt":"2010-08-31T22:53:04","guid":{"rendered":"http:\/\/narty.blog.polityka.pl\/?p=336"},"modified":"2010-09-01T11:37:04","modified_gmt":"2010-09-01T09:37:04","slug":"na-kasprowym-spadl-juz-snieg%e2%80%a6","status":"publish","type":"post","link":"https:\/\/blog.polityka.pl\/narty\/2010\/09\/01\/na-kasprowym-spadl-juz-snieg%e2%80%a6\/","title":{"rendered":"Na Kasprowym ju\u017c sypn\u0119\u0142o"},"content":{"rendered":"<p>Wprawdzie na razie ok. 20 cm, ale zawsze. Bo przecie\u017c w ca\u0142ym poprzednim sezonie wyci\u0105g krzese\u0142kowy na Hali Goryczkowej z powodu braku \u015bniegu pracowa\u0142&#8230; niespe\u0142na trzy tygodnie. W kotle G\u0105sienicowym mo\u017cna by\u0142o je\u017adzi\u0107 d\u0142u\u017cej, ale te\u017c bez rewelacji \u2013 wyci\u0105g ruszy\u0142 dopiero 1 lutego.<\/p>\n<p>Wszystko za spraw\u0105 anomalii temperaturowych \u2013 ot\u00f3\u017c odpowiednia pokrywa \u015bniegu zalega\u0142a minionej zimy na Kasprowym pocz\u0105wszy od ok. 1650 m n.p.m. Ni\u017cej by\u0142a ju\u017c du\u017co cie\u0144sza. Swoje robi\u0142a temperatura: d\u0142ugotrwa\u0142y i spory mr\u00f3z, kt\u00f3ry utrzymywa\u0142 si\u0119 na\u00a0ni\u017cszych wysoko\u015bciach sprawia\u0142, \u017ce nie pada\u0142o tam tyle, co w partiach szczytowych. Znaczenie mia\u0142 tak\u017ce silny wiatr \u2013 w efekcie na tym samym\u00a0stoku grubo\u015b\u0107 warstw \u015bniegu znacz\u0105co si\u0119 r\u00f3\u017cni\u0142a.<\/p>\n<p>Zobaczymy, co czeka nas w nadchodz\u0105cym sezonie.<\/p>\n<p>\u00a0<\/p>\n<p>\u00a0<\/p>\n<p>\u00a0<\/p>\n","protected":false},"excerpt":{"rendered":"<p>Wprawdzie na razie ok. 20 cm, ale zawsze. Bo przecie\u017c w ca\u0142ym poprzednim sezonie wyci\u0105g krzese\u0142kowy na Hali Goryczkowej z powodu braku \u015bniegu pracowa\u0142&#8230; niespe\u0142na trzy tygodnie. W kotle G\u0105sienicowym mo\u017cna by\u0142o je\u017adzi\u0107 d\u0142u\u017cej, ale te\u017c bez rewelacji \u2013 wyci\u0105g ruszy\u0142 dopiero 1 lutego. Wszystko za spraw\u0105 anomalii temperaturowych \u2013 ot\u00f3\u017c odpowiednia pokrywa \u015bniegu zalega\u0142a [&hellip;]<\/p>\n","protected":false},"author":1,"featured_media":0,"comment_status":"open","ping_status":"open","sticky":false,"template":"","format":"standard","meta":{"footnotes":""},"categories":[1],"tags":[],"_links":{"self":[{"href":"https:\/\/blog.polityka.pl\/narty\/wp-json\/wp\/v2\/posts\/336"}],"collection":[{"href":"https:\/\/blog.polityka.pl\/narty\/wp-json\/wp\/v2\/posts"}],"about":[{"href":"https:\/\/blog.polityka.pl\/narty\/wp-json\/wp\/v2\/types\/post"}],"author":[{"embeddable":true,"href":"https:\/\/blog.polityka.pl\/narty\/wp-json\/wp\/v2\/users\/1"}],"replies":[{"embeddable":true,"href":"https:\/\/blog.polityka.pl\/narty\/wp-json\/wp\/v2\/comments?post=336"}],"version-history":[{"count":0,"href":"https:\/\/blog.polityka.pl\/narty\/wp-json\/wp\/v2\/posts\/336\/revisions"}],"wp:attachment":[{"href":"https:\/\/blog.polityka.pl\/narty\/wp-json\/wp\/v2\/media?parent=336"}],"wp:term":[{"taxonomy":"category","embeddable":true,"href":"https:\/\/blog.polityka.pl\/narty\/wp-json\/wp\/v2\/categories?post=336"},{"taxonomy":"post_tag","embeddable":true,"href":"https:\/\/blog.polityka.pl\/narty\/wp-json\/wp\/v2\/tags?post=336"}],"curies":[{"name":"wp","href":"https:\/\/api.w.org\/{rel}","templated":true}]}}