
{"id":337,"date":"2010-09-03T06:25:31","date_gmt":"2010-09-03T04:25:31","guid":{"rendered":"http:\/\/narty.blog.polityka.pl\/?p=337"},"modified":"2010-09-03T11:30:35","modified_gmt":"2010-09-03T09:30:35","slug":"austria-mysli-o-sezonie-i","status":"publish","type":"post","link":"https:\/\/blog.polityka.pl\/narty\/2010\/09\/03\/austria-mysli-o-sezonie-i\/","title":{"rendered":"Austria my\u015bli o sezonie (I): Pitztal"},"content":{"rendered":"<p><a href=\"\/wp-content\/uploads\/\/2010\/09\/pitztalkinderlift25-m.jpg\"><\/a><a href=\"\/wp-content\/uploads\/\/2010\/09\/sunnalmbahn_3.jpg\"><\/a>Nadspodziewanie wcze\u015bnie przedstawiciele lodowc\u00f3w austriackiego Tyrolu zacz\u0119li przed sezonem 2010\/11 promowa\u0107 swoje stoki.<\/p>\n<p>Zwykle pojawiali si\u0119 w Polsce (i w innych krajach \u015brodkowo-wschodniej Europy, bo PR-owski tour si\u0119ga od Moskwy po Bukareszt) pod koniec wrze\u015bnia. W tym roku kampani\u0119 zacz\u0119li ju\u017c teraz \u2013 obejmuj\u0105c ni\u0105 zar\u00f3wno dziennikarzy, jak w\u0142a\u015bcicieli biur podr\u00f3\u017cy.<\/p>\n<p>Naturalnie o szczeg\u00f3\u0142ach oferty 5 lodowcowych stacji Tyrolu (Pitztal, S\u00f6lden, Hintertux, Stubai, Kaunertal) b\u0119dzie jeszcze okazja napisa\u0107. Na razie, dla zach\u0119ty, warto przedstawi\u0107 niekt\u00f3re nowo\u015bci tycz\u0105ce tras, wyci\u0105g\u00f3w, instalacji na\u015bnie\u017caj\u0105cych, restauracji i cen.<\/p>\n<p>Zacznijmy od popularnego w Polsce Piztaler Gletscher (najwy\u017cszy lodowiec Tyrolu \u2013 zje\u017cd\u017ca si\u0119 z 3440 m n.p.m.!). Zw\u0142aszcza, \u017ce Willi Krueger, dobry duch tej stacji, meiluje mi w\u0142a\u015bnie, \u017ce przez \u015brod\u0119 i czwartek spad\u0142o tam p\u00f3\u0142 metra \u015bniegu.<\/p>\n<p>I tak, w nadchodz\u0105cym sezonie snowboardzi\u015bci b\u0119d\u0105 mogli skorzysta\u0107 tam z nowego funparku (na wysoko\u015bci 3000 m n.p.m.) i half pipe\u2019u (na 2600 m n.p.m.).<\/p>\n<p>Z kolei w s\u0105siaduj\u0105cym z lodowcem rejonie Rifflsee (je\u017adzi si\u0119 tam do wysoko\u015bci 2800 m n.p.m.) w grudniu uruchomiony zostanie 6-osobowy wyci\u0105g krzese\u0142kowy SunnAlm Bahn, wyposa\u017cony w siedzenia z zabezpieczeniami dla dzieci.<\/p>\n<p><a href=\"\/wp-content\/uploads\/\/2010\/09\/pitztalkinderlift25-m.jpg\"><img loading=\"lazy\" decoding=\"async\" class=\"alignnone size-medium wp-image-338\" title=\"pitztalkinderlift25-m\" src=\"\/wp-content\/uploads\/\/2010\/09\/pitztalkinderlift25-m-300x199.jpg\" alt=\"\" width=\"300\" height=\"199\" srcset=\"\/narty\/wp-content\/uploads\/2010\/09\/pitztalkinderlift25-m-300x199.jpg 300w, \/narty\/wp-content\/uploads\/2010\/09\/pitztalkinderlift25-m.jpg 1065w\" sizes=\"(max-width: 300px) 100vw, 300px\" \/><\/a>\u00a0<em>Pr\u00f3by krzese\u0142ek Sunnalm Bahn ze specjalnymi zabezpieczeniami dla dzieci <\/em><\/p>\n<p>Sk\u0105din\u0105d w Pitztal dzieci poni\u017cej 10 lat je\u017cd\u017c\u0105ce z jednym z rodzic\u00f3w mog\u0105 liczy\u0107 na Bambini Freipass \u2013 czyli bezp\u0142atny karnet. Ponadto specjalnie dla dzieci ju\u017c od 1 pa\u017adziernika (do 6 listopada) po raz pierwszy zostanie zorganizowany ob\u00f3z Pitzi\u2019s Snow &amp; Gletscher Camp.<\/p>\n<p><a href=\"\/wp-content\/uploads\/\/2010\/09\/sunnalmbahn_3.jpg\"><img loading=\"lazy\" decoding=\"async\" class=\"alignnone size-medium wp-image-339\" title=\"sunnalmbahn_3\" src=\"\/wp-content\/uploads\/\/2010\/09\/sunnalmbahn_3-300x199.jpg\" alt=\"\" width=\"300\" height=\"199\" srcset=\"\/narty\/wp-content\/uploads\/2010\/09\/sunnalmbahn_3-300x199.jpg 300w, \/narty\/wp-content\/uploads\/2010\/09\/sunnalmbahn_3.jpg 800w\" sizes=\"(max-width: 300px) 100vw, 300px\" \/><\/a>\u00a0<em>Sunnalm Bahn<\/em><\/p>\n<p>Wydarzeniem z okazji inauguracji sezonu b\u0119dzie ob\u00f3z treningowy dla uprawiaj\u0105cych narciarstwo biegowe. Od po\u0142owy wrze\u015bnia pod okiem profesjonalnych trener\u00f3w mo\u017cna uczy\u0107 si\u0119 obu rodzaj\u00f3w kroku biegowego (\u0142y\u017cwowego i klasycznego) na po\u0142o\u017conej na 2600 m n.p.m. i licz\u0105cej 7 km trasie Pitztaler Gletscher (na wysoko\u015bci 2600 m n.p.m.)<\/p>\n<p>Inne planowane zim\u0105 2010\/2011 na Pitztal imprezy to m. in. 13. narciarski Puchar Europy dla niepe\u0142nosprawnych (od 9 do 11 grudnia 2010 r.) oraz Off Piste Days (od 8 stycznia 2011 r.). Do tego dochodz\u0105 naturalnie dni firmowe czo\u0142owych producent\u00f3w sprz\u0119tu narciarskiego (po\u0142\u0105czone oczywi\u015bcie z mo\u017cliwo\u015bci\u0105 przetestowania najnowszych kolekcji).<\/p>\n<p>A dodatkowym \u017ar\u00f3d\u0142em \u015bniegu b\u0119dzie uruchomiony ju\u017c minionej zimy Snow Maker System. Jako \u017ce o tej unikalnej technologii par\u0119 razy ju\u017c tu pisa\u0142em (m.in. <a href=\"http:\/\/narty.blog.polityka.pl\/?p=29\" target=\"_blank\">\u201eSztuczny, a doskona\u0142y\u201d<\/a>, 2 pa\u017adziernika 2009 r.,\u00a0\u00a0\u00a0 <a href=\"http:\/\/narty.blog.polityka.pl\/?p=47\" target=\"_blank\">\u201eSnowmaker ratuje sytuacj\u0119&#8221;<\/a>, 9 pa\u017adziernika 2009 r. ), przypomn\u0119 tylko pokr\u00f3tce, \u017ce pozwala ona produkowa\u0107 do 940 metr\u00f3w sze\u015bciennych \u015bniegu nawet w dodatnich temperaturach i przy wysokiej wilgotno\u015bci powietrza. Zachowane s\u0105 przy tym wysokie standardy ekologiczne \u2013 powsta\u0142y \u015bnieg przyczynia si\u0119 m.in. do pogrubienia warstwy lodowca.<\/p>\n<p>Co zabawne, mimo tych wszystkich nowo\u015bci Willi Krueger skromnie twierdzi, \u017ce w tym roku Pitztal\u2026 \u201ew zasadzie odpoczywa do inwestycji\u201d!\u00a0<\/p>\n<p>Wkr\u00f3tce o nowo\u015bciach na pozosta\u0142ych tyrolskich lodowcach.<\/p>\n","protected":false},"excerpt":{"rendered":"<p>Nadspodziewanie wcze\u015bnie przedstawiciele lodowc\u00f3w austriackiego Tyrolu zacz\u0119li przed sezonem 2010\/11 promowa\u0107 swoje stoki. Zwykle pojawiali si\u0119 w Polsce (i w innych krajach \u015brodkowo-wschodniej Europy, bo PR-owski tour si\u0119ga od Moskwy po Bukareszt) pod koniec wrze\u015bnia. W tym roku kampani\u0119 zacz\u0119li ju\u017c teraz \u2013 obejmuj\u0105c ni\u0105 zar\u00f3wno dziennikarzy, jak w\u0142a\u015bcicieli biur podr\u00f3\u017cy. Naturalnie o szczeg\u00f3\u0142ach oferty [&hellip;]<\/p>\n","protected":false},"author":1,"featured_media":0,"comment_status":"open","ping_status":"open","sticky":false,"template":"","format":"standard","meta":{"footnotes":""},"categories":[1],"tags":[],"_links":{"self":[{"href":"https:\/\/blog.polityka.pl\/narty\/wp-json\/wp\/v2\/posts\/337"}],"collection":[{"href":"https:\/\/blog.polityka.pl\/narty\/wp-json\/wp\/v2\/posts"}],"about":[{"href":"https:\/\/blog.polityka.pl\/narty\/wp-json\/wp\/v2\/types\/post"}],"author":[{"embeddable":true,"href":"https:\/\/blog.polityka.pl\/narty\/wp-json\/wp\/v2\/users\/1"}],"replies":[{"embeddable":true,"href":"https:\/\/blog.polityka.pl\/narty\/wp-json\/wp\/v2\/comments?post=337"}],"version-history":[{"count":0,"href":"https:\/\/blog.polityka.pl\/narty\/wp-json\/wp\/v2\/posts\/337\/revisions"}],"wp:attachment":[{"href":"https:\/\/blog.polityka.pl\/narty\/wp-json\/wp\/v2\/media?parent=337"}],"wp:term":[{"taxonomy":"category","embeddable":true,"href":"https:\/\/blog.polityka.pl\/narty\/wp-json\/wp\/v2\/categories?post=337"},{"taxonomy":"post_tag","embeddable":true,"href":"https:\/\/blog.polityka.pl\/narty\/wp-json\/wp\/v2\/tags?post=337"}],"curies":[{"name":"wp","href":"https:\/\/api.w.org\/{rel}","templated":true}]}}