
{"id":344,"date":"2010-09-14T11:33:45","date_gmt":"2010-09-14T09:33:45","guid":{"rendered":"http:\/\/narty.blog.polityka.pl\/?p=344"},"modified":"2010-09-14T11:37:23","modified_gmt":"2010-09-14T09:37:23","slug":"moze-na-mistrzostwa-swiata","status":"publish","type":"post","link":"https:\/\/blog.polityka.pl\/narty\/2010\/09\/14\/moze-na-mistrzostwa-swiata\/","title":{"rendered":"Mo\u017ce na mistrzostwa \u015bwiata?"},"content":{"rendered":"<p><a href=\"\/wp-content\/uploads\/\/2010\/09\/mistrzostwa-swiatam20201.gif\"><\/a><a href=\"\/wp-content\/uploads\/\/2010\/09\/kandahars.jpg\"><\/a><a href=\"\/wp-content\/uploads\/\/2010\/09\/kandaimages.jpg\"><\/a>Polscy fani narciarstwa alpejskiego b\u0119d\u0105 mie\u0107 w nadchodz\u0105cym sezonie niebywa\u0142\u0105 okazj\u0119: oto mistrzostwa \u015bwiata 2011 rozgrywane b\u0119d\u0105 ca\u0142kiem niedaleko, bo w Garmisch-Partenkirchen.\u00a0<\/p>\n<p>A przecie\u017c miejscowo\u015b\u0107 ta le\u017cy niewiele ponad 750 km od przej\u015bcia granicznego w Zgorzelcu. Dojazd do Zgorzelca jest ju\u017c ca\u0142kiem niez\u0142y (w ka\u017cdym razie z Krakowa, Katowic, Opola czy Wroc\u0142awia jedzie si\u0119 tam ca\u0142y czas autostrad\u0105). Potem na kibic\u00f3w czekaj\u0105 \u015bwietne autostrady niemieckie \u2013 i ju\u017c b\u0119d\u0105 mogli ogl\u0105da\u0107 w akcji najlepszych zjazdowc\u00f3w i slalomist\u00f3w \u015bwiata.<\/p>\n<p><a href=\"\/wp-content\/uploads\/\/2010\/09\/mistrzostwa-swiatam20201.gif\"><img loading=\"lazy\" decoding=\"async\" class=\"alignnone size-medium wp-image-345\" title=\"mistrzostwa-swiatam20201\" src=\"\/wp-content\/uploads\/\/2010\/09\/mistrzostwa-swiatam20201-157x300.gif\" alt=\"\" width=\"157\" height=\"300\" srcset=\"\/narty\/wp-content\/uploads\/2010\/09\/mistrzostwa-swiatam20201-157x300.gif 157w, \/narty\/wp-content\/uploads\/2010\/09\/mistrzostwa-swiatam20201.gif 179w\" sizes=\"(max-width: 157px) 100vw, 157px\" \/><\/a><\/p>\n<p>Zawody odbywa\u0107 si\u0119 b\u0119d\u0105 od 7 do 20 lutego 2011 r. Wi\u0119kszo\u015b\u0107 konkurencji rozegrana zostanie na s\u0142ynnej trasie Kandahar. Jedynie slalomi\u015bci \u015bciga\u0107 si\u0119 maj\u0105 na Gudiberg Arena (tam te\u017c odb\u0119dzie si\u0119 ceremonia otwarcia mistrzostw).<\/p>\n<p><a href=\"\/wp-content\/uploads\/\/2010\/09\/kandaimages.jpg\"><img loading=\"lazy\" decoding=\"async\" class=\"alignnone size-medium wp-image-347\" title=\"kandaimages\" src=\"\/wp-content\/uploads\/\/2010\/09\/kandaimages.jpg\" alt=\"\" width=\"269\" height=\"187\" \/><\/a>\u00a0<em>Trasa biegu zjazdowego\u00a0Kandahar<\/em><\/p>\n<p>Szczeg\u00f3\u0142owy program zawod\u00f3w mo\u017cna znale\u017a\u0107 na oficjalnej stronie <a href=\"http:\/\/WWW.gap2011.com\" target=\"_blank\">GAP 2011<\/a>.\u00a0Tu wi\u0119c tylko kilka najwa\u017cniejszych dat. I tak, biegi zjazdowe rozegrane zostan\u0105 w sobot\u0119 12 lutego (m\u0119\u017cczy\u017ani) i niedziel\u0119 13-tego (kobiety). Giganty: 17 lutego (kobiety) i 18-tego (m\u0119\u017cczy\u017ani). Wreszcie slalomy: w sobot\u0119 19 lutego (kobiety) i niedziel\u0119 20-tego (m\u0119\u017cczy\u017ani).<\/p>\n<p>Na stronie GAP 2011 mo\u017cna te\u017c ju\u017c rezerwowa\u0107 bilety na poszczeg\u00f3lne konkurencje. Przyk\u0142adowo wej\u015bci\u00f3wka na najbardziej widowiskow\u0105 konkurencj\u0119, czyli bieg zjazdowy m\u0119\u017cczyzn na trybun\u0119 g\u0142\u00f3wn\u0105 kosztuje 129 euro, za\u015b na galerie boczne od 55 do 29 euro.<\/p>\n<p><a href=\"\/wp-content\/uploads\/\/2010\/09\/kandahars.jpg\"><img loading=\"lazy\" decoding=\"async\" class=\"alignnone size-medium wp-image-346\" title=\"kandahars\" src=\"\/wp-content\/uploads\/\/2010\/09\/kandahars.jpg\" alt=\"\" width=\"259\" height=\"194\" \/><\/a>\u00a0<em>Jeden z trudnych fragment\u00f3w trasy zjazdu Kandahar<\/em><\/p>\n<p>Zawody odbywa\u0107 si\u0119 b\u0119d\u0105 pod has\u0142em \u201eJeste\u015bmy wielk\u0105 rodzin\u0105\u201d, a g\u0142\u00f3wnymi bohaterami kampanii promocyjnej s\u0105 cz\u0142onkowie niemieckiej kadry narodowej.<\/p>\n<p>\u00a0<\/p>\n","protected":false},"excerpt":{"rendered":"<p>Polscy fani narciarstwa alpejskiego b\u0119d\u0105 mie\u0107 w nadchodz\u0105cym sezonie niebywa\u0142\u0105 okazj\u0119: oto mistrzostwa \u015bwiata 2011 rozgrywane b\u0119d\u0105 ca\u0142kiem niedaleko, bo w Garmisch-Partenkirchen.\u00a0 A przecie\u017c miejscowo\u015b\u0107 ta le\u017cy niewiele ponad 750 km od przej\u015bcia granicznego w Zgorzelcu. Dojazd do Zgorzelca jest ju\u017c ca\u0142kiem niez\u0142y (w ka\u017cdym razie z Krakowa, Katowic, Opola czy Wroc\u0142awia jedzie si\u0119 tam [&hellip;]<\/p>\n","protected":false},"author":1,"featured_media":0,"comment_status":"open","ping_status":"open","sticky":false,"template":"","format":"standard","meta":{"footnotes":""},"categories":[1],"tags":[],"_links":{"self":[{"href":"https:\/\/blog.polityka.pl\/narty\/wp-json\/wp\/v2\/posts\/344"}],"collection":[{"href":"https:\/\/blog.polityka.pl\/narty\/wp-json\/wp\/v2\/posts"}],"about":[{"href":"https:\/\/blog.polityka.pl\/narty\/wp-json\/wp\/v2\/types\/post"}],"author":[{"embeddable":true,"href":"https:\/\/blog.polityka.pl\/narty\/wp-json\/wp\/v2\/users\/1"}],"replies":[{"embeddable":true,"href":"https:\/\/blog.polityka.pl\/narty\/wp-json\/wp\/v2\/comments?post=344"}],"version-history":[{"count":0,"href":"https:\/\/blog.polityka.pl\/narty\/wp-json\/wp\/v2\/posts\/344\/revisions"}],"wp:attachment":[{"href":"https:\/\/blog.polityka.pl\/narty\/wp-json\/wp\/v2\/media?parent=344"}],"wp:term":[{"taxonomy":"category","embeddable":true,"href":"https:\/\/blog.polityka.pl\/narty\/wp-json\/wp\/v2\/categories?post=344"},{"taxonomy":"post_tag","embeddable":true,"href":"https:\/\/blog.polityka.pl\/narty\/wp-json\/wp\/v2\/tags?post=344"}],"curies":[{"name":"wp","href":"https:\/\/api.w.org\/{rel}","templated":true}]}}