
{"id":348,"date":"2010-09-16T08:32:33","date_gmt":"2010-09-16T06:32:33","guid":{"rendered":"http:\/\/narty.blog.polityka.pl\/?p=348"},"modified":"2010-09-16T08:32:33","modified_gmt":"2010-09-16T06:32:33","slug":"szczyt-wspinaczy","status":"publish","type":"post","link":"https:\/\/blog.polityka.pl\/narty\/2010\/09\/16\/szczyt-wspinaczy\/","title":{"rendered":"Szczyt wspinaczy"},"content":{"rendered":"<p><a href=\"\/wp-content\/uploads\/\/2010\/09\/walking-tour-male.jpg\"><\/a><a href=\"\/wp-content\/uploads\/\/2010\/09\/logokcecqm4nwz.jpg\"><\/a><a href=\"\/wp-content\/uploads\/\/2010\/09\/logokcecqm4nwz1.jpg\"><\/a>Najlepsi himalai\u015bci i alpini\u015bci \u015bwiata zjad\u0105 na prze\u0142omie pa\u017adziernika i listopada do Brixen\/Bressanone w Po\u0142udniowym Tyrolu.<\/p>\n<p>W ramach Mi\u0119dzynarodowego Szczytu G\u00f3rskiego (International Mountain Summit IMS )b\u0119dzie mo\u017cna nie tylko pos\u0142ucha\u0107 opowie\u015bci Reinholda Messnera, Krzysztof Wielickiego czy Hansa Kammerlandera o legendarnych wyprawach, w kt\u00f3rych brali udzia\u0142, ale te\u017c\u2026 pochodzi\u0107 po g\u00f3rach w towarzystwie mistrz\u00f3w.<\/p>\n<p><img loading=\"lazy\" decoding=\"async\" class=\"alignnone size-medium wp-image-351\" title=\"logokcecqm4nwz1\" src=\"\/wp-content\/uploads\/\/2010\/09\/logokcecqm4nwz1.jpg\" alt=\"\" width=\"147\" height=\"166\" \/><\/p>\n<p>Has\u0142o spotkania brzmi: \u201eNear, nahe, vicino\u201d (czyli s\u0142owo \u201eblisko\u201d w j\u0119zykach angielskim, niemieckim i w\u0142oskim). Chodzi o podkre\u015blenie zwi\u0105zk\u00f3w \u0142\u0105cz\u0105cych cz\u0142owieka i przyrod\u0119.<\/p>\n<p>W ub. roku na IMS przyjecha\u0142o ponad 8500 go\u015bci. Reinhold Messner, himalaista (jako pierwszy zdoby\u0142 Koron\u0119 Himalaj\u00f3w, czyli wszystkie 14 o\u015bmiotysi\u0119cznik\u00f3w \u015bwiata), podr\u00f3\u017cnik oraz wielki propagator Po\u0142udniowego Tyrolu, chwali IMS jako \u201egruntown\u0105 i g\u0142\u0119bok\u0105 platform\u0119 wymiany refleksji\u201d na wszelkie tematy zwi\u0105zane ze wspinaczk\u0105.<\/p>\n<p>Obecna, II edycja Szczytu, sk\u0142ada\u0107 si\u0119 b\u0119dzie z:<br \/>\n\u2013 IMS Kongres, czyli dyskusje z publiczno\u015bci\u0105 o rozmaitych aspektach turystyki i sport\u00f3w g\u00f3rskich (m.in. o zdrowiu i bezpiecze\u0144stwie, rozwoju wspinaczki kobiecej, najnowocze\u015bniejszych technologiach u\u017cywanych w produkcji sprz\u0119tu i odzie\u017cy g\u00f3rskiej, organizacjach zajmuj\u0105cych si\u0119 sportami g\u00f3rskimi, kulturze g\u00f3r);<br \/>\n\u2013 IMS Talk \u2013 wyk\u0142ady, prezentacje i dyskusje, do kt\u00f3rych zaproszono m.in. Kurta Alberta, Nivesa Meroi, Stephena Venables, Denisa Urubko, Simona Moro, Krzysztofa Wielickiego i Steve\u2019a House\u2019a;<br \/>\n\u2013 IMS Film, czyli trzydniowy pokaz film\u00f3w o wielkich osi\u0105gni\u0119ciach alpinizmu i himalaizmu;\u00a0\u00a0<br \/>\n\u2013 IMS Walk \u2013 wyprawa po szlakach Dolomit\u00f3w w towarzystwie s\u0142aw wspinaczki (m.in. Messnera)<br \/>\n\u2013 IMS Boulder Festival \u2013 zawody we wspinaczce bez zabezpieczenia (do pokonania b\u0119dzie \u015bciana o wysoko\u015bci 25 metr\u00f3w).\u00a0\u00a0<\/p>\n<p><a href=\"\/wp-content\/uploads\/\/2010\/09\/walking-tour-male.jpg\"><img loading=\"lazy\" decoding=\"async\" class=\"alignnone size-medium wp-image-349\" title=\"walking-tour-male\" src=\"\/wp-content\/uploads\/\/2010\/09\/walking-tour-male.jpg\" alt=\"\" width=\"226\" height=\"150\" \/><\/a>\u00a0<em>Wycieczka po szlakach Dolomit\u00f3w z Reinhlodem Messnerem, IMS 2010<\/em><\/p>\n<p>Wszystko to mi\u0119dzy 30 pa\u017adziernika a 7 listopada (szczeg\u00f3\u0142owy program imprezy i rezerwacje na stronie <a href=\"http:\/\/www.ims.bz\" target=\"_blank\">IMS<\/a>.\u00a0<br \/>\n\u00a0<\/p>\n<p>\u00a0<\/p>\n","protected":false},"excerpt":{"rendered":"<p>Najlepsi himalai\u015bci i alpini\u015bci \u015bwiata zjad\u0105 na prze\u0142omie pa\u017adziernika i listopada do Brixen\/Bressanone w Po\u0142udniowym Tyrolu. W ramach Mi\u0119dzynarodowego Szczytu G\u00f3rskiego (International Mountain Summit IMS )b\u0119dzie mo\u017cna nie tylko pos\u0142ucha\u0107 opowie\u015bci Reinholda Messnera, Krzysztof Wielickiego czy Hansa Kammerlandera o legendarnych wyprawach, w kt\u00f3rych brali udzia\u0142, ale te\u017c\u2026 pochodzi\u0107 po g\u00f3rach w towarzystwie mistrz\u00f3w. Has\u0142o spotkania [&hellip;]<\/p>\n","protected":false},"author":1,"featured_media":0,"comment_status":"open","ping_status":"open","sticky":false,"template":"","format":"standard","meta":{"footnotes":""},"categories":[1],"tags":[],"_links":{"self":[{"href":"https:\/\/blog.polityka.pl\/narty\/wp-json\/wp\/v2\/posts\/348"}],"collection":[{"href":"https:\/\/blog.polityka.pl\/narty\/wp-json\/wp\/v2\/posts"}],"about":[{"href":"https:\/\/blog.polityka.pl\/narty\/wp-json\/wp\/v2\/types\/post"}],"author":[{"embeddable":true,"href":"https:\/\/blog.polityka.pl\/narty\/wp-json\/wp\/v2\/users\/1"}],"replies":[{"embeddable":true,"href":"https:\/\/blog.polityka.pl\/narty\/wp-json\/wp\/v2\/comments?post=348"}],"version-history":[{"count":0,"href":"https:\/\/blog.polityka.pl\/narty\/wp-json\/wp\/v2\/posts\/348\/revisions"}],"wp:attachment":[{"href":"https:\/\/blog.polityka.pl\/narty\/wp-json\/wp\/v2\/media?parent=348"}],"wp:term":[{"taxonomy":"category","embeddable":true,"href":"https:\/\/blog.polityka.pl\/narty\/wp-json\/wp\/v2\/categories?post=348"},{"taxonomy":"post_tag","embeddable":true,"href":"https:\/\/blog.polityka.pl\/narty\/wp-json\/wp\/v2\/tags?post=348"}],"curies":[{"name":"wp","href":"https:\/\/api.w.org\/{rel}","templated":true}]}}