
{"id":352,"date":"2010-09-20T11:21:51","date_gmt":"2010-09-20T09:21:51","guid":{"rendered":"http:\/\/narty.blog.polityka.pl\/?p=352"},"modified":"2010-09-20T11:21:51","modified_gmt":"2010-09-20T09:21:51","slug":"oktoberfest-dla-narciarzy","status":"publish","type":"post","link":"https:\/\/blog.polityka.pl\/narty\/2010\/09\/20\/oktoberfest-dla-narciarzy\/","title":{"rendered":"Oktoberfest dla narciarzy"},"content":{"rendered":"<p>Austriackie stacje zimowe kusz\u0105 go\u015bci w tym sezonie\u2026 festiwalami piwa urz\u0105dzanymi na wz\u00f3r s\u0142ynnego monachijskiego Oktoberfest, tyle \u017ce wysoko w g\u00f3rach.<\/p>\n<p>W\u00a0minion\u0105 sobot\u0119 w Monachium kolejny raz zacz\u0119\u0142y si\u0119 la\u0107 hektolitry piwa w ramach s\u0142ynnego Oktober-fest (aren\u0105 \u015bwi\u0119ta jest 10 gigantycznych namiot\u00f3w, z kt\u00f3rych ka\u017cdy mo\u017ce pomie\u015bci\u0107 od 8 do 10 tys. piwoszy, by nie liczy\u0107 ju\u017c kilkudziesi\u0119ciu nieco tylko mniejszych). A kiedy niedawno przeje\u017cd\u017ca\u0142em przez Niemcy i Austri\u0119 (w drodze do fabryki \u015bwietnych szwajcarskich nart Stoeckli, o czym b\u0119dzie jeszcze okazja napisa\u0107) niemal ka\u017cde miasteczko zaprasza\u0142o na sw\u00f3j lokalny Oktober-fest.<\/p>\n<p>Okazuje si\u0119 jednak, \u017ce piwne festiwale staj\u0105 si\u0119 tak\u017ce coraz popularniejszym narz\u0119dziem marketingowym tamtejszych stacji zimowych.<\/p>\n<p>I tak, ju\u017c 24 i 25 wrze\u015bnia na Gletscheroktoberfest zaprasza Hintertux. Jako \u017ce tamtejszy lodowiec jest jedynym miejscem w austriackich Alpach, gdzie na nartach b\u0105d\u017a snowboardzie mo\u017cna je\u017adzi\u0107 365 dni w roku, trudno m\u00f3wi\u0107 o klasycznym otwarciu sezonu. Lecz pr\u00f3cz zwyczajowo uroczy\u015bcie obchodzonego sp\u0119du byd\u0142a z g\u00f3rskich pastwisk do doliny, to w\u0142a\u015bnie \u015bwi\u0119to piwa mo\u017cna uzna\u0107 za znak ko\u0144ca lata i inauguracj\u0119 zimy. A w jej trakcie wszystkie tereny narciarskie tylnej cz\u0119\u015bci doliny Zillertal, \u0142\u0105cz\u0105 si\u0119 w \u201eSki- &amp; Gletscherwelt Zillertal 3000\u201c \u2013 zaliczany do najwi\u0119kszych teren\u00f3w narciarskich w Tyrolu, bo obejmuj\u0105cy 245 km przygotowanych tras.<\/p>\n<p>Z kolei Oktoberfest na lodowcu Stubai planowany jest 30 pa\u017adziernika. Tego dnia z okazji otwarcia sezonu (oraz dw\u00f3ch nowych restauracji przy stacji Eisgrat) z beczek ustawionych na wysoko\u015bci 2900 m n.p.m. pop\u0142ynie oryginalny \u201eWeisses Wies\u2019n\u201d. Ma to by\u0107 \u2013 jak chwal\u0105 si\u0119 gospodarze Stubai \u2013Festiwal Piwny odbywaj\u0105cy si\u0119 najwy\u017cej na \u015bwiecie.<\/p>\n<p>Do piwa opr\u00f3cz tradycyjnych da\u0144 kuchni tyrolskiej podawane b\u0119d\u0105 specjalno\u015bci bawarskie, czyli bia\u0142e kie\u0142baski i precle. B\u0119d\u0105 te\u017c oczywi\u015bcie pieczone prosiaki. Nawet muzyka b\u0119dzie typowa dla monachijskiego Oktoberfestu, zagra bowiem M\u00fcnchner Gaudiblos\u2019n. Bawarskie maj\u0105 by\u0107 nawet dekoracje\u2026 Nic dziwnego: go\u015bcie z Niemiec to wci\u0105\u017c kluczowy klient austriackich stacji zimowych (nie przez przypadek te\u017c informacje o imprezie podane s\u0105 na niemieckoj\u0119zycznej wersji strony internetowej lodowca \u2013 na angielskoj\u0119zycznej ju\u017c nie s\u0105 eksponowane). Pakiety pobytowe (nocleg, skipass itd.) mo\u017cna kupi\u0107 od 105 euro.<\/p>\n<p>Szcz\u0119\u015bliwie Stubai s\u0142ynie te\u017c z szerokich i doskonale przygotowanych tras\u2026<\/p>\n<p>Sk\u0105din\u0105d, od nadchodz\u0105cego sezonu Stubai oferuje jeszcze jedn\u0105 atrakcj\u0119 zwi\u0105zan\u0105 ze sto\u0142em: ot\u00f3\u017c na wysoko\u015bci 2900 m n.p.m. otwarta ma zosta\u0107\u2026 wytw\u00f3rnia makaronu. \u015awie\u017ce spaghetti, farfalle czy penne zje\u015b\u0107 b\u0119dzie mo\u017cna w g\u00f3rskich restauracjach. Bo w rankingu renomowanego przewodnika narciarskiego ADAC Stubai zdoby\u0142 tak\u017ce tytu\u0142 \u201enajbardziej przyjaznego dla rodzin terenem narciarskim w Alpach 2011\u201d. Naturalnie i fabryka pasty reklamowana jest jako po\u0142o\u017cona najwy\u017cej na \u015bwiecie.<\/p>\n","protected":false},"excerpt":{"rendered":"<p>Austriackie stacje zimowe kusz\u0105 go\u015bci w tym sezonie\u2026 festiwalami piwa urz\u0105dzanymi na wz\u00f3r s\u0142ynnego monachijskiego Oktoberfest, tyle \u017ce wysoko w g\u00f3rach. W\u00a0minion\u0105 sobot\u0119 w Monachium kolejny raz zacz\u0119\u0142y si\u0119 la\u0107 hektolitry piwa w ramach s\u0142ynnego Oktober-fest (aren\u0105 \u015bwi\u0119ta jest 10 gigantycznych namiot\u00f3w, z kt\u00f3rych ka\u017cdy mo\u017ce pomie\u015bci\u0107 od 8 do 10 tys. piwoszy, by nie [&hellip;]<\/p>\n","protected":false},"author":1,"featured_media":0,"comment_status":"open","ping_status":"open","sticky":false,"template":"","format":"standard","meta":{"footnotes":""},"categories":[1],"tags":[],"_links":{"self":[{"href":"https:\/\/blog.polityka.pl\/narty\/wp-json\/wp\/v2\/posts\/352"}],"collection":[{"href":"https:\/\/blog.polityka.pl\/narty\/wp-json\/wp\/v2\/posts"}],"about":[{"href":"https:\/\/blog.polityka.pl\/narty\/wp-json\/wp\/v2\/types\/post"}],"author":[{"embeddable":true,"href":"https:\/\/blog.polityka.pl\/narty\/wp-json\/wp\/v2\/users\/1"}],"replies":[{"embeddable":true,"href":"https:\/\/blog.polityka.pl\/narty\/wp-json\/wp\/v2\/comments?post=352"}],"version-history":[{"count":0,"href":"https:\/\/blog.polityka.pl\/narty\/wp-json\/wp\/v2\/posts\/352\/revisions"}],"wp:attachment":[{"href":"https:\/\/blog.polityka.pl\/narty\/wp-json\/wp\/v2\/media?parent=352"}],"wp:term":[{"taxonomy":"category","embeddable":true,"href":"https:\/\/blog.polityka.pl\/narty\/wp-json\/wp\/v2\/categories?post=352"},{"taxonomy":"post_tag","embeddable":true,"href":"https:\/\/blog.polityka.pl\/narty\/wp-json\/wp\/v2\/tags?post=352"}],"curies":[{"name":"wp","href":"https:\/\/api.w.org\/{rel}","templated":true}]}}