
{"id":353,"date":"2010-09-28T08:24:57","date_gmt":"2010-09-28T06:24:57","guid":{"rendered":"http:\/\/narty.blog.polityka.pl\/?p=353"},"modified":"2010-09-28T08:24:57","modified_gmt":"2010-09-28T06:24:57","slug":"figa-z-wiekszego-kasprowego","status":"publish","type":"post","link":"https:\/\/blog.polityka.pl\/narty\/2010\/09\/28\/figa-z-wiekszego-kasprowego\/","title":{"rendered":"Figa z (wi\u0119kszego) Kasprowego"},"content":{"rendered":"<p>Tatrza\u0144ski Park Narodowy zawiesi\u0142 plan udost\u0119pnienia narciarzom i snowboardzistom dodatkowych teren\u00f3w w okolicach Kasprowego Wierchu. Tym samym w nadchodz\u0105cym sezonie za zjazdy z Po\u015bredniego Goryczkowego i Beskidu nadal grozi\u0107 b\u0119d\u0105 mandaty.<\/p>\n<p>Przypomnijmy: idea pojawi\u0142a si\u0119\u00a0 na pocz\u0105tku minionego sezonu (i szczeg\u00f3\u0142owo j\u0105 tu opisywa\u0142em: <a href=\"http:\/\/narty.blog.polityka.pl\/?p=201\" target=\"_blank\">\u201eMo\u017ce wi\u0119kszy Kasprowy !\u201d<\/a>, 7 stycznia 2010 r., ,\u00a0<a href=\"http:\/\/narty.blog.polityka.pl\/?p=210\" target=\"_blank\">\u201eWci\u0105\u017c czekamy na Kasprowy\u201d<\/a>, 13 stycznia,\u00a02010 r., <a href=\"http:\/\/narty.blog.polityka.pl\/?p=215\" target=\"_blank\">\u201eNarciarze do konsultacji\u201d<\/a> 22 stycznia 2010 r.).<\/p>\n<p>TPN proponowa\u0142 stworzenie w rejonie Kasprowego Wierchu dw\u00f3ch osobnych obszar\u00f3w. Tzw. Strefa Pierwsza obj\u0119\u0142aby \u201etereny przygotowane maszynowo\u201d (w praktyce by\u0142yby to dotychczasowe ratrakowane nartostrady w Kot\u0142ach Goryczkowym i G\u0105sienicowym). Stref\u0119 Drug\u0105 (o powierzchni niespe\u0142na 27 ha) stanowi\u0107 mia\u0142y strome stoki Beskidu (w kierunku dolnej stacji wyci\u0105gu w Kotle G\u0105sienicowym) oraz Po\u015bredniego Goryczkowego (w kierunku trasy w Kotle Goryczkowym). Przeznaczona by\u0142aby dla mi\u0142o\u015bnik\u00f3w freeride\u2019u, czyli jazdy w puchu \u2013 nie by\u0142aby wi\u0119c ratrakowana, a tylko specjalnie oznaczona. Oczywi\u015bcie nie mia\u0142a tam by\u0107 r\u00f3wnie\u017c budowana \u017cadna infrastruktura (ani wyci\u0105gi, ani armatki na\u015bnie\u017caj\u0105ce). Przedstawiciele Parku zastrzegali, \u017ce je\u015bli Druga Strefa zostanie wyznaczona, to jej granice b\u0119d\u0105 nieprzekraczalne \u2013 a nierespektowanie ogranicze\u0144 karane b\u0119dzie, jak dot\u0105d, mandatami. Wi\u0119cej: je\u015bli naruszanie restrykcji stanie si\u0119 plag\u0105, Park mia\u0142 zgod\u0119 na jazd\u0119 poza trasami w tym rejonie cofn\u0105\u0107.<\/p>\n<p>W styczniu b.r. Park przedstawi\u0142 \u201eAnaliz\u0119 oddzia\u0142ywania na obszar Natura 2000 udost\u0119pnienia narciarskiego rejonu Kasprowego Wierchu\u201d. Dowodzi\u0142 w niej, \u017ce poszerzenie strefy przeznaczonej dla narciarstwa pozatrasowego \u201ea) nie b\u0119dzie pogorsza\u0107 stanu siedlisk przyrodniczych, siedlisk gatunk\u00f3w ro\u015blin i zwierz\u0105t, dla kt\u00f3rych ochrony wyznaczono obszar Natura 2000, b) nie b\u0119dzie wp\u0142ywa\u0107 negatywnie na gatunki, dla kt\u00f3rych ochrony zosta\u0142 wyznaczony obszar Natura 2000, c) nie b\u0119dzie pogarsza\u0107 integralno\u015bci obszaru Natura 2000 lub jego powi\u0105zania z innymi obszarami\u201d.<\/p>\n<p>Dokument momentalnie oprotestowali ekolodzy. W ich \u015blad posz\u0142a Rada Naukowa TPN, kt\u00f3ra domaga si\u0119 dodatkowych ekspertyz.<\/p>\n<p>Jednak, jak informuje Bart\u0142omiej Kura\u015b, zakopia\u0144ski korespondent \u201eGazety w Krakowie\u201d, Dyrekcja TPN w tym roku nie przedstawi kolejnej oceny oddzia\u0142ywania takiego przedsi\u0119wzi\u0119cia na tzw. europejski obszar ochronny Natura 2000, za kt\u00f3ry uznawane s\u0105 tak\u017ce okolice Kasprowego. A to oznacza, \u017ce pomys\u0142 na razie nie mo\u017ce zosta\u0107 wdro\u017cony.\u00a0<\/p>\n<p>Ekolodzy wci\u0105\u017c powtarzaj\u0105, \u017ce by\u0142by on pierwszym krokiem do budowy wok\u00f3\u0142 Kasprowego \u201edu\u017cego o\u015brodka sport\u00f3w zimowych, o co zabiega lobby narciarskie\u201d. Gro\u017c\u0105, \u017ce gdyby decyzja o poszerzeniu obszar\u00f3w dost\u0119pnych dla narciarzy zosta\u0142a jednak podj\u0119ta, z\u0142o\u017c\u0105 w Komisji Europejskiej wniosek o ukaranie Polski.<\/p>\n<p>Dyrektor TPN Pawe\u0142 Skawi\u0144ski zapowiada , \u017ce trasy, po kt\u00f3rych mo\u017cna b\u0119dzie zje\u017cd\u017ca\u0107 z Kasprowego (czyli de facto dotychczas funkcjonuj\u0105ce nartostrady w Kot\u0142ach Goryczkowym i G\u0105sienicowym) zostan\u0105 precyzyjnie oznakowane. Przygotowywana jest te\u017c specjalna kampania informacyjna. R\u00f3wnocze\u015bnie nie jest w stanie powiedzie\u0107, czy w nast\u0119pnych latach Park w og\u00f3le wr\u00f3ci do swojego pomys\u0142u.<\/p>\n<p>\u00a0<\/p>\n","protected":false},"excerpt":{"rendered":"<p>Tatrza\u0144ski Park Narodowy zawiesi\u0142 plan udost\u0119pnienia narciarzom i snowboardzistom dodatkowych teren\u00f3w w okolicach Kasprowego Wierchu. Tym samym w nadchodz\u0105cym sezonie za zjazdy z Po\u015bredniego Goryczkowego i Beskidu nadal grozi\u0107 b\u0119d\u0105 mandaty. Przypomnijmy: idea pojawi\u0142a si\u0119\u00a0 na pocz\u0105tku minionego sezonu (i szczeg\u00f3\u0142owo j\u0105 tu opisywa\u0142em: \u201eMo\u017ce wi\u0119kszy Kasprowy !\u201d, 7 stycznia 2010 r., ,\u00a0\u201eWci\u0105\u017c czekamy na [&hellip;]<\/p>\n","protected":false},"author":1,"featured_media":0,"comment_status":"open","ping_status":"open","sticky":false,"template":"","format":"standard","meta":{"footnotes":""},"categories":[1],"tags":[],"_links":{"self":[{"href":"https:\/\/blog.polityka.pl\/narty\/wp-json\/wp\/v2\/posts\/353"}],"collection":[{"href":"https:\/\/blog.polityka.pl\/narty\/wp-json\/wp\/v2\/posts"}],"about":[{"href":"https:\/\/blog.polityka.pl\/narty\/wp-json\/wp\/v2\/types\/post"}],"author":[{"embeddable":true,"href":"https:\/\/blog.polityka.pl\/narty\/wp-json\/wp\/v2\/users\/1"}],"replies":[{"embeddable":true,"href":"https:\/\/blog.polityka.pl\/narty\/wp-json\/wp\/v2\/comments?post=353"}],"version-history":[{"count":0,"href":"https:\/\/blog.polityka.pl\/narty\/wp-json\/wp\/v2\/posts\/353\/revisions"}],"wp:attachment":[{"href":"https:\/\/blog.polityka.pl\/narty\/wp-json\/wp\/v2\/media?parent=353"}],"wp:term":[{"taxonomy":"category","embeddable":true,"href":"https:\/\/blog.polityka.pl\/narty\/wp-json\/wp\/v2\/categories?post=353"},{"taxonomy":"post_tag","embeddable":true,"href":"https:\/\/blog.polityka.pl\/narty\/wp-json\/wp\/v2\/tags?post=353"}],"curies":[{"name":"wp","href":"https:\/\/api.w.org\/{rel}","templated":true}]}}