
{"id":354,"date":"2010-10-01T07:44:50","date_gmt":"2010-10-01T05:44:50","guid":{"rendered":"http:\/\/narty.blog.polityka.pl\/?p=354"},"modified":"2010-10-01T07:56:53","modified_gmt":"2010-10-01T05:56:53","slug":"%e2%80%9ezakopane-city-of-fashion%e2%80%9d","status":"publish","type":"post","link":"https:\/\/blog.polityka.pl\/narty\/2010\/10\/01\/%e2%80%9ezakopane-city-of-fashion%e2%80%9d\/","title":{"rendered":"\u201eZakopane city of fashion\u201d"},"content":{"rendered":"<p><a href=\"\/wp-content\/uploads\/\/2010\/10\/zakopanmages2.jpg\"><\/a>\u2013 niewykluczone, \u017ce pod takim has\u0142em promowana b\u0119dzie wkr\u00f3tce zimowa stolica Polski.<\/p>\n<p>Propozycj\u0119 strategii marketingowej opartej na organizowaniu pod Giewontem pokaz\u00f3w mody \u015bwiatowej s\u0142awy kreator\u00f3w przedstawi\u0142a w\u0142adzom Zakopanego oraz Tatrza\u0144skiej Izbie Gospodarczej (TIG) jedna z agencji konsultingowych.<\/p>\n<p>Jej szefowie wyja\u015bniali, \u017ce chc\u0105, aby w Zakopanem (\u201epodobnie jak w Mediolanie, Pary\u017cu czy Londynie\u201d) s\u0142awni projektanci (\u201ejak Gucci, Armani czy Stella McCartney\u201d) przedstawiali \u2013 i to dwa razy w roku \u2013 swoje kolekcje \u201eobowi\u0105zuj\u0105ce na nast\u0119pny sezon\u201d.<\/p>\n<p>Pr\u00f3cz projektant\u00f3w pod Giewont byliby zapraszani tak\u017ce producenci tej bran\u017cy, dziennikarze specjalizuj\u0105cy si\u0119 w temacie oraz, oczywi\u015bcie, modelki. \u201eW\u00f3wczas na Zakopane zwr\u00f3cimy uwag\u0119 potencjalnych zamo\u017cnych turyst\u00f3w ze \u015bwiata. Chcemy przyci\u0105gn\u0105\u0107 klient\u00f3w, kt\u00f3rzy oczekuj\u0105 nie tylko atrakcji przyrodniczych, sportowych, ale r\u00f3wnie\u017c maj\u0105 wysokie wymagania co do zakwaterowania, wy\u017cywienia i rozrywki\u201d \u2013 przekonuj\u0105 autorzy pomys\u0142u.<\/p>\n<p>I dodaj\u0105, \u017ce pojawi si\u0119 w\u00f3wczas szansa, by Zakopane znalaz\u0142o na nieformalnej li\u015bcie presti\u017cowych europejskich kurort\u00f3w \u2013 dodaj\u0105. Ich zdaniem, sezon turystyczny w Zakopanem powinien trwa\u0107 ca\u0142y rok,\u00a0 bo jest tu rozbudowana baza hotelowa \u2013 trzeba jedynie zorganizowa\u0107 wielkie wydarzenia, kt\u00f3re przyci\u0105gn\u0105 tu go\u015bci z ca\u0142ego \u015bwiata. Opr\u00f3cz pokaz\u00f3w mody, sugeruj\u0105 organizowanie eko-targ\u00f3w, prezentacji bi\u017cuterii i wydarze\u0144 kulturalnych m.in. Festiwalu Film\u00f3w i koncert\u00f3w muzyki klasycznej.<\/p>\n<p><a href=\"\/wp-content\/uploads\/\/2010\/10\/zakopanmages2.jpg\"><img loading=\"lazy\" decoding=\"async\" class=\"alignnone size-medium wp-image-357\" title=\"zakopanmages2\" src=\"\/wp-content\/uploads\/\/2010\/10\/zakopanmages2.jpg\" alt=\"\" width=\"223\" height=\"167\" \/><\/a><\/p>\n<p>Pomys\u0142 na now\u0105 strategi\u0119 promocji spodoba\u0142 si\u0119 (jak informuje Onet.pl) prezes TIG p. Agacie Wojtowicz. \u201eModa to co\u015b, co mija i powraca, dlatego Zakopane w tych ods\u0142onach mog\u0142oby by\u0107 co roku zupe\u0142nie inne\u201d \u2013 stwierdzi\u0142a.<\/p>\n<p>Z kolei burmistrz Zakopanego Janusz Majcher zapowiedzia\u0142, \u017ce rych\u0142o do dyskusji przedstawione zostan\u0105 kolejne pomys\u0142y na promocj\u0119 miasta. Jedn\u0105 spo\u015br\u00f3d nich TIG zarekomenduje radnym do zatwierdzenia. Z danych Urz\u0119du Miasta wynika, \u017ce od kilku lat do Zakopanego przyje\u017cd\u017caj\u0105 tury\u015bci o mniej zasobnych portfelach, co ma mie\u0107 wp\u0142yw m.in. na rozw\u00f3j gospodarczy gminy i jako\u015b\u0107 oferowanych us\u0142ug. Przyj\u0119cie strategii rozwoju miasta ma zmieni\u0107 t\u0119 tendencj\u0119.<\/p>\n<p>S\u0142owo komentarza: ju\u017c dzi\u015b do Zakopanego przyje\u017cd\u017ca si\u0119 zwykle albo \u201eby si\u0119 pokaza\u0107\u201d, albo z sentymentu. Kiedy minionej zimy pojecha\u0142em po paru latach przerwy zim\u0105 na Podhale, by\u0142em \u2013 pomimo silnego sentymentu, a mo\u017ce w\u0142a\u015bnie z tego powodu \u2013 przera\u017cony: jak mo\u017cna tak szybko zrujnowa\u0107 krajobraz, architektur\u0119 i atmosfer\u0119.<\/p>\n<p>Do tego dochodzi wci\u0105\u017c trudny dojazd, absurdalnie wysokie \u2013 w stosunku do oferowanej jako\u015bci us\u0142ug \u2013 cenach czy grodzenie stok\u00f3w\u2026 przy wyci\u0105gach i kolejkach (por. dyskusj\u0119 pod wpisem <a href=\"http:\/\/narty.blog.polityka.pl\/?p=353\" target=\"_blank\">\u201eFiga z (wi\u0119kszego) Kasprowego\u201d<\/a>, 29 wrze\u015bnia 2010 r.).<\/p>\n<p>Na to nie pomo\u017ce Gucci, Armani a nawet najpi\u0119kniejsze modelki. Ludzie b\u0119d\u0105 je\u017adzi\u0107 w Alpy &#8211; na narty, a nawet\u00a0na i pokazy mody.<\/p>\n","protected":false},"excerpt":{"rendered":"<p>\u2013 niewykluczone, \u017ce pod takim has\u0142em promowana b\u0119dzie wkr\u00f3tce zimowa stolica Polski. Propozycj\u0119 strategii marketingowej opartej na organizowaniu pod Giewontem pokaz\u00f3w mody \u015bwiatowej s\u0142awy kreator\u00f3w przedstawi\u0142a w\u0142adzom Zakopanego oraz Tatrza\u0144skiej Izbie Gospodarczej (TIG) jedna z agencji konsultingowych. Jej szefowie wyja\u015bniali, \u017ce chc\u0105, aby w Zakopanem (\u201epodobnie jak w Mediolanie, Pary\u017cu czy Londynie\u201d) s\u0142awni projektanci (\u201ejak [&hellip;]<\/p>\n","protected":false},"author":1,"featured_media":0,"comment_status":"open","ping_status":"open","sticky":false,"template":"","format":"standard","meta":{"footnotes":""},"categories":[1],"tags":[],"_links":{"self":[{"href":"https:\/\/blog.polityka.pl\/narty\/wp-json\/wp\/v2\/posts\/354"}],"collection":[{"href":"https:\/\/blog.polityka.pl\/narty\/wp-json\/wp\/v2\/posts"}],"about":[{"href":"https:\/\/blog.polityka.pl\/narty\/wp-json\/wp\/v2\/types\/post"}],"author":[{"embeddable":true,"href":"https:\/\/blog.polityka.pl\/narty\/wp-json\/wp\/v2\/users\/1"}],"replies":[{"embeddable":true,"href":"https:\/\/blog.polityka.pl\/narty\/wp-json\/wp\/v2\/comments?post=354"}],"version-history":[{"count":0,"href":"https:\/\/blog.polityka.pl\/narty\/wp-json\/wp\/v2\/posts\/354\/revisions"}],"wp:attachment":[{"href":"https:\/\/blog.polityka.pl\/narty\/wp-json\/wp\/v2\/media?parent=354"}],"wp:term":[{"taxonomy":"category","embeddable":true,"href":"https:\/\/blog.polityka.pl\/narty\/wp-json\/wp\/v2\/categories?post=354"},{"taxonomy":"post_tag","embeddable":true,"href":"https:\/\/blog.polityka.pl\/narty\/wp-json\/wp\/v2\/tags?post=354"}],"curies":[{"name":"wp","href":"https:\/\/api.w.org\/{rel}","templated":true}]}}