
{"id":358,"date":"2010-10-02T17:56:12","date_gmt":"2010-10-02T15:56:12","guid":{"rendered":"http:\/\/narty.blog.polityka.pl\/?p=358"},"modified":"2010-10-01T14:57:01","modified_gmt":"2010-10-01T12:57:01","slug":"rok-bez-marka-edelmana","status":"publish","type":"post","link":"https:\/\/blog.polityka.pl\/narty\/2010\/10\/02\/rok-bez-marka-edelmana\/","title":{"rendered":"Rok bez Marka Edelmana"},"content":{"rendered":"<p><a href=\"\/wp-content\/uploads\/\/2010\/10\/edelman119-300x227.jpg\"><\/a>2 pa\u017adziernika 2009 r. zmar\u0142 Marek Edelman. Kiedy dosta\u0142em wiadomo\u015b\u0107, \u017ce Doktor nie \u017cyje, napisa\u0142em tu o Nim:<\/p>\n<p>\u201eCz\u0142owiek, kt\u00f3ry chcia\u0142, \u017ceby ludzie przynajmniej pr\u00f3bowali wchodzi\u0107 na swoje szczyty: godno\u015bci, uczciwo\u015bci, dobroci, przyja\u017ani, odwagi. I przez ca\u0142e swoje \u017cycie im w tym pomaga\u0142. Najpierw w getcie, potem jako lekarz i obro\u0144ca s\u0142abszych, kimkolwiek by byli. Nigdy si\u0119 nie poddawa\u0142.<\/p>\n<p>Nie lubi\u0142 wielkich s\u0142\u00f3w. R\u00f3b, bo tak trzeba &#8211; mawia\u0142.<\/p>\n<p>Dla mnie by\u0142 najwa\u017cniejszym z Wielkich\u201d.<\/p>\n<p><a href=\"\/wp-content\/uploads\/\/2010\/10\/edelman119-300x227.jpg\"><img loading=\"lazy\" decoding=\"async\" class=\"alignnone size-medium wp-image-359\" title=\"edelman119-300x227\" src=\"\/wp-content\/uploads\/\/2010\/10\/edelman119-300x227.jpg\" alt=\"\" width=\"300\" height=\"227\" \/><\/a>\u00a0<em>Marek Edelman <\/em>(fot, Piotr Uss W\u0105sowicz)<\/p>\n<p>Dzi\u015b potwornie Go brakuje. Swoje r\u00f3\u017cne szczyty musimy zdobywa\u0107 sami. Pami\u0119taj\u0105c, \u017ce on by sobie tego \u017cyczy\u0142. Na szcz\u0119\u015bcie wci\u0105\u017c, kiedy trzeba podj\u0105\u0107 trudne decyzje, mo\u017cemy zastanowi\u0107 si\u0119, co On by pomy\u015bla\u0142 i wybra\u0142, jak by si\u0119 zachowa\u0142. Ju\u017c cho\u0107by przez to szczyty zdobywa\u0107 \u0142atwiej.<\/p>\n<p>\u00a0<\/p>\n","protected":false},"excerpt":{"rendered":"<p>2 pa\u017adziernika 2009 r. zmar\u0142 Marek Edelman. Kiedy dosta\u0142em wiadomo\u015b\u0107, \u017ce Doktor nie \u017cyje, napisa\u0142em tu o Nim: \u201eCz\u0142owiek, kt\u00f3ry chcia\u0142, \u017ceby ludzie przynajmniej pr\u00f3bowali wchodzi\u0107 na swoje szczyty: godno\u015bci, uczciwo\u015bci, dobroci, przyja\u017ani, odwagi. I przez ca\u0142e swoje \u017cycie im w tym pomaga\u0142. Najpierw w getcie, potem jako lekarz i obro\u0144ca s\u0142abszych, kimkolwiek by byli. [&hellip;]<\/p>\n","protected":false},"author":1,"featured_media":0,"comment_status":"open","ping_status":"open","sticky":false,"template":"","format":"standard","meta":{"footnotes":""},"categories":[1],"tags":[],"_links":{"self":[{"href":"https:\/\/blog.polityka.pl\/narty\/wp-json\/wp\/v2\/posts\/358"}],"collection":[{"href":"https:\/\/blog.polityka.pl\/narty\/wp-json\/wp\/v2\/posts"}],"about":[{"href":"https:\/\/blog.polityka.pl\/narty\/wp-json\/wp\/v2\/types\/post"}],"author":[{"embeddable":true,"href":"https:\/\/blog.polityka.pl\/narty\/wp-json\/wp\/v2\/users\/1"}],"replies":[{"embeddable":true,"href":"https:\/\/blog.polityka.pl\/narty\/wp-json\/wp\/v2\/comments?post=358"}],"version-history":[{"count":0,"href":"https:\/\/blog.polityka.pl\/narty\/wp-json\/wp\/v2\/posts\/358\/revisions"}],"wp:attachment":[{"href":"https:\/\/blog.polityka.pl\/narty\/wp-json\/wp\/v2\/media?parent=358"}],"wp:term":[{"taxonomy":"category","embeddable":true,"href":"https:\/\/blog.polityka.pl\/narty\/wp-json\/wp\/v2\/categories?post=358"},{"taxonomy":"post_tag","embeddable":true,"href":"https:\/\/blog.polityka.pl\/narty\/wp-json\/wp\/v2\/tags?post=358"}],"curies":[{"name":"wp","href":"https:\/\/api.w.org\/{rel}","templated":true}]}}