
{"id":360,"date":"2010-10-04T06:03:32","date_gmt":"2010-10-04T04:03:32","guid":{"rendered":"http:\/\/narty.blog.polityka.pl\/?p=360"},"modified":"2010-10-05T16:11:09","modified_gmt":"2010-10-05T14:11:09","slug":"austria-mysli-o-sezonie-iii-%e2%80%93-stubai","status":"publish","type":"post","link":"https:\/\/blog.polityka.pl\/narty\/2010\/10\/04\/austria-mysli-o-sezonie-iii-%e2%80%93-stubai\/","title":{"rendered":"Austria my\u015bli o sezonie (III) \u2013 Stubai"},"content":{"rendered":"<p><a href=\"\/wp-content\/uploads\/\/2010\/10\/3157_4_ski-camp_areal_ebh_198.jpg\"><\/a><a href=\"\/wp-content\/uploads\/\/2010\/10\/3153_4_stubaizoo_bild_sb.jpg\"><\/a>Najwa\u017cniejsza nowo\u015b\u0107\u00a0na tyrolskim lodowcu Stubai to mo\u017cliwo\u015b\u0107 szczycenia si\u0119 laurem \u201enajbardziej przyjaznego dla rodzin terenu narciarskiego w Alpach 2010\u201d w corocznym rankingu renomowanego przewodnika narciarskiego ADAC. A przetestowano a\u017c 1500 stacji!<\/p>\n<p>Nic dziwnego: jak zapewniaj\u0105 gospodarze (sam tam jeszcze nie je\u017adzi\u0142em) na po\u0142o\u017conym ledwie trzy kwadranse jazdy samochodem od Innsbrucku Stubaier Gletscher\u00a0w\u015br\u00f3d 110 km tras (to najwi\u0119kszy dost\u0119pny rekreacyjnie obszar lodowcowy w austriackich Alpach) wiele jest \u0142atwych i szerokich \u2013 a zatem idealnych dla rodzic\u00f3w z dzie\u0107mi.<\/p>\n<p>Karnety dla doros\u0142ych maj\u0105 umiarkowane ceny: z tzw. kart\u0105 go\u015bcia nawet w tzw. wysokim sezonie 6 dni jazdy na Stubai Gletscher kosztuje 184,5 euro 9 (za\u015b mi\u0119dzy 9 a 29 stycznia 2011 ju\u017c za 166 euro). Co najwa\u017cniejsze: dzieci poni\u017cej lat 10 w towarzystwie jednego z rodzic\u00f3w je\u017cd\u017c\u0105 ca\u0142y czas za darmo. Z kolei karnet dla nastolatk\u00f3w do 14 roku \u017cycia kosztuje ok. 90 euro.<\/p>\n<p><a href=\"\/wp-content\/uploads\/\/2010\/10\/3157_4_ski-camp_areal_ebh_198.jpg\"><img loading=\"lazy\" decoding=\"async\" class=\"alignnone size-medium wp-image-361\" title=\"3157_4_ski-camp_areal_ebh_198\" src=\"\/wp-content\/uploads\/\/2010\/10\/3157_4_ski-camp_areal_ebh_198.jpg\" alt=\"\" width=\"160\" height=\"107\" \/><\/a>\u00a0<em>Big Family Ski-Camp (fot. Stubaier Gletscher)<\/em><\/p>\n<p>Specjalnie dla dzieci ucz\u0105cych si\u0119 nart i snowboardu stworzono \u201eBIG Family Ski-Camp\u201d. W nadchodz\u0105cym sezonie otwarty tam ma by\u0107 tor snowboardowy dla najm\u0142odszych Big Family Boardercross (przy wyci\u0105gu Murmelebahn). Bardziej zaawansowani snowboardzi\u015bci i mi\u0142o\u015bnicy freeskiingu w \u2013 r\u00f3wnie\u017c zmodernizowanym \u2013 Moreboards Stubai Zoo b\u0119d\u0105 mogli \u0107wiczy\u0107 skoki przez por\u0119cze, boxy lub potr\u00f3jn\u0105 kickerline (czyli ci\u0105gu skoczni).<\/p>\n<p><a href=\"\/wp-content\/uploads\/\/2010\/10\/3153_4_stubaizoo_bild_sb.jpg\"><img loading=\"lazy\" decoding=\"async\" class=\"alignnone size-medium wp-image-362\" title=\"3153_4_stubaizoo_bild_sb\" src=\"\/wp-content\/uploads\/\/2010\/10\/3153_4_stubaizoo_bild_sb.jpg\" alt=\"\" width=\"160\" height=\"107\" \/><\/a>\u00a0Moreboards <em>Stubai Zoo &#8211; jeszcze przed modernizacj\u0105 (fot. Stubaier Gletscher)<\/em><\/p>\n<p>Pr\u00f3cz anonsowanego ju\u017c tu \u201eSKI-Oktoberfest\u201c (<a href=\"http:\/\/narty.blog.polityka.pl\/?p=352\" target=\"_blank\">\u201eOktoberfest dla narciarzy\u201d<\/a>, 20 stycznia 2010 r.) \u2013 czyli wzorowanym na monachijskim Oktoberfest, lecz zorganizowanego najwy\u017cej na \u015bwiecie, bo na wysoko\u015bci 2900 metr\u00f3w festiwalu piwa \u2013 imprez\u0105 rozpoczynaj\u0105c\u0105 sezon zimowy ma by\u0107 w\u0142a\u015bnie otwarcie (w weekend 22-24 pa\u017adziernika) snowparku Moreboards Stubai Zoo z chilloutowymi sesjami muzycznymi, BBQ i koncertami na \u017cywo.<\/p>\n<p>Z kolei mi\u0119dzy 4 a 7 listopada na Stubai odby\u0107 si\u0119 ma \u201eSportScheck Gletscher Testival\u201c, czyli wielki przegl\u0105d nowo\u015bci sprz\u0119tu sportowego i odzie\u017cy na zim\u0119 2010\/2011 \u2013 przedstawiciele czo\u0142owych firm zapowiadaj\u0105 pokazanie\u2026 3500 produkt\u00f3w! Za\u015b\u00a0od 19 do 21 listopada pod has\u0142em \u201eUwolni\u0107 pi\u0119ty!\u201d trwa\u0107 ma 10 ju\u017c \u201eStubaier Telemark Festival\u201d \u2013 pokazy i kursy tej techniki, testy sprz\u0119tu itd.<\/p>\n<p>I wreszcie, jak ju\u017c pisa\u0142em, w zmodernizowanej (kosztem 10 mln euro) g\u00f3rnej stacji kolejki Eisgrat ((2900 m n.p.m.) otwarta zostanie ekskluzywna restauracja \u201eSchaufelspitz\u201d oraz samoobs\u0142ugowy bar \u201eEisgrat\u201d. \u0141\u0105cznie mog\u0105 pomie\u015bci\u0107 ponad 500 go\u015bci. A w \u015bwie\u017cy makaron zaopatrywa\u0107 ich b\u0119dzie uruchomiona nieopodal (na tej samej wysoko\u015bci!) wytw\u00f3rnia robionych r\u0119cznie wedle receptur w\u0142oskich past i klusek\u2026. Czego\u017c to ludzie\/stacje nie wymy\u015bl\u0105\u2026<\/p>\n<p>P.S.\u00a0Narciarskie i snowboardowe wyprawy do doliny Stubai organizuje tak\u017ce biuro podr\u00f3\u017cy <a href=\"http:\/\/www.otium.pl\" target=\"_blank\">Alpytravel.pl\/Otium<\/a>,\u00a0partner tego bloga na sezon 2010\/2011. Od lat specjalizuje si\u0119 ono w\u00a0wyjazdach do w\u0142oskich stacji zimowych (m.in. w Dolomitach, Po\u0142udniowym Tyrolu, Alpach Retyckich), lecz w swojej ofercie ma te\u017c Alpy austriackie, szwajcarskie, francuskie oraz bawarskie. Proponuje te\u017c wycieczki na narty w g\u00f3ry Finlandii, Chile i Argentyny!<\/p>\n","protected":false},"excerpt":{"rendered":"<p>Najwa\u017cniejsza nowo\u015b\u0107\u00a0na tyrolskim lodowcu Stubai to mo\u017cliwo\u015b\u0107 szczycenia si\u0119 laurem \u201enajbardziej przyjaznego dla rodzin terenu narciarskiego w Alpach 2010\u201d w corocznym rankingu renomowanego przewodnika narciarskiego ADAC. A przetestowano a\u017c 1500 stacji! Nic dziwnego: jak zapewniaj\u0105 gospodarze (sam tam jeszcze nie je\u017adzi\u0142em) na po\u0142o\u017conym ledwie trzy kwadranse jazdy samochodem od Innsbrucku Stubaier Gletscher\u00a0w\u015br\u00f3d 110 km tras [&hellip;]<\/p>\n","protected":false},"author":1,"featured_media":0,"comment_status":"open","ping_status":"open","sticky":false,"template":"","format":"standard","meta":{"footnotes":""},"categories":[1],"tags":[],"_links":{"self":[{"href":"https:\/\/blog.polityka.pl\/narty\/wp-json\/wp\/v2\/posts\/360"}],"collection":[{"href":"https:\/\/blog.polityka.pl\/narty\/wp-json\/wp\/v2\/posts"}],"about":[{"href":"https:\/\/blog.polityka.pl\/narty\/wp-json\/wp\/v2\/types\/post"}],"author":[{"embeddable":true,"href":"https:\/\/blog.polityka.pl\/narty\/wp-json\/wp\/v2\/users\/1"}],"replies":[{"embeddable":true,"href":"https:\/\/blog.polityka.pl\/narty\/wp-json\/wp\/v2\/comments?post=360"}],"version-history":[{"count":0,"href":"https:\/\/blog.polityka.pl\/narty\/wp-json\/wp\/v2\/posts\/360\/revisions"}],"wp:attachment":[{"href":"https:\/\/blog.polityka.pl\/narty\/wp-json\/wp\/v2\/media?parent=360"}],"wp:term":[{"taxonomy":"category","embeddable":true,"href":"https:\/\/blog.polityka.pl\/narty\/wp-json\/wp\/v2\/categories?post=360"},{"taxonomy":"post_tag","embeddable":true,"href":"https:\/\/blog.polityka.pl\/narty\/wp-json\/wp\/v2\/tags?post=360"}],"curies":[{"name":"wp","href":"https:\/\/api.w.org\/{rel}","templated":true}]}}