
{"id":363,"date":"2010-10-06T06:17:28","date_gmt":"2010-10-06T04:17:28","guid":{"rendered":"http:\/\/narty.blog.polityka.pl\/?p=363"},"modified":"2010-10-06T08:46:48","modified_gmt":"2010-10-06T06:46:48","slug":"na-narty-z-kanapka-swieza","status":"publish","type":"post","link":"https:\/\/blog.polityka.pl\/narty\/2010\/10\/06\/na-narty-z-kanapka-swieza\/","title":{"rendered":"Na narty ze \u015bwie\u017c\u0105 kanapk\u0105"},"content":{"rendered":"<p>Kto w tym sezonie wybierze si\u0119 na narty do Szwajcarii samolotem linii SWISS, b\u0119dzie m\u00f3g\u0142 ju\u017c na pok\u0142adzie skosztowa\u0107 tradycyjnych tamtejszych kanapek. Czy to jask\u00f3\u0142ka wieszcz\u0105ca \u017ce bran\u017ca turystyczna\u00a0znowu zacznie stawia\u0107 na jako\u015b\u0107?<\/p>\n<p>Szwajcarski przewo\u017anik postanowi\u0142 podnie\u015b\u0107 poziom podr\u00f3\u017cy tak\u017ce w klasie ekonomicznej. Od 1 pa\u017adziernika na trasach europejskich pasa\u017cerowie cz\u0119stowani s\u0105 \u015bwie\u017co zrobionymi kanapkami. Bu\u0142ki wypieka si\u0119 w nocy w tradycyjnej szwajcarskiej piekarni, a nast\u0119pnie, wype\u0142nione \u015bwie\u017cym \u2013 i oczywi\u015bcie r\u00f3wnie\u017c szwajcarskimi serami b\u0105d\u017a w\u0119dlinami \u2013 natychmiast przewozi do samolot\u00f3w. Do wyboru na dodatek maj\u0105 by\u0107 r\u00f3\u017cne gatunki pieczywa (m.in. orzechowe i ciabatta).<\/p>\n<p>Drobiazg, a cieszy. I to nie tylko tych, kt\u00f3rych sta\u0107 na samolotow\u0105 wypraw\u0119 w szwajcarskie Alpy. Bo mo\u017ce ten ruch znanej firmy, niezgodny przecie\u017c z panuj\u0105c\u0105 ostatnio w bran\u017cy turystycznej tendencj\u0105 do ci\u0119cia koszt\u00f3w za wszelk\u0105 cen\u0119, b\u0119dzie pocz\u0105tkiem przeciwnej mody: na przyci\u0105ganie klient\u00f3w popraw\u0105 jako\u015bci us\u0142ug? Pytanie brzmi: kto nast\u0119pny!<\/p>\n<p>\u00a0<\/p>\n","protected":false},"excerpt":{"rendered":"<p>Kto w tym sezonie wybierze si\u0119 na narty do Szwajcarii samolotem linii SWISS, b\u0119dzie m\u00f3g\u0142 ju\u017c na pok\u0142adzie skosztowa\u0107 tradycyjnych tamtejszych kanapek. Czy to jask\u00f3\u0142ka wieszcz\u0105ca \u017ce bran\u017ca turystyczna\u00a0znowu zacznie stawia\u0107 na jako\u015b\u0107? Szwajcarski przewo\u017anik postanowi\u0142 podnie\u015b\u0107 poziom podr\u00f3\u017cy tak\u017ce w klasie ekonomicznej. Od 1 pa\u017adziernika na trasach europejskich pasa\u017cerowie cz\u0119stowani s\u0105 \u015bwie\u017co zrobionymi kanapkami. [&hellip;]<\/p>\n","protected":false},"author":1,"featured_media":0,"comment_status":"open","ping_status":"open","sticky":false,"template":"","format":"standard","meta":{"footnotes":""},"categories":[1],"tags":[],"_links":{"self":[{"href":"https:\/\/blog.polityka.pl\/narty\/wp-json\/wp\/v2\/posts\/363"}],"collection":[{"href":"https:\/\/blog.polityka.pl\/narty\/wp-json\/wp\/v2\/posts"}],"about":[{"href":"https:\/\/blog.polityka.pl\/narty\/wp-json\/wp\/v2\/types\/post"}],"author":[{"embeddable":true,"href":"https:\/\/blog.polityka.pl\/narty\/wp-json\/wp\/v2\/users\/1"}],"replies":[{"embeddable":true,"href":"https:\/\/blog.polityka.pl\/narty\/wp-json\/wp\/v2\/comments?post=363"}],"version-history":[{"count":0,"href":"https:\/\/blog.polityka.pl\/narty\/wp-json\/wp\/v2\/posts\/363\/revisions"}],"wp:attachment":[{"href":"https:\/\/blog.polityka.pl\/narty\/wp-json\/wp\/v2\/media?parent=363"}],"wp:term":[{"taxonomy":"category","embeddable":true,"href":"https:\/\/blog.polityka.pl\/narty\/wp-json\/wp\/v2\/categories?post=363"},{"taxonomy":"post_tag","embeddable":true,"href":"https:\/\/blog.polityka.pl\/narty\/wp-json\/wp\/v2\/tags?post=363"}],"curies":[{"name":"wp","href":"https:\/\/api.w.org\/{rel}","templated":true}]}}