
{"id":370,"date":"2010-10-12T06:07:54","date_gmt":"2010-10-12T04:07:54","guid":{"rendered":"http:\/\/narty.blog.polityka.pl\/?p=370"},"modified":"2010-10-11T08:45:39","modified_gmt":"2010-10-11T06:45:39","slug":"austria-mysli-o-sezonie-iv-kaunertal","status":"publish","type":"post","link":"https:\/\/blog.polityka.pl\/narty\/2010\/10\/12\/austria-mysli-o-sezonie-iv-kaunertal\/","title":{"rendered":"Austria my\u015bli o sezonie (IV) &#8211; Kaunertal"},"content":{"rendered":"<p>Kaunertaler Gletscher reklamowany jest jako \u201enajm\u0142odszy\u201d z pi\u0119ciu lodowc\u00f3w Tyrolu. Okre\u015blenie to ma oznacza\u0107 zar\u00f3wno nowoczesn\u0105 infrastruktur\u0119, jak panuj\u0105c\u0105 na Kaunertal atmosfer\u0119, tworzon\u0105 przez mi\u0142o\u015bnik\u00f3w snowboardu i narciarstwa freestyle, kt\u00f3rzy upodobali sobie to miejsce. R\u00f3wnocze\u015bnie impreza otwieraj\u0105ca sezon (a zaplanowano j\u0105 ju\u017c na najbli\u017cszy weekend!), tzw. Kaunertal Opening, zyskuje powoli miano legendarnej \u2013 w tym roku odb\u0119dzie si\u0119 jej 25 jej edycja. Nic dziwnego, \u017ce specjali\u015bci od marketingu z Kaunertal zmienili nieco ton.<\/p>\n<p>\u201eSze<a href=\"\/wp-content\/uploads\/\/2010\/10\/kaunertgletscher_oktober_2006__bild_2.jpg\"><\/a>rokie stoki, na kt\u00f3rych jest naprawd\u0119 du\u017co miejsca \u2013 Kaunertaler Gletscher oferuje wiele atrakcji w naturalnym otoczeniu, nie tylko m\u0142odym mi\u0142o\u015bnikom \u015bniegu\u201d \u2013 tak przedstawiany jest w tym sezonie lodowiec.<\/p>\n<p><a href=\"\/wp-content\/uploads\/\/2010\/10\/kaunertgletscher_oktober_2006__bild_2.jpg\"><img loading=\"lazy\" decoding=\"async\" class=\"alignnone size-medium wp-image-366\" title=\"kaunertgletscher_oktober_2006__bild_2\" src=\"\/wp-content\/uploads\/\/2010\/10\/kaunertgletscher_oktober_2006__bild_2-300x224.jpg\" alt=\"\" width=\"300\" height=\"224\" \/><\/a>\u00a0<em>Kaunertaler Gletscher (fot. Kaunertaler Gletscherbahnen)<\/em><\/p>\n<p>Faktycznie: Kaunertal (oraz pobliski, nieco ni\u017cej po\u0142o\u017cony obszar Fendels) oferuj\u0105 \u0142\u0105cznie 52 km tras (28 km niebieskich, 16 czerwonych i 8 czarnych). Wytyczono je na do\u015b\u0107 rozleg\u0142ych po\u0142aciach, wi\u0119c miejsca faktycznie jest sporo. Je\u017adzi si\u0119 mi\u0119dzy 1273 a 3160 m n.p.m.<br \/>\nKaunertal kusi teraz nie tylko do nastolatk\u00f3w, ale te\u017c rodziny: dzieci do 10 roku \u017cycia je\u017cd\u017c\u0105 \u2013 w towarzystwie jednego z rodzic\u00f3w \u2013 za darmo.<\/p>\n<p>Atrakcj\u0105 dla wszystkich ma by\u0107 tak\u017ce platforma widokowa przy g\u00f3rnej stacji nowej kolejki Karlesjochbahn: z wysoko\u015bci 3108 m n.p.m. mo\u017cna podziwia\u0107 Alpy pogranicza Austrii, W\u0142och i Szwajcarii. Sama kolejka to 8-osobowa wyprz\u0119gana gondola, z podgrzewanymi siedzeniami (startuje z 2750 m n.p.m.), kt\u00f3ra obs\u0142ugiwa\u0107 ma trzy stoki o r\u00f3\u017cnych stopniach trudno\u015bci (niebieskim, czerwonym i czarnym) nie licz\u0105c tras alternatywnych (czyli obszar\u00f3w off piste).<\/p>\n<p>Ta modyfikacja strategii stacji nie oznacza naturalnie, \u017ce snowboardzi\u015bci i freestyle\u2019owcy stali si\u0119 mniej po\u017c\u0105danymi go\u015b\u0107mi. Przeciwnie: Kaunertal wci\u0105\u017c zachwala sw\u00f3j snowpark (z superpipe o d\u0142ugo\u015bci 140 metr\u00f3w, nawet 12-metrowymi railami, tzw. proline i mediumline i minishredem z przeszkodami o r\u00f3\u017cnych stopniach trudno\u015bci).<\/p>\n<p><a href=\"\/wp-content\/uploads\/\/2010\/10\/kaunertaltvb_0305.jpg\"><img loading=\"lazy\" decoding=\"async\" class=\"alignnone size-medium wp-image-365\" title=\"kaunertaltvb_0305\" src=\"\/wp-content\/uploads\/\/2010\/10\/kaunertaltvb_0305-300x199.jpg\" alt=\"\" width=\"300\" height=\"199\" srcset=\"\/narty\/wp-content\/uploads\/2010\/10\/kaunertaltvb_0305-300x199.jpg 300w, \/narty\/wp-content\/uploads\/2010\/10\/kaunertaltvb_0305.jpg 500w\" sizes=\"(max-width: 300px) 100vw, 300px\" \/><\/a>\u00a0<em>Kaunertal Opening 2008<\/em><\/p>\n<p>Snowboardzi\u015bci i freestyle\u2019owcy s\u0105 te\u017c oczywi\u015bcie w pierwszym rz\u0119dzie zapraszani na jubileuszow\u0105 Kaunertal Opening. W najbli\u017cszy weekend, czyli mi\u0119dzy 15 a 17 pa\u017adziernika, b\u0119dzie mo\u017cna m.in. testowa\u0107 tegoroczne modele sprz\u0119tu i wystartowa\u0107 w r\u00f3\u017cnych konkursach (nie bez powodu Kaunertal Opening uchodzi za \u201esygna\u0142 startowy do wielkiego polowania na najlepsz\u0105 lini\u0119 w parku, na pajpie i minishredzie\u201d). Lodowcowemu party przygrywa\u0107 b\u0119d\u0105 na \u017cywo DJ-eje (szczeg\u00f3\u0142owy program imprezy na stronie <a href=\"http:\/\/www.kaunertal-opening.at \" target=\"_blank\">Kaunertal Opening<\/a>).<\/p>\n<p>I co pewnie najwa\u017cniejsze:\u00a0 na Kaunertaler Gletscher jest ju\u017c prawie p\u00f3\u0142tora metra \u015bniegu.<\/p>\n","protected":false},"excerpt":{"rendered":"<p>Kaunertaler Gletscher reklamowany jest jako \u201enajm\u0142odszy\u201d z pi\u0119ciu lodowc\u00f3w Tyrolu. Okre\u015blenie to ma oznacza\u0107 zar\u00f3wno nowoczesn\u0105 infrastruktur\u0119, jak panuj\u0105c\u0105 na Kaunertal atmosfer\u0119, tworzon\u0105 przez mi\u0142o\u015bnik\u00f3w snowboardu i narciarstwa freestyle, kt\u00f3rzy upodobali sobie to miejsce. R\u00f3wnocze\u015bnie impreza otwieraj\u0105ca sezon (a zaplanowano j\u0105 ju\u017c na najbli\u017cszy weekend!), tzw. Kaunertal Opening, zyskuje powoli miano legendarnej \u2013 w tym [&hellip;]<\/p>\n","protected":false},"author":1,"featured_media":0,"comment_status":"open","ping_status":"open","sticky":false,"template":"","format":"standard","meta":{"footnotes":""},"categories":[1],"tags":[],"_links":{"self":[{"href":"https:\/\/blog.polityka.pl\/narty\/wp-json\/wp\/v2\/posts\/370"}],"collection":[{"href":"https:\/\/blog.polityka.pl\/narty\/wp-json\/wp\/v2\/posts"}],"about":[{"href":"https:\/\/blog.polityka.pl\/narty\/wp-json\/wp\/v2\/types\/post"}],"author":[{"embeddable":true,"href":"https:\/\/blog.polityka.pl\/narty\/wp-json\/wp\/v2\/users\/1"}],"replies":[{"embeddable":true,"href":"https:\/\/blog.polityka.pl\/narty\/wp-json\/wp\/v2\/comments?post=370"}],"version-history":[{"count":0,"href":"https:\/\/blog.polityka.pl\/narty\/wp-json\/wp\/v2\/posts\/370\/revisions"}],"wp:attachment":[{"href":"https:\/\/blog.polityka.pl\/narty\/wp-json\/wp\/v2\/media?parent=370"}],"wp:term":[{"taxonomy":"category","embeddable":true,"href":"https:\/\/blog.polityka.pl\/narty\/wp-json\/wp\/v2\/categories?post=370"},{"taxonomy":"post_tag","embeddable":true,"href":"https:\/\/blog.polityka.pl\/narty\/wp-json\/wp\/v2\/tags?post=370"}],"curies":[{"name":"wp","href":"https:\/\/api.w.org\/{rel}","templated":true}]}}