
{"id":373,"date":"2010-10-08T06:12:11","date_gmt":"2010-10-08T04:12:11","guid":{"rendered":"http:\/\/narty.blog.polityka.pl\/?p=373"},"modified":"2010-10-07T13:14:04","modified_gmt":"2010-10-07T11:14:04","slug":"trudny-szlak-prawa-szlaku","status":"publish","type":"post","link":"https:\/\/blog.polityka.pl\/narty\/2010\/10\/08\/trudny-szlak-prawa-szlaku\/","title":{"rendered":"Trudny szlak prawa szlaku"},"content":{"rendered":"<p>Podczas zako\u0144czonego niedawno w Zakopanem Mi\u0119dzynarodowego Forum G\u00f3rskiego najwi\u0119kszy sp\u00f3r wywo\u0142a\u0142a propozycja wprowadzenia w Polsce tzw. prawa szlaku (na Zachodzie zwanego te\u017c prawem \u015bniegu). Chodzi o, upraszczaj\u0105c, umo\u017cliwienia wytyczania tras narciarskich bez konieczno\u015bci uzyskiwania zgody w\u0142a\u015bcicieli dzia\u0142ek, po kt\u00f3rych by one przebiega\u0142y.<\/p>\n<p>Idea ta jest wynikiem cz\u0119stego w rodzimych g\u00f3rach zjawiska grodzenia nartostrad przez w\u0142a\u015bcicieli p\u00f3l po\u0142o\u017conych w okolicy kolejek i wyci\u0105g\u00f3w. Spory na ten temat latami trwa\u0142y m.in. na Guba\u0142\u00f3wce, Butorowym Wierchu czy w Szczyrku. U ich pod\u0142o\u017ca sta\u0142y pieni\u0105dze albo ambicje. Czasami stronom udaje si\u0119 doj\u015b\u0107 do porozumienia \u2013 bywa jednak i tak, \u017ce zbudowane ju\u017c wyci\u0105gi nie mog\u0105 s\u0142u\u017cy\u0107 narciarzom i snowboardzistom.<\/p>\n<p>Dlatego ju\u017c kilka lat temu pojawi\u0142y si\u0119 postulaty, by w imi\u0119 dobra publicznego, kt\u00f3rym jest praw obywateli do wypoczynku i rekreacji, a tak\u017ce uprawiania sportu, ograniczy\u0107 prawo w\u0142asno\u015bci. Oczywi\u015bcie chodzi jedynie o takie miejsca, kt\u00f3re z uwagi na sw\u0105 lokalizacj\u0119, ukszta\u0142towanie, walory widokowe czy przyrodnicze maj\u0105 unikalny charakter \u2013 nie mo\u017cna omin\u0105\u0107 ich wytyczaj\u0105c nartostrad\u0119 czy szlak pieszy. Ograniczenie prawa w\u0142asno\u015bci by\u0142oby nadto dopuszczalne jedynie w \u015bci\u015ble okre\u015blonym wymiarze i celu.<\/p>\n<p>Precyzyjne okre\u015blenie zakresu prawa szlaku jest o tyle wa\u017cne, \u017ce prawo w\u0142asno\u015bci jest gwarantowane w ustawie zasadniczej. Wedle Konstytucji wyw\u0142aszczenie jest dopuszczalne jedynie w\u00f3wczas, gdy jest dokonywane na cele publiczne (art. 21 ust. 2). Ustawa zasadnicza stanowi ponadto, \u017ce wszelkie ograniczenia w zakresie korzystania z konstytucyjnych wolno\u015bci i praw mog\u0105 by\u0107 ustanawiane tylko wtedy, gdy s\u0105 konieczne \u2013 (dla bezpiecze\u0144stwa lub porz\u0105dku publicznego pa\u0144stwa b\u0105d\u017a dla ochrony \u015brodowiska, zdrowia i moralno\u015bci publicznej, albo wolno\u015bci i praw innych os\u00f3b).<\/p>\n<p>Znamienne, \u017ce Wojew\u00f3dzki S\u0105d Administracyjny w Warszawie w jednym z wyrok\u00f3w uzna\u0142, \u017ce w inwestycjach takich jak trasy i wyci\u0105gi narciarskie oraz urz\u0105dzenia towarzysz\u0105ce (na przyk\u0142ad armatki za\u015bnie\u017caj\u0105ce) nie ma tzw. pierwiastka publicznego, a tym samym pod tego typu inwestycje nie mo\u017cna zabiera\u0107 w\u0142a\u015bcicielom grunt\u00f3w. Oczywi\u015bcie w Polsce nie obowi\u0105zuje prawo precedensu: wyrok ten obowi\u0105zuje tylko w konkretnie rozpatrywanej sprawie i nie jest wi\u0105\u017c\u0105cy w innych przypadkach. Tak czy tak jednak ka\u017cde zbyt daleko id\u0105ce ograniczenie mo\u017ce by\u0107 zaskar\u017cone do Trybuna\u0142em Konstytucyjnym.<\/p>\n<p>Obecnie w ministerstwie sportu i turystyki trwaj\u0105 prace nad za\u0142o\u017ceniami projektu ustawy o szlakach turystycznych, kt\u00f3ra ma m.in. wprowadzi\u0107 prawo szlaku.<\/p>\n<p>Podczas Forum precyzyjne propozycje zmian obowi\u0105zuj\u0105cych przepis\u00f3w przedstawi\u0142 te\u017c krakowski adwokat Janusz D\u0142ugopolski (swoje argumenty i postulaty przedstawi\u0142 wcze\u015bniej \u2013 razem z mec. Ma\u0142gorzat\u0105 Kulig-Ju\u017awiak \u2013 na \u0142amach <a href=\"http:\/\/www.palestra.pl\/index.php?go=artykul&amp;id=2638\" target=\"_blank\">\u201ePalestry\u201d<\/a>).<\/p>\n<p>Rozs\u0105dne regu\u0142y, na kt\u00f3rych oparte powinno by\u0107 prawo szlaku wytyczy\u0142 te\u017c swego czasu w \u201eGazecie Prawnej\u201d dr Ryszard Piotrowski, konstytucjonalista z Uniwersytetu Warszawskiego. Przekonywa\u0142: \u201eNa kwesti\u0119 wyw\u0142aszczenia pod szlaki turystyczne czy trasy narciarskie nale\u017cy spojrze\u0107 w szerszym kontek\u015bcie. Trzeba pami\u0119ta\u0107, \u017ce nie ka\u017cdy cel publiczny uzasadnia dzia\u0142anie, jakim jest wyw\u0142aszczenie. Nie wystarczy wi\u0119c samo odwo\u0142anie si\u0119 do celu publicznego, by zastosowa\u0107 tak\u0105 procedur\u0119. Trzeba jeszcze bra\u0107 pod uwag\u0119, czy nale\u017cycie respektowana jest zasada proporcjonalno\u015bci takiej ingerencji i czy nie ma innej drogi rozwi\u0105zania danej sprawy. Dlatego na to zagadnienie nie mo\u017cna patrze\u0107 w oderwaniu od okoliczno\u015bci dotycz\u0105cych danej sprawy. Nale\u017ca\u0142oby w ka\u017cdym konkretnym przypadku sprawdzi\u0107, czy nie da si\u0119 pogodzi\u0107 przeciwstawnych interes\u00f3w. Konieczne by\u0142oby wywa\u017cenie racji stoj\u0105cych za osi\u0105gni\u0119ciem takiego celu publicznego. Wyw\u0142aszczenie musia\u0142oby nast\u0119powa\u0107 stosownie do regu\u0142 zapewniaj\u0105cych gwarancje proceduralne, w szczeg\u00f3lno\u015bci respektowa\u0107 prawo do s\u0105du\u201d.<\/p>\n<p>Wszelkie koncepcje zmian s\u0105 jednak zdecydowanie odrzucane przez grup\u0119 w\u0142a\u015bcicieli grunt\u00f3w z Zakopanego i okolic skupionych w Federacji Obrony Podhala (zas\u0142yn\u0119\u0142a ona ju\u017c m.in. protestami przeciwko rozbudowie &#8222;Zakopianki&#8221;. Ide\u0105 prawa szlaku \u2013 niezale\u017cnie od tego, jaki kszta\u0142t mia\u0142oby ono przyj\u0105\u0107 \u2013 uwa\u017caj\u0105 za \u201epomys\u0142 w\u0105skiej grupy cwaniak\u00f3w z narto biznesu\u201d, kt\u00f3rzy chc\u0105 \u201ezrobi\u0107 pieni\u0105dze\u201d na cudzej ziemi. Twierdz\u0105 te\u017c, \u017ce jest to \u201ezamach na prywatn\u0105 w\u0142asno\u015b\u0107 podejmowany w majestacie prawa\u201d.<\/p>\n<p>\u00a0<\/p>\n","protected":false},"excerpt":{"rendered":"<p>Podczas zako\u0144czonego niedawno w Zakopanem Mi\u0119dzynarodowego Forum G\u00f3rskiego najwi\u0119kszy sp\u00f3r wywo\u0142a\u0142a propozycja wprowadzenia w Polsce tzw. prawa szlaku (na Zachodzie zwanego te\u017c prawem \u015bniegu). Chodzi o, upraszczaj\u0105c, umo\u017cliwienia wytyczania tras narciarskich bez konieczno\u015bci uzyskiwania zgody w\u0142a\u015bcicieli dzia\u0142ek, po kt\u00f3rych by one przebiega\u0142y. Idea ta jest wynikiem cz\u0119stego w rodzimych g\u00f3rach zjawiska grodzenia nartostrad przez w\u0142a\u015bcicieli [&hellip;]<\/p>\n","protected":false},"author":1,"featured_media":0,"comment_status":"open","ping_status":"open","sticky":false,"template":"","format":"standard","meta":{"footnotes":""},"categories":[1],"tags":[],"_links":{"self":[{"href":"https:\/\/blog.polityka.pl\/narty\/wp-json\/wp\/v2\/posts\/373"}],"collection":[{"href":"https:\/\/blog.polityka.pl\/narty\/wp-json\/wp\/v2\/posts"}],"about":[{"href":"https:\/\/blog.polityka.pl\/narty\/wp-json\/wp\/v2\/types\/post"}],"author":[{"embeddable":true,"href":"https:\/\/blog.polityka.pl\/narty\/wp-json\/wp\/v2\/users\/1"}],"replies":[{"embeddable":true,"href":"https:\/\/blog.polityka.pl\/narty\/wp-json\/wp\/v2\/comments?post=373"}],"version-history":[{"count":0,"href":"https:\/\/blog.polityka.pl\/narty\/wp-json\/wp\/v2\/posts\/373\/revisions"}],"wp:attachment":[{"href":"https:\/\/blog.polityka.pl\/narty\/wp-json\/wp\/v2\/media?parent=373"}],"wp:term":[{"taxonomy":"category","embeddable":true,"href":"https:\/\/blog.polityka.pl\/narty\/wp-json\/wp\/v2\/categories?post=373"},{"taxonomy":"post_tag","embeddable":true,"href":"https:\/\/blog.polityka.pl\/narty\/wp-json\/wp\/v2\/tags?post=373"}],"curies":[{"name":"wp","href":"https:\/\/api.w.org\/{rel}","templated":true}]}}