
{"id":374,"date":"2010-10-15T07:32:18","date_gmt":"2010-10-15T05:32:18","guid":{"rendered":"http:\/\/narty.blog.polityka.pl\/?p=374"},"modified":"2010-10-15T07:40:32","modified_gmt":"2010-10-15T05:40:32","slug":"mniej-biur-wiecej-ofert","status":"publish","type":"post","link":"https:\/\/blog.polityka.pl\/narty\/2010\/10\/15\/mniej-biur-wiecej-ofert\/","title":{"rendered":"Mniej biur, wi\u0119cej ofert"},"content":{"rendered":"<p>Na organizacj\u0119 zimowych wyjazd\u00f3w w sezonie 2010\/11 zdecydowa\u0142o si\u0119 mniej biur podr\u00f3\u017cy ni\u017c w latach poprzednich. Do wyboru jest za to du\u017co wi\u0119cej (blisko 20 proc.) ofert ni\u017c przed rokiem \u2013 takie wnioski zawiera raport o aktualnej sytuacji w polskiej bran\u017cy turystycznej, przygotowany przez portal <a href=\"http:\/\/dziennikturystyczny.pl\" target=\"_blank\">Dziennik turystyczny<\/a>.<\/p>\n<p>Okazuje si\u0119, \u017ce w zbli\u017caj\u0105cym si\u0119 sezonie wyjazdow\u0105 ofert\u0119 narciarsk\u0105 sprzedawan\u0105 m.in. przez portale turystyczne przygotowa\u0142o dziesi\u0119ciu spo\u015br\u00f3d najwi\u0119kszych touroperator\u00f3w (w minionym roku by\u0142o ich siedemnastu). Jest w\u015br\u00f3d nich partner tego bloga, czyli\u00a0<a href=\"http:\/\/www.otium.pl\" target=\"_blank\">Alpytravel.pl\/Otium<\/a>. Do tego dochodz\u0105 oczywi\u015bcie mniejsze biura, dzia\u0142aj\u0105ce tak\u017ce tradycyjnie (cho\u0107by krakowskie <a href=\"http:\/\/www.snowtrip.pl\" target=\"_blank\">SnowTrip<\/a>\u00a0 \u2013 dawniej Ikatur, wyspecjalizowane w wyjazdach w Alpy francuskie czy r\u00f3wnie\u017c krakowska <a href=\"http:\/\/www.chopok.com.pl\/zima\/index.main.htm\" target=\"_blank\">Agencja Chopok<\/a>, obs\u0142uguj\u0105ca intensywnie rozwijaj\u0105cy si\u0119 obszar s\u0142owackiej Jasnej).<\/p>\n<p>Cytowany w raporcie Tomasz Dom\u017calski, dyrektor marketingu w portalach turystycznych Wakacje.pl, EasyGo.pl i Wypoczynek.pl ocenia: \u201ePo trudnym, drugim z rz\u0119du, roku w bran\u017cy nast\u0119puje widoczne wzmocnienie specjalistyczne. W tzw. ma\u0142ym (czyli zimowym) sezonie pozostali tylko ci gracze, kt\u00f3rzy wcze\u015bniej wypracowali sobie mocne pozycje i dobre rozeznanie w zimowym rynku. W tym roku nie ma miejsca dla eksperymentator\u00f3w\u201d.\u00a0<\/p>\n<p>Na starcie katalogi dzieci\u0119ciu portalowych gigant\u00f3w zawiera\u0142y ponad 157 tys. ofert (przed rokiem propozycji by\u0142o niespe\u0142na 130 tys.).<\/p>\n<p>Dominuj\u0105 oczywi\u015bcie g\u0142\u00f3wne kraje alpejskie, S\u0142owacja i Czechy, cho\u0107 \u2013 jak odnotowuj\u0105 autorzy raportu &#8211; w sprzeda\u017cy kolejny raz pojawi\u0142y si\u0119 propozycje wyjazd\u00f3w do Kanady, Hiszpanii, Bu\u0142garii oraz S\u0142owenia i Niemcy. Nowe kierunki to Andora (czyli Pireneje) i Finlandia (to w\u0142a\u015bnie <a href=\"http:\/\/www.otium.pl\" target=\"_blank\">Alpytravel.pl<\/a> z pomys\u0142em wyprawy na narty do podbiegunowego Levi).<\/p>\n<p>Podobno pierwsza oferta zimowa zosta\u0142a w tym roku sprzedana ju\u017c na pocz\u0105tku sierpnia. Fachowcy od turystyki zgodnie twierdz\u0105, \u017ce narciarze i snowboardzi\u015bci to specyficzna grupa klient\u00f3w: m.in. rezerwuj\u0105 miejsca du\u017co wcze\u015bniej ni\u017c zainteresowani wyjazdami letnimi czy objazdowymi. Oznacza to, \u017ce najatrakcyjniejsze oferty mog\u0105 szybko zosta\u0107 wyprzedane. Chodzi przy tym zar\u00f3wno o te najkorzystniejsze pod wzgl\u0119dem ceny, jak o wyjazdy w okresie \u015bwi\u0105tecznym, noworocznym czy te\u017c podczas ferii \u2013 zw\u0142aszcza, \u017ce urlop zim\u0105 sta\u0142 si\u0119 ju\u017c jaki\u015b czas temu w praktyce drug\u0105, r\u00f3wnowa\u017cn\u0105 wobec wakacji letnich form\u0105 wypoczynku.<\/p>\n<p>Wedle raportu, \u201eceny utrzymuj\u0105 poziom sprzed roku\u201d, a ich wysoko\u015b\u0107 zale\u017cy przede wszystkim od oczekiwa\u0144 i preferencji klient\u00f3w. Co istotne, ponad 5 tys. ofert to tzw. free ski (karnet narciarski wliczony jest w cen\u0119 noclegu), a ok. 3 tys. propozycji obj\u0119tych jest ju\u017c teraz promocj\u0105 jako\u2026 last minute.<\/p>\n<p>I wreszcie: oferty dotycz\u0105ce krajowych stacji pojawiaj\u0105 si\u0119 dopiero teraz, a wi\u0119c sporo p\u00f3\u017aniej ni\u017c te tycz\u0105ce wyjazd\u00f3w zagranicznych. Wci\u0105\u017c bowiem, jak to okre\u015blaj\u0105 autorzy raportu, \u201etrwa ich porz\u0105dkowanie\u201d. To kolejny dow\u00f3d nieprofesjonalizmu wielu zarz\u0105dzaj\u0105cych stacjami narciarskimi w polskich g\u00f3rach i w\u0142a\u015bcicieli dom\u00f3w wczasowych czy pensjonat\u00f3w.<\/p>\n","protected":false},"excerpt":{"rendered":"<p>Na organizacj\u0119 zimowych wyjazd\u00f3w w sezonie 2010\/11 zdecydowa\u0142o si\u0119 mniej biur podr\u00f3\u017cy ni\u017c w latach poprzednich. Do wyboru jest za to du\u017co wi\u0119cej (blisko 20 proc.) ofert ni\u017c przed rokiem \u2013 takie wnioski zawiera raport o aktualnej sytuacji w polskiej bran\u017cy turystycznej, przygotowany przez portal Dziennik turystyczny. Okazuje si\u0119, \u017ce w zbli\u017caj\u0105cym si\u0119 sezonie wyjazdow\u0105 [&hellip;]<\/p>\n","protected":false},"author":1,"featured_media":0,"comment_status":"open","ping_status":"open","sticky":false,"template":"","format":"standard","meta":{"footnotes":""},"categories":[1],"tags":[],"_links":{"self":[{"href":"https:\/\/blog.polityka.pl\/narty\/wp-json\/wp\/v2\/posts\/374"}],"collection":[{"href":"https:\/\/blog.polityka.pl\/narty\/wp-json\/wp\/v2\/posts"}],"about":[{"href":"https:\/\/blog.polityka.pl\/narty\/wp-json\/wp\/v2\/types\/post"}],"author":[{"embeddable":true,"href":"https:\/\/blog.polityka.pl\/narty\/wp-json\/wp\/v2\/users\/1"}],"replies":[{"embeddable":true,"href":"https:\/\/blog.polityka.pl\/narty\/wp-json\/wp\/v2\/comments?post=374"}],"version-history":[{"count":0,"href":"https:\/\/blog.polityka.pl\/narty\/wp-json\/wp\/v2\/posts\/374\/revisions"}],"wp:attachment":[{"href":"https:\/\/blog.polityka.pl\/narty\/wp-json\/wp\/v2\/media?parent=374"}],"wp:term":[{"taxonomy":"category","embeddable":true,"href":"https:\/\/blog.polityka.pl\/narty\/wp-json\/wp\/v2\/categories?post=374"},{"taxonomy":"post_tag","embeddable":true,"href":"https:\/\/blog.polityka.pl\/narty\/wp-json\/wp\/v2\/tags?post=374"}],"curies":[{"name":"wp","href":"https:\/\/api.w.org\/{rel}","templated":true}]}}