
{"id":375,"date":"2010-10-19T06:19:28","date_gmt":"2010-10-19T04:19:28","guid":{"rendered":"http:\/\/narty.blog.polityka.pl\/?p=375"},"modified":"2010-10-19T14:36:44","modified_gmt":"2010-10-19T12:36:44","slug":"francja-za%e2%80%a6-505-zl","status":"publish","type":"post","link":"https:\/\/blog.polityka.pl\/narty\/2010\/10\/19\/francja-za%e2%80%a6-505-zl\/","title":{"rendered":"Francja za\u2026 505 z\u0142"},"content":{"rendered":"<p><a href=\"\/wp-content\/uploads\/\/2010\/10\/puy-imagescarakc88.jpg\"><\/a><a href=\"\/wp-content\/uploads\/\/2010\/10\/puy-residence-la-dame-blanche-imagescaq2wfn9.jpg\"><\/a><a href=\"\/wp-content\/uploads\/\/2010\/10\/puy-magescaach5nt.jpg\"><\/a><a href=\"\/wp-content\/uploads\/\/2010\/10\/puy-saint1.bmp\"><\/a>To niemal nie do wiary: za ledwie 505 z\u0142otych mo\u017cna b\u0119dzie sp\u0119dzi\u0107 w tym sezonie tygodniowy zimowy urlop we francuskich Alpach. Co te\u017c wa\u017cne: chodzi o Puy Saint Vincent \u2013 miejsce, kt\u00f3re potrafi\u0142o zachowa\u0107 g\u00f3rski charakter, bo nie uleg\u0142o panuj\u0105cej swego czasu we Francji modzie na stacje-blokowiska.<\/p>\n<p><a href=\"\/wp-content\/uploads\/\/2010\/10\/puy-saint1.bmp\"><img decoding=\"async\" class=\"alignnone size-medium wp-image-380\" title=\"puy-saint1\" src=\"\/wp-content\/uploads\/\/2010\/10\/puy-saint1.bmp\" alt=\"\" \/><\/a>\u00a0<em>Puy Saint Vincent<\/em><\/p>\n<p>Kiedy przed laty mia\u0142em szcz\u0119\u015bcie kilka dni je\u017adzi\u0107 w Puy, w\u0142a\u015bnie to wra\u017cenie by\u0142o najsilniejsze: stacja by\u0142a tak udanie wtopiona w otaczaj\u0105ce j\u0105 g\u00f3ry, \u017ce ani zabudowania, ani instalacje wyci\u0105g\u00f3w zupe\u0142nie nie razi\u0142y. Swoje robi i to, \u017ce Puy Saint Vincent le\u017cy w dolinie Vallouise (w regionie Hautes<br \/>\nAlpes, czyli Alpach Wysokich) na granicy Parc National des Ecrins. A \u017ce w otulinach park\u00f3w narodowych na kwestie \u015brodowiska patrzy si\u0119 nawet we Francji szczeg\u00f3lnie uwa\u017cnie, wi\u0119c i w\u0142a\u015bciciele stacji trzymaj\u0105 pod tym wzgl\u0119dem poziom. A potem tylko na tym zyskuj\u0105, bo mog\u0105 \u015bmia\u0142o i uczciwie reklamowa\u0107 swoje miejsce jako czyste, ekologiczne i&#8230; bliskie parkowi z jego atrakcjami.<\/p>\n<p>Spor\u0105 cz\u0119\u015b\u0107 obszaru Parc des Ecrins wida\u0107 zreszt\u0105 z g\u00f3ruj\u0105cego nad stacj\u0105 La Pendine (2750 m n.p.m.). W\u0142a\u015bnie na zboczach La Pendine, a powy\u017cej starej alpejskiej wioski Puy Saint Vincent, dla mi\u0142o\u015bnik\u00f3w sport\u00f3w zimowych wybudowano Station 1400 i Station 1600. Wytyczono tam te\u017c 60 km tras zjazdowych (z czego 20 km oznaczano jako \u0142atwe, 30 okre\u015blono jako czerwone, czyli \u015brednio trudne, a 10 uznano za czarne, a wi\u0119c trudne). Pracuje 12 wyci\u0105g\u00f3w (w tym 7 krzese\u0142kowych). Od tego sezonu dwa starsze spo\u015br\u00f3d nich (najpopularniejszy, Arlesienne oraz obs\u0142uguj\u0105cy jedn\u0105 z czarnych tras Rocher Noir) maj\u0105 by\u0107 zast\u0105pione nowoczesnymi 4-osobowymi krzese\u0142kami).<\/p>\n<p><a href=\"\/wp-content\/uploads\/\/2010\/10\/puy-imagescarakc88.jpg\"><img loading=\"lazy\" decoding=\"async\" class=\"alignnone size-medium wp-image-376\" title=\"puy-imagescarakc88\" src=\"\/wp-content\/uploads\/\/2010\/10\/puy-imagescarakc88.jpg\" alt=\"\" width=\"275\" height=\"183\" \/><\/a>\u00a0<em>Trasy Puy Saint Vincent<\/em><\/p>\n<p>Mog\u0142oby si\u0119 wydawa\u0107, \u017ce tras w Puy nie jest du\u017co \u2013 zw\u0142aszcza w por\u00f3wnaniu z takimi gigantycznymi obszarami, jak Espace Killy z Tignes i Val d\u2019Isere czy Paradiski z La Plagne i Les Arcs. Nartostrady w Puy s\u0105 jednak bardzo zr\u00f3\u017cnicowane \u2013 nie tylko pod wzgl\u0119dem trudno\u015bci, ale i krajobrazowym: prowadz\u0105 zar\u00f3wno przez rozleg\u0142e hale, jak rzadkie modrzewiowe lasy i skalne rynny. Je\u017adzi si\u0119 na wysoko\u015bci 1400 &#8211; 2700 m n.p.m. (a jeszcze mi\u0119dzy 1400 a 2000 m n.p.m. zainstalowano system sztucznego do\u015bnie\u017cania).\u00a0<\/p>\n<p><a href=\"\/wp-content\/uploads\/\/2010\/10\/puy-magescaach5nt.jpg\"><img loading=\"lazy\" decoding=\"async\" class=\"alignnone size-medium wp-image-378\" title=\"puy-magescaach5nt\" src=\"\/wp-content\/uploads\/\/2010\/10\/puy-magescaach5nt.jpg\" alt=\"\" width=\"180\" height=\"120\" \/><\/a>\u00a0<em>Ni\u017csze partie nartostrad w Puy Saint Vincent<\/em><\/p>\n<p>Co istotne: istnieje te\u017c mn\u00f3stwo wariant\u00f3w jazdy poza trasami. Sam by\u0142em w Puy w po\u0142owie lutego, by\u0142o ju\u017c kilka dni po ostatnich opadach, a mimo to bez k\u0142opot\u00f3w znajdowali\u015bmy z miejscowym przewodnikiem nieprzeje\u017cd\u017cony puch. Inna rzecz, \u017ce gdy pod koniec postanowi\u0142em, nie bacz\u0105c na schodz\u0105c\u0105 mg\u0142\u0119, poje\u017adzi\u0107 ju\u017c samemu (mea culpa, mea culpa, mea maxima culpa) omal si\u0119 nie pogubi\u0142em w lesie nad stacj\u0105. Na kwater\u0119 dotar\u0142em dobrze po zmroku mokry od potu po przedzieraniu si\u0119 przez g\u0142\u0119boki \u015bnieg (i ze strachu oczywi\u015bcie).<\/p>\n<p>Ponadto karnet PSV\/Galaxie obejmuje r\u00f3wnie\u017c wyci\u0105gi pobliskiego Serre Chevalier (mo\u017cna tam dojecha\u0107 darmowym skibusem).<\/p>\n<p>Puy jest wi\u0119c stacj\u0119 dla tych, kt\u00f3rzy na nartach lubi\u0105 spok\u00f3j, nie znosz\u0105 t\u0142oku, nie musz\u0105 mie\u0107 podgrzewanych siedze\u0144 na wyci\u0105gu, a nad g\u0142o\u015bne apres ski stawiaj\u0105 cho\u0107by \u015bwietn\u0105 lokaln\u0105 kuchni\u0119, serwowan\u0105 w rodzinnych chalets.<\/p>\n<p><a href=\"\/wp-content\/uploads\/\/2010\/10\/puy-residence-la-dame-blanche-imagescaq2wfn9.jpg\"><img loading=\"lazy\" decoding=\"async\" class=\"alignnone size-medium wp-image-377\" title=\"puy-residence-la-dame-blanche-imagescaq2wfn9\" src=\"\/wp-content\/uploads\/\/2010\/10\/puy-residence-la-dame-blanche-imagescaq2wfn9.jpg\" alt=\"\" width=\"259\" height=\"194\" \/><\/a>\u00a0<em>Residence La Dame Blanche w Puy<\/em><\/p>\n<p>To r\u00f3wnie\u017c stacja przyjazna rodzinom: bo dzieci znajd\u0105 tu doskona\u0142e miejsca do nauki nart czy snowboardu, a rodzice te\u017c si\u0119 wyje\u017cd\u017c\u0105 \u2013 nawet ci o wysokich umiej\u0119tno\u015bciach i wymaganiach. Nie bez powodu Puy zdoby\u0142o Golden Ski Award 2004 w kategorii \u201eRodzinna stacja zimowa\u201d.<\/p>\n<p>Oferta \u201ePuy St. Vincent za 505 z\u0142\u201d (znalaz\u0142em j\u0105 w katalogu partnera tego bloga <a href=\"http:\/\/www.otium.pl\" target=\"_blank\">Alpytravel.pl\/Otium<\/a>) dotyczy okresu mi\u0119dzy 11 a 18 grudnia 2010 r. i mi\u0119dzy 9 a 23 kwietnia 2011 r. Obejmuje 7 nocleg\u00f3w w apartamentach oraz 6-dniowy karnet. W pierwszym tygodniu jest szansa na puch, w kwietniowych \u2013 na firn, czyli najlepszy do jazdy rodzaj \u015bniegu. C\u00f3\u017c lepszego mo\u017cna sobie wymarzy\u0107?<\/p>\n<p>Lecz i w pozosta\u0142ych terminach ceny s\u0105 zach\u0119caj\u0105ce: przyk\u0142adowo, na prze\u0142omie marca i kwietnia za tydzie\u0144 (r\u00f3wnie\u017c noclegi z karnetem!) wystarczy zap\u0142aci\u0107 725 z\u0142. A to przecie\u017c czas pi\u0119knych wiosennych nart czy deski \u2013 i znowu mo\u017ce nawet firnu, tego \u015bniegu-marzenia ka\u017cdego, kto cho\u0107 raz go skosztowa\u0142?<\/p>\n","protected":false},"excerpt":{"rendered":"<p>To niemal nie do wiary: za ledwie 505 z\u0142otych mo\u017cna b\u0119dzie sp\u0119dzi\u0107 w tym sezonie tygodniowy zimowy urlop we francuskich Alpach. Co te\u017c wa\u017cne: chodzi o Puy Saint Vincent \u2013 miejsce, kt\u00f3re potrafi\u0142o zachowa\u0107 g\u00f3rski charakter, bo nie uleg\u0142o panuj\u0105cej swego czasu we Francji modzie na stacje-blokowiska. \u00a0Puy Saint Vincent Kiedy przed laty mia\u0142em szcz\u0119\u015bcie [&hellip;]<\/p>\n","protected":false},"author":1,"featured_media":0,"comment_status":"open","ping_status":"open","sticky":false,"template":"","format":"standard","meta":{"footnotes":""},"categories":[1],"tags":[],"_links":{"self":[{"href":"https:\/\/blog.polityka.pl\/narty\/wp-json\/wp\/v2\/posts\/375"}],"collection":[{"href":"https:\/\/blog.polityka.pl\/narty\/wp-json\/wp\/v2\/posts"}],"about":[{"href":"https:\/\/blog.polityka.pl\/narty\/wp-json\/wp\/v2\/types\/post"}],"author":[{"embeddable":true,"href":"https:\/\/blog.polityka.pl\/narty\/wp-json\/wp\/v2\/users\/1"}],"replies":[{"embeddable":true,"href":"https:\/\/blog.polityka.pl\/narty\/wp-json\/wp\/v2\/comments?post=375"}],"version-history":[{"count":0,"href":"https:\/\/blog.polityka.pl\/narty\/wp-json\/wp\/v2\/posts\/375\/revisions"}],"wp:attachment":[{"href":"https:\/\/blog.polityka.pl\/narty\/wp-json\/wp\/v2\/media?parent=375"}],"wp:term":[{"taxonomy":"category","embeddable":true,"href":"https:\/\/blog.polityka.pl\/narty\/wp-json\/wp\/v2\/categories?post=375"},{"taxonomy":"post_tag","embeddable":true,"href":"https:\/\/blog.polityka.pl\/narty\/wp-json\/wp\/v2\/tags?post=375"}],"curies":[{"name":"wp","href":"https:\/\/api.w.org\/{rel}","templated":true}]}}