
{"id":382,"date":"2010-10-22T06:07:24","date_gmt":"2010-10-22T04:07:24","guid":{"rendered":"http:\/\/narty.blog.polityka.pl\/?p=382"},"modified":"2010-10-21T20:07:51","modified_gmt":"2010-10-21T18:07:51","slug":"zmarl-tworca-salomona","status":"publish","type":"post","link":"https:\/\/blog.polityka.pl\/narty\/2010\/10\/22\/zmarl-tworca-salomona\/","title":{"rendered":"Zmar\u0142 tw\u00f3rca Salomona"},"content":{"rendered":"<p>W swoim domu nad jeziorem Annecy (francuska G\u00f3rna Sabaudia) zmar\u0142 przed kilkunastoma dniami Georges Salomon, tw\u00f3rca jednej z najlepszych marek sprz\u0119tu narciarskiego w \u015bwiecie. Mia\u0142 85 lat.<\/p>\n<p>Urodzi\u0142 si\u0119 w biednej rodzinie rzemie\u015blniczej. Jego ojciec, wytw\u00f3rca brzeszczot\u00f3w do pi\u0142, marzy\u0142, by jedyny syn zosta\u0142 nauczycielem. W 1946 r. otworzyli jednak razem w Annecy ma\u0142y (ledwie 50 metr\u00f3w kwadratowych) warsztat produkuj\u0105cy kraw\u0119dzie do nart na potrzeby szybko rozwijaj\u0105cego si\u0119 w powojennej Europie rynku sprz\u0119tu sportowego. Georges w dzie\u0144 pracowa\u0142 w rodzinnej manufakturze, a wieczorami ko\u0144czy\u0142 kolejne szko\u0142y techniczno-in\u017cynierskie. Z czasem zacz\u0105\u0142 namawia\u0107 ojca, by przeszli z r\u0119cznej produkcji kraw\u0119dzi na maszynow\u0105. Salomon-senior nie rozumia\u0142 potrzeby inwestycji i ekspansji. Wybuch\u0142 konflikt i w ko\u0144cu syn zacz\u0105\u0142 zarz\u0105dza\u0107 firm\u0105.<\/p>\n<p>Nie tylko j\u0105 zmodernizowa\u0142, ale i zmieni\u0142 nieco profil. W 1955 r. Georges Salomon zaprezentowa\u0142 pierwsze wi\u0105zania narciarskie z bezpiecznikiem uwalniaj\u0105cym prz\u00f3d buta. Dwa lata p\u00f3\u017aniej wypu\u015bci\u0142 wi\u0105zania spr\u0119\u017cynowe z mo\u017cliwo\u015bci\u0105 zwalniania pi\u0119ty. Zyska\u0142y doskona\u0142e opinie. Ale prze\u0142omem okaza\u0142y si\u0119 dopiero opatentowane pod koniec lat 60. ub. wieku wi\u0105zania S505: z dzia\u0142aj\u0105cymi niezale\u017cne od siebie bezpiecznikami z przodu i z ty\u0142u.<\/p>\n<p>W efekcie od 1972 r. Salomon sta\u0142 si\u0119 \u015bwiatowym liderem w produkcji wi\u0105za\u0144 \u2013 sprzedawa\u0142 ich ponad milion par rocznie (w tym 2\/3 poza Francj\u0105).<\/p>\n<p>Pod koniec lat 70. XX wieku Salomon zacz\u0105\u0142 wytwarza\u0107 tak\u017ce buty narciarskie. Szczeg\u00f3ln\u0105 s\u0142aw\u0119 zyska\u0142 model SX91 Equipe z 1984 r. Pomys\u0142 dwuklamrowego zapi\u0119cia z ty\u0142u oraz regulacji sztywno\u015bci j\u0119zyka niekt\u00f3rzy uznaj\u0105 za najbardziej innowacyjn\u0105 konstrukcj\u0119 buta w dziejach narciarskiego alpejskiego.<br \/>\nDo\u015b\u0107 wspomnie\u0107, \u017ce Jean-Marc Boivin, legenda narciarstwa ekstremalnego, po pokonaniu \u2013 jako pierwszy w \u015bwiecie \u2013 skrajnie trudnej (nachylenie si\u0119gaj\u0105ce 60 stopni!) po\u0142udniowo-wschodniej \u015bciany Aiguille du Moine w masywie Mont Blanc przyzna\u0142, \u017ce bezpiecze\u0144stwo podczas zjazdu zapewni\u0142y mu w\u0142a\u015bnie rozwi\u0105zania zastosowane w SX91 Equipe oraz w wi\u0105zaniach Salomon 747.<\/p>\n<p>Ostatnio wielkim sukcesem okaza\u0142y si\u0119 te\u017c produkowane przez Salomona narty.<\/p>\n<p>Jak pisze we wspomnieniu o zmar\u0142ym powa\u017cany portal <a href=\"http:\/\/pistehors.com\" target=\"_blank\">PisteHorse.com<\/a> \u201emiliony narciarzy zawdzi\u0119czaj\u0105 Geogesowi Salomonowi ca\u0142o\u015b\u0107 swoich kolan i wi\u0105zade\u0142\u201d. Ja te\u017c: u\u017cywa\u0142em bowiem niegdy\u015b wi\u0105za\u0144 Salomon 747, a jedn\u0105 z najpi\u0119kniejszych wypraw \u017cycia \u2013 off piste w La Grave\/La Meije \u2013 odby\u0142em na nartach Salomon X-Scream.<\/p>\n<p>Niechaj odpoczywa w pokoju&#8230;<\/p>\n","protected":false},"excerpt":{"rendered":"<p>W swoim domu nad jeziorem Annecy (francuska G\u00f3rna Sabaudia) zmar\u0142 przed kilkunastoma dniami Georges Salomon, tw\u00f3rca jednej z najlepszych marek sprz\u0119tu narciarskiego w \u015bwiecie. Mia\u0142 85 lat. Urodzi\u0142 si\u0119 w biednej rodzinie rzemie\u015blniczej. Jego ojciec, wytw\u00f3rca brzeszczot\u00f3w do pi\u0142, marzy\u0142, by jedyny syn zosta\u0142 nauczycielem. W 1946 r. otworzyli jednak razem w Annecy ma\u0142y (ledwie [&hellip;]<\/p>\n","protected":false},"author":1,"featured_media":0,"comment_status":"open","ping_status":"open","sticky":false,"template":"","format":"standard","meta":{"footnotes":""},"categories":[1],"tags":[],"_links":{"self":[{"href":"https:\/\/blog.polityka.pl\/narty\/wp-json\/wp\/v2\/posts\/382"}],"collection":[{"href":"https:\/\/blog.polityka.pl\/narty\/wp-json\/wp\/v2\/posts"}],"about":[{"href":"https:\/\/blog.polityka.pl\/narty\/wp-json\/wp\/v2\/types\/post"}],"author":[{"embeddable":true,"href":"https:\/\/blog.polityka.pl\/narty\/wp-json\/wp\/v2\/users\/1"}],"replies":[{"embeddable":true,"href":"https:\/\/blog.polityka.pl\/narty\/wp-json\/wp\/v2\/comments?post=382"}],"version-history":[{"count":0,"href":"https:\/\/blog.polityka.pl\/narty\/wp-json\/wp\/v2\/posts\/382\/revisions"}],"wp:attachment":[{"href":"https:\/\/blog.polityka.pl\/narty\/wp-json\/wp\/v2\/media?parent=382"}],"wp:term":[{"taxonomy":"category","embeddable":true,"href":"https:\/\/blog.polityka.pl\/narty\/wp-json\/wp\/v2\/categories?post=382"},{"taxonomy":"post_tag","embeddable":true,"href":"https:\/\/blog.polityka.pl\/narty\/wp-json\/wp\/v2\/tags?post=382"}],"curies":[{"name":"wp","href":"https:\/\/api.w.org\/{rel}","templated":true}]}}