
{"id":383,"date":"2010-10-24T18:23:41","date_gmt":"2010-10-24T16:23:41","guid":{"rendered":"http:\/\/narty.blog.polityka.pl\/?p=383"},"modified":"2010-10-24T18:26:34","modified_gmt":"2010-10-24T16:26:34","slug":"ruszyli","status":"publish","type":"post","link":"https:\/\/blog.polityka.pl\/narty\/2010\/10\/24\/ruszyli\/","title":{"rendered":"Ruszyli!"},"content":{"rendered":"<p><a href=\"\/wp-content\/uploads\/\/2010\/10\/soldenactu_3762_newsletterleft.jpg\"><\/a><a href=\"\/wp-content\/uploads\/\/2010\/10\/solden-current1.jpg\"><\/a>Od slalomu giganta kobiet w austriackim S\u00f6lden rozpocz\u0119\u0142a si\u0119 tegoroczna edycja alpejskiego Pucharu \u015awiata FIS. Tu\u017c po paniach na tras\u0119 (r\u00f3wnie\u017c giganta) ruszyli panowie.<\/p>\n<p>To ju\u017c tradycja \u2013 od 10 lat alpejczycy zaczynaj\u0105 sezon w\u0142a\u015bnie na tym tyrolskim lodowcu. Wprawdzie pierwszy raz pocz\u0105tek pucharowej karuzeli og\u0142oszono w S\u00f6lden w pa\u017adzierniku 1993 r. (tak\u017ce by\u0142 to gigant: zwyci\u0119\u017cy\u0142 Franck Piccard z Francji w\u015br\u00f3d pan\u00f3w oraz reprezentantka gospodarzy Anita Wachter w\u015br\u00f3d pa\u0144), ale wtedy FIS wci\u0105\u017c jeszcze zmienia\u0142 miejsca inauguracji swojego Pucharu. Dopiero od sezonu 2000\/2001 S\u00f6lden przyznano na sta\u0142e pierwsz\u0105 pozycj\u0119 w kalendarzu alpejskich zmaga\u0144. Od tego czasu tylko raz \u2013 jesieni\u0105 2006 r. \u2013 nie uda\u0142o si\u0119 tam rozegra\u0107 zawod\u00f3w: nawet na lodowcu Rettenbach by\u0142o zbyt ma\u0142o \u015bniegu (a przecie\u017c trasa zaczyna si\u0119 tam powy\u017cej 3000 m n.p.m.!).<\/p>\n<p>Co ciekawe, cho\u0107 S\u00f6lden uchodzi za stacj\u0119 drog\u0105, to bilety na zawody sprzedawane by\u0142y w cenie do\u015b\u0107 przyst\u0119pnej, bo po 17 euro na ka\u017cd\u0105 z konkurencji (karnet na przejazdy kobiet i m\u0119\u017cczyzn mo\u017cna by\u0142o kupi\u0107 za 29 euro). Wst\u0119p na inauguracyjn\u0105 imprez\u0119 w s\u0142ynnym pubie Alibi kosztowa\u0142 25 euro.<\/p>\n<p>Z kolei towarzysk\u0105, by tak rzec, sensacj\u0105 tegorocznych zawod\u00f3w by\u0142o to, \u017ce ich dwukrotny (2003 i 2004 r.) triumfator, Amerykanin Bode Miller, wyst\u0105pi\u0107 mia\u0142 w nowym kasku i goglach. Ot\u00f3\u017c po wieloletniej wsp\u00f3\u0142pracy porzuci\u0142 on w\u0142a\u015bnie znan\u0105 firm\u0119 Briko i podpisa\u0142 kontrakt z dzia\u0142aj\u0105c\u0105 na rynku od 2005 r. mark\u0105 POC.<\/p>\n<p><a href=\"\/wp-content\/uploads\/\/2010\/10\/soldenactu_3762_newsletterleft.jpg\"><img decoding=\"async\" class=\"alignnone size-medium wp-image-384\" title=\"soldenactu_3762_newsletterleft\" src=\"\/wp-content\/uploads\/\/2010\/10\/soldenactu_3762_newsletterleft.jpg\" alt=\"\" \/><\/a>\u00a0<em>Triumfatorki pierwszych tegorocznych zawod\u00f3w alpejskiego Pucharu \u015awiata<\/em><\/p>\n<p>Pierwsze zawody alpejskiego Pucharu \u015awiata wygra\u0142a 21-letnia Viktoria Rebensburg z Niemiec (mistrzyni olimpijska z Vancouver!). Konkurencji m\u0119\u017cczyzn nie uda\u0142o si\u0119 doko\u0144czy\u0107 z powodu g\u0119stej mg\u0142y (w pierwszym przeje\u017adzie najlepszy czas uzyska\u0142 Cyprien Richard z Francji \u2013 s\u0119dziowie zastanawiali si\u0119, czy nie uzna\u0107 go zwyci\u0119zc\u0105, jednak w ko\u0144cu decyzj\u0105 FIS wyniki zosta\u0142y anulowane;\u00a0 zawody nie zostan\u0105 te\u017c powt\u00f3rzone w innym terminie).<\/p>\n<p>\u00a0Oczywi\u015bcie S\u00f6lden to nie tylko arena zmaga\u0144 zawodowc\u00f3w, ale tak\u017ce atrakcyjne miejsce dla amator\u00f3w. O nowo\u015bciach, jakie w tym sezonie kurort przygotowa\u0142 dla swoich go\u015bci, ju\u017c tu pisa\u0142em (<a href=\"http:\/\/narty.blog.polityka.pl\/?p=340\" target=\"_blank\">\u201eAustria my\u015bli o sezonie: S\u00f6lden\u201d<\/a>, 8 wrze\u015bnia 2010 r.).<\/p>\n<p>\u00a0<a href=\"\/wp-content\/uploads\/\/2010\/10\/solden-current1.jpg\"><img loading=\"lazy\" decoding=\"async\" class=\"alignnone size-medium wp-image-385\" title=\"solden-current1\" src=\"\/wp-content\/uploads\/\/2010\/10\/solden-current1-300x225.jpg\" alt=\"\" width=\"300\" height=\"225\" srcset=\"\/narty\/wp-content\/uploads\/2010\/10\/solden-current1-300x225.jpg 300w, \/narty\/wp-content\/uploads\/2010\/10\/solden-current1.jpg 400w\" sizes=\"(max-width: 300px) 100vw, 300px\" \/><\/a>\u00a0<em>Jedna z tegorocznych inwestycji w S\u00f6lden: g\u00f3rna stacja kolejki\u00a03-S-Bahn (3040 m n.p.m.)<\/em><\/p>\n<p>Sam kiedy kilka na\u015bcie lat temu mia\u0142em okazj\u0119 je\u017adzi\u0107 w S\u00f6lden, na kwater\u0119 wybra\u0142em jednak ma\u0142\u0105 wiosk\u0119 Vent na kra\u0144cu doliny \u00d6tztal. Od S\u00f6lden dzieli j\u0105 20 minut jazdy skibusem. Le\u017cy jednak a\u017c na 2000 m n.p.m., gwarantuje nie tylko pi\u0119kne widoki (jest m.in. miejscem wypadowym na licz\u0105cy 3768 m Wildspitze, drugi pod wzgl\u0119dem wysoko\u015bci szczyt austriackich Alp). ale tak\u017ce \u2013 w przeciwie\u0144stwie do dyskotekowego S\u00f6lden \u2013 b\u0142og\u0105 cisz\u0119.<\/p>\n<p>A na nast\u0119pne zawody Pucharu \u015awiata trzeba poczeka\u0107 do 13 listopada. Odb\u0119d\u0105 si\u0119 w fi\u0144skim Levi, o kt\u00f3rej to stacji te\u017c tu kiedy\u015b napisz\u0119 (bo i tam przecie\u017c mo\u017cna pojecha\u0107 z Polski na narty).<\/p>\n<p>\u00a0<\/p>\n","protected":false},"excerpt":{"rendered":"<p>Od slalomu giganta kobiet w austriackim S\u00f6lden rozpocz\u0119\u0142a si\u0119 tegoroczna edycja alpejskiego Pucharu \u015awiata FIS. Tu\u017c po paniach na tras\u0119 (r\u00f3wnie\u017c giganta) ruszyli panowie. To ju\u017c tradycja \u2013 od 10 lat alpejczycy zaczynaj\u0105 sezon w\u0142a\u015bnie na tym tyrolskim lodowcu. Wprawdzie pierwszy raz pocz\u0105tek pucharowej karuzeli og\u0142oszono w S\u00f6lden w pa\u017adzierniku 1993 r. (tak\u017ce by\u0142 to [&hellip;]<\/p>\n","protected":false},"author":1,"featured_media":0,"comment_status":"open","ping_status":"open","sticky":false,"template":"","format":"standard","meta":{"footnotes":""},"categories":[1],"tags":[],"_links":{"self":[{"href":"https:\/\/blog.polityka.pl\/narty\/wp-json\/wp\/v2\/posts\/383"}],"collection":[{"href":"https:\/\/blog.polityka.pl\/narty\/wp-json\/wp\/v2\/posts"}],"about":[{"href":"https:\/\/blog.polityka.pl\/narty\/wp-json\/wp\/v2\/types\/post"}],"author":[{"embeddable":true,"href":"https:\/\/blog.polityka.pl\/narty\/wp-json\/wp\/v2\/users\/1"}],"replies":[{"embeddable":true,"href":"https:\/\/blog.polityka.pl\/narty\/wp-json\/wp\/v2\/comments?post=383"}],"version-history":[{"count":0,"href":"https:\/\/blog.polityka.pl\/narty\/wp-json\/wp\/v2\/posts\/383\/revisions"}],"wp:attachment":[{"href":"https:\/\/blog.polityka.pl\/narty\/wp-json\/wp\/v2\/media?parent=383"}],"wp:term":[{"taxonomy":"category","embeddable":true,"href":"https:\/\/blog.polityka.pl\/narty\/wp-json\/wp\/v2\/categories?post=383"},{"taxonomy":"post_tag","embeddable":true,"href":"https:\/\/blog.polityka.pl\/narty\/wp-json\/wp\/v2\/tags?post=383"}],"curies":[{"name":"wp","href":"https:\/\/api.w.org\/{rel}","templated":true}]}}