
{"id":386,"date":"2010-10-27T06:22:59","date_gmt":"2010-10-27T04:22:59","guid":{"rendered":"http:\/\/narty.blog.polityka.pl\/?p=386"},"modified":"2010-10-27T17:27:57","modified_gmt":"2010-10-27T15:27:57","slug":"kaski-w-austrii-zalecane","status":"publish","type":"post","link":"https:\/\/blog.polityka.pl\/narty\/2010\/10\/27\/kaski-w-austrii-zalecane\/","title":{"rendered":"Kaski w Austrii? Zalecane!"},"content":{"rendered":"<p><a href=\"\/wp-content\/uploads\/\/2010\/10\/p3270650-male.jpg\"><\/a><a href=\"\/wp-content\/uploads\/\/2010\/10\/p3220583-m.jpg\"><\/a>Dzieci poni\u017cej 15 roku \u017cycia, chc\u0105c je\u017adzi\u0107 na nartach czy snowboardzie w niekt\u00f3rych krajach zwi\u0105zkowych Austrii powinny na\u0142o\u017cy\u0107 kask!<\/p>\n<p>Jak informuje Katarzyna Gaczorek z warszawskiego biura Austria.Info, zalecenie uprawiania sport\u00f3w zimowych\u00a0 w kaskach wprowadzi\u0142y ju\u017c Ziemia Salzburska, Karyntia, Styria, Dolna Austria, G\u00f3rna Austria, Burgenland i Wiede\u0144.\u00a0 Co wa\u017cne, dotyczy to nie tylko jazdy na nartach czy desce, ale r\u00f3wnie\u017c, na przyk\u0142ad, na skuterach \u015bnie\u017cnych, a nawet na sankach po przygotowanych trasach.<\/p>\n<p>Zalecenie kierowane jest do opiekun\u00f3w (rodzic\u00f3w, instruktor\u00f3w, wychowawc\u00f3w na obozach zimowych itp.) \u2013 maj\u0105 oni \u201edo\u0142o\u017cy\u0107 wszelkich stara\u0144 i dopilnowa\u0107\u201d, aby podopieczni na stoku za\u0142o\u017cyli kaski.<\/p>\n<p><a href=\"\/wp-content\/uploads\/\/2010\/10\/p3270650-male.jpg\"><img loading=\"lazy\" decoding=\"async\" class=\"alignnone size-medium wp-image-387\" title=\"p3270650-male\" src=\"\/wp-content\/uploads\/\/2010\/10\/p3270650-male-300x225.jpg\" alt=\"\" width=\"300\" height=\"225\" srcset=\"\/narty\/wp-content\/uploads\/2010\/10\/p3270650-male-300x225.jpg 300w, \/narty\/wp-content\/uploads\/2010\/10\/p3270650-male.jpg 1024w\" sizes=\"(max-width: 300px) 100vw, 300px\" \/><\/a>\u00a0<\/p>\n<p>Prawo nie przewiduje jednak wci\u0105\u017c ani mo\u017cliwo\u015bci kontrolowania przestrzegania tego przepisu przez policj\u0119, s\u0142u\u017cby ratownicze czy obs\u0142ug\u0119 wyci\u0105g\u00f3w, ani te\u017c kar za jego nieprzestrzeganie. Opiekun dziecka, kt\u00f3rzy nie dopilnowa\u0142 obowi\u0105zku nie mo\u017ce zatem zosta\u0107 ob\u0142o\u017cony mandatem czy inn\u0105 sankcj\u0105, Dlatego w\u0142a\u015bnie mo\u017cna m\u00f3wi\u0107 jedynie o zaleceniu, a nie o obowi\u0105zku jazdy w kasku w Austrii \u2013 podkre\u015bla z kolei Franca Maria Kobenter, szefowa polskiego oddzia\u0142u Austria.Info.<\/p>\n<p>Nie znaczy to, \u017ce lekcewa\u017cenie zalecenia pozostanie bez konsekwencji: ot\u00f3\u017c w razie wypadku na stoku, ubezpieczyciel b\u0119dzie m\u00f3g\u0142 nie wyp\u0142aci\u0107 odszkodowania i innych \u015bwiadcze\u0144, je\u015bli dziecko nie mia\u0142o na g\u0142owie kasku.<\/p>\n<p>\u017badnych formalnych regulacji tycz\u0105cych kask\u00f3w nie ustanowi\u0142y natomiast jeszcze Tyrol i Vorarlberg (cho\u0107 tu organizuje si\u0119 rozmaite kampanie zach\u0119caj\u0105ce do ich u\u017cywania).<\/p>\n<p>Co istotne, we wszystkich szk\u00f3\u0142kach narciarskich i wypo\u017cyczalniach sprz\u0119tu w Austrii mo\u017cna wypo\u017cyczy\u0107 dziecku kask albo za minimaln\u0105 op\u0142at\u0105, albo nawet za darmo.<\/p>\n<p><a href=\"\/wp-content\/uploads\/\/2010\/10\/p3220583-m.jpg\"><img loading=\"lazy\" decoding=\"async\" class=\"alignnone size-medium wp-image-388\" title=\"p3220583-m\" src=\"\/wp-content\/uploads\/\/2010\/10\/p3220583-m-300x225.jpg\" alt=\"\" width=\"300\" height=\"225\" srcset=\"\/narty\/wp-content\/uploads\/2010\/10\/p3220583-m-300x225.jpg 300w, \/narty\/wp-content\/uploads\/2010\/10\/p3220583-m.jpg 512w\" sizes=\"(max-width: 300px) 100vw, 300px\" \/><\/a><\/p>\n<p>Jako pierwsi obowi\u0105zek nak\u0142adania kask\u00f3w przez dzieci poni\u017cej 14 roku \u017cycia podczas jazdy na nartach lub snowboardzie wprowadzili W\u0142osi. Co wi\u0119cej, za jego nieprzestrzeganie grozi tam 150 euro mandatu, kt\u00f3ry policja lub karabinierzy egzekwuj\u0105 od opiekun\u00f3w dziecka na stoku. Kilkuletnia ju\u017c praktyka pokazuje, \u017ce czyni\u0105 to, by tak rzec, z nale\u017cyt\u0105 staranno\u015bci\u0105.<\/p>\n<p>Od minionej zimy na mocy ustawy o kulturze fizycznej tak\u017ce w Polsce \u201eosoba uprawiaj\u0105ca narciarstwo lub snowboard, do uko\u0144czenia 15 roku \u017cycia, obowi\u0105zana jest u\u017cywa\u0107 w czasie jazdy kask\u00f3w ochronnych odpowiadaj\u0105cych w\u0142a\u015bciwym warunkom technicznym\u201d.\u00a0 Za dopuszczenie do jazdy bez kasku odpowiadaj\u0105\u00a0 doro\u015bli sprawuj\u0105cy \u201eopiek\u0119 lub nadz\u00f3r mad ma\u0142oletnim\u201d \u2013 a wi\u0119c nie tylko rodzice, lecz r\u00f3wnie\u017c instruktorzy w szk\u00f3\u0142kach narciarskich czy nauczyciele podczas wyjazd\u00f3w szkolnych. Za niedopilnowanie przestrzegania nakazu grozi nagana lub grzywna, orzekana w trybie kodeksu wykrocze\u0144.<\/p>\n<p>Zapis taki oznacza jednak, \u017ce \u0142ami\u0105cymi przepis musieliby zajmowa\u0107 si\u0119 funkcjonariusze policji. Dlatego z egzekucj\u0105 mog\u0105 by\u0107 k\u0142opoty, bo patrole policyjne na polskich stokach s\u0105 \u2013 w przeciwie\u0144stwie cho\u0107by w\u0142a\u015bnie do W\u0142och \u2013 rzadko\u015bci\u0105.<\/p>\n<p>W tej sytuacji du\u017co skuteczniejszym rozwi\u0105zaniem by\u0142oby zobowi\u0105zanie w\u0142a\u015bcicieli wyci\u0105g\u00f3w do niewpuszczania na nie dzieci bez kask\u00f3w. Ta \u0142atwa do zastosowania i bezpo\u015brednio odczuwalna restrykcja w prosty spos\u00f3b prowadzi\u0142aby do celu. Aparat pa\u0144stwa wkracza\u0142by dopiero w ostateczno\u015bci.<\/p>\n","protected":false},"excerpt":{"rendered":"<p>Dzieci poni\u017cej 15 roku \u017cycia, chc\u0105c je\u017adzi\u0107 na nartach czy snowboardzie w niekt\u00f3rych krajach zwi\u0105zkowych Austrii powinny na\u0142o\u017cy\u0107 kask! Jak informuje Katarzyna Gaczorek z warszawskiego biura Austria.Info, zalecenie uprawiania sport\u00f3w zimowych\u00a0 w kaskach wprowadzi\u0142y ju\u017c Ziemia Salzburska, Karyntia, Styria, Dolna Austria, G\u00f3rna Austria, Burgenland i Wiede\u0144.\u00a0 Co wa\u017cne, dotyczy to nie tylko jazdy na nartach [&hellip;]<\/p>\n","protected":false},"author":1,"featured_media":0,"comment_status":"open","ping_status":"open","sticky":false,"template":"","format":"standard","meta":{"footnotes":""},"categories":[1],"tags":[],"_links":{"self":[{"href":"https:\/\/blog.polityka.pl\/narty\/wp-json\/wp\/v2\/posts\/386"}],"collection":[{"href":"https:\/\/blog.polityka.pl\/narty\/wp-json\/wp\/v2\/posts"}],"about":[{"href":"https:\/\/blog.polityka.pl\/narty\/wp-json\/wp\/v2\/types\/post"}],"author":[{"embeddable":true,"href":"https:\/\/blog.polityka.pl\/narty\/wp-json\/wp\/v2\/users\/1"}],"replies":[{"embeddable":true,"href":"https:\/\/blog.polityka.pl\/narty\/wp-json\/wp\/v2\/comments?post=386"}],"version-history":[{"count":0,"href":"https:\/\/blog.polityka.pl\/narty\/wp-json\/wp\/v2\/posts\/386\/revisions"}],"wp:attachment":[{"href":"https:\/\/blog.polityka.pl\/narty\/wp-json\/wp\/v2\/media?parent=386"}],"wp:term":[{"taxonomy":"category","embeddable":true,"href":"https:\/\/blog.polityka.pl\/narty\/wp-json\/wp\/v2\/categories?post=386"},{"taxonomy":"post_tag","embeddable":true,"href":"https:\/\/blog.polityka.pl\/narty\/wp-json\/wp\/v2\/tags?post=386"}],"curies":[{"name":"wp","href":"https:\/\/api.w.org\/{rel}","templated":true}]}}