
{"id":390,"date":"2010-10-29T11:13:52","date_gmt":"2010-10-29T09:13:52","guid":{"rendered":"http:\/\/narty.blog.polityka.pl\/?p=390"},"modified":"2010-10-29T11:29:56","modified_gmt":"2010-10-29T09:29:56","slug":"zima-wrocila-do-tyrolu","status":"publish","type":"post","link":"https:\/\/blog.polityka.pl\/narty\/2010\/10\/29\/zima-wrocila-do-tyrolu\/","title":{"rendered":"Zima wr\u00f3ci\u0142a do Tyrolu"},"content":{"rendered":"<p><a href=\"\/wp-content\/uploads\/\/2010\/10\/stubai_glacier-m.jpg\"><\/a>\u2013 pisze mi Esther Wilhelm z Tyrol Tourist Board PR &amp; Medien. Przyk\u0142adowo, na lodowcu Hintertux tylko 25 pa\u017adziernika spad\u0142o 100 centymetr\u00f3w \u015bniegu. Jest go tyle, \u017ce na Hintertux od tego weekendu mo\u017cna ju\u017c je\u017adzi\u0107 tak\u017ce w rejonie Sommerberg. Do dyspozycji jest zatem w sumie 86 km tras! Na swoje stoki zapraszaj\u0105 tak\u017ce pozosta\u0142e cztery tyrolskie lodowce: Stubai, Rettenbachferner (w S\u00f6lden), Pitztal i Kaunertal.<\/p>\n<p>Zreszt\u0105 na Stubai i Pitztal na d\u0142ugo przed w\u0142a\u015bciwym sezonem trenowali najlepsi alpejczycy \u015bwiata. Zw\u0142aszcza gospodarze Stubai maj\u0105 powody do dumy: to przede wszystkim u nich form\u0119 szlifowa\u0142a kadra niemieckich alpejek. A efekty s\u0105 znakomite: podczas ubieg\u0142otygodniowych inauguracyjnych zawod\u00f3w Pucharu \u015awiata w Soelden dwie reprezentantki Niemiec stan\u0119\u0142y na podium (Victoria \u201eSally\u201d Rebensburg by\u0142a pierwsza, a Kathrin Hoelzi \u2013 druga), za\u015b ich kole\u017canka z kadry, Maria Reisch zaj\u0119\u0142a te\u017c wysokie, bo pi\u0105te, miejsce (patrz: <a href=\"http:\/\/narty.blog.polityka.pl\/?p=383\" target=\"_blank\">\u201eRuszyli!\u201d<\/a>, 24 pa\u017adziernika 2010 r.).<\/p>\n<p>Tak\u0105 form\u0105 niemieckich zawodniczek zaskoczeni byli wszyscy komentarzy, cho\u0107 przecie\u017c ledwie 21-letnia Rebensburg w\u0142a\u015bnie w gigancie zdoby\u0142a z\u0142oto podczas igrzysk w Vancouver, a Reisch to tak\u017ce z\u0142ota medalistka olimpijska i mistrzyni \u015bwiata \u2013 tyle \u017ce w slalomie. Stubai jako miejsce trening\u00f3w niemieckiej kadry wybra\u0142 jej nowy trener Thomas Staufer (jego poprzednik, utytu\u0142owany Mathias Berthold wybra\u0142\u2026 trenowanie teamu Austrii).<\/p>\n<p><img loading=\"lazy\" decoding=\"async\" class=\"alignnone size-medium wp-image-391\" title=\"stubai_glacier-m\" src=\"\/wp-content\/uploads\/\/2010\/10\/stubai_glacier-m-300x199.jpg\" alt=\"\" width=\"300\" height=\"199\" srcset=\"\/narty\/wp-content\/uploads\/2010\/10\/stubai_glacier-m-300x199.jpg 300w, \/narty\/wp-content\/uploads\/2010\/10\/stubai_glacier-m.jpg 1064w\" sizes=\"(max-width: 300px) 100vw, 300px\" \/><em>Widok ze Stubaier Gletscher<\/em><\/p>\n<p>Oficjalnie sezon na Stubai rusza w\u0142a\u015bnie w ten weekend \u2013 inauguracj\u0119 u\u015bwietni\u0107 ma zorganizowany \u201enajwy\u017cej na \u015bwiecie\u201d Oktoberfest. (O szczeg\u00f3\u0142ach i nowych inwestycjach na Stubaier Gletscher ju\u017c tu pisa\u0142em: <a href=\"http:\/\/narty.blog.polityka.pl\/?p=352\" target=\"_blank\">\u201eOktoberfest dla narciarzy\u201d<\/a>, 20 wrze\u015bnia 2010 r.).<\/p>\n<p>Czyto ju\u017c sportowa impreza odb\u0119dzie si\u0119 na Stubai za tydzie\u0144: ot\u00f3\u017c na weekend 5\u20137 listopada planowany jest tam SportScheck Gletscher Testival \u2013 najwi\u0119kszy festiwal sprz\u0119tu narciarskiego w Alpach. 40 wiod\u0105cych firm poka\u017ce ok. 3600 swoich produkt\u00f3w, z kt\u00f3rych wiele b\u0119dzie mo\u017cna przetestowa\u0107 (st\u0105d gra s\u0142\u00f3w w nazwie przedsi\u0119wzi\u0119cia). Niewykluczone, \u017ce uda mi si\u0119 zda\u0107 z Testival-u relacj\u0119.<\/p>\n<p>Ten weekend to pocz\u0105tek sezonu r\u00f3wnie\u017c w Alpach Kitzb\u00fchelskich. Nic dziwnego:\u00a0 s\u0142yn\u0105 one nie tylko z obfitych opad\u00f3w \u015bniegu, ale i kilku innych czynnik\u00f3w sprzyjaj\u0105cych utrzymywaniu si\u0119 dobrych warunk\u00f3w. To temat sam w sobie \u2013 a wi\u0119c na kolejn\u0105 opowie\u015b\u0107.<\/p>\n<p>Tak czy tak ju\u017c teraz ruszaj\u0105 4-osobowy wyci\u0105g krzese\u0142kowy Resterh\u00f6he na prze\u0142\u0119czy Thurn i kolejka Panoramabahn Kitzb\u00fcheler Alpen od stacji Breitmoos.\u00a0 Sk\u0105din\u0105d ob\u00f3z treningowy w Kitzb\u00fchel odbywa w\u0142a\u015bnie \u017ce\u0144ska kadra \u00d6SV (Austriackiego Zwi\u0105zku Narciarskiego).<\/p>\n<p>Jak relacjonuje Esther, dzi\u0119ki wczesnym opadom \u015bniegu przygotowano ju\u017c tak\u017ce pierwsze trasy biegowe: na przyk\u0142ad w Obertilliach we wschodnim Tyrolu &#8211; tam z kolei trenuje \u201ekr\u00f3l biathlonu\u201d i \u201eObertilliacher z wyboru\u201d Ole Einar Bjoerndalen.<\/p>\n<p>Warto tylko przypomnie\u0107, \u017ce od 1 listopada samochody je\u017cd\u017c\u0105ce po austriackich drogach musz\u0105 mie\u0107 za\u0142o\u017cone zimowe opony.<\/p>\n<p>\u00a0<\/p>\n<p>\u00a0<\/p>\n","protected":false},"excerpt":{"rendered":"<p>\u2013 pisze mi Esther Wilhelm z Tyrol Tourist Board PR &amp; Medien. Przyk\u0142adowo, na lodowcu Hintertux tylko 25 pa\u017adziernika spad\u0142o 100 centymetr\u00f3w \u015bniegu. Jest go tyle, \u017ce na Hintertux od tego weekendu mo\u017cna ju\u017c je\u017adzi\u0107 tak\u017ce w rejonie Sommerberg. Do dyspozycji jest zatem w sumie 86 km tras! Na swoje stoki zapraszaj\u0105 tak\u017ce pozosta\u0142e cztery [&hellip;]<\/p>\n","protected":false},"author":1,"featured_media":0,"comment_status":"open","ping_status":"open","sticky":false,"template":"","format":"standard","meta":{"footnotes":""},"categories":[1],"tags":[],"_links":{"self":[{"href":"https:\/\/blog.polityka.pl\/narty\/wp-json\/wp\/v2\/posts\/390"}],"collection":[{"href":"https:\/\/blog.polityka.pl\/narty\/wp-json\/wp\/v2\/posts"}],"about":[{"href":"https:\/\/blog.polityka.pl\/narty\/wp-json\/wp\/v2\/types\/post"}],"author":[{"embeddable":true,"href":"https:\/\/blog.polityka.pl\/narty\/wp-json\/wp\/v2\/users\/1"}],"replies":[{"embeddable":true,"href":"https:\/\/blog.polityka.pl\/narty\/wp-json\/wp\/v2\/comments?post=390"}],"version-history":[{"count":0,"href":"https:\/\/blog.polityka.pl\/narty\/wp-json\/wp\/v2\/posts\/390\/revisions"}],"wp:attachment":[{"href":"https:\/\/blog.polityka.pl\/narty\/wp-json\/wp\/v2\/media?parent=390"}],"wp:term":[{"taxonomy":"category","embeddable":true,"href":"https:\/\/blog.polityka.pl\/narty\/wp-json\/wp\/v2\/categories?post=390"},{"taxonomy":"post_tag","embeddable":true,"href":"https:\/\/blog.polityka.pl\/narty\/wp-json\/wp\/v2\/tags?post=390"}],"curies":[{"name":"wp","href":"https:\/\/api.w.org\/{rel}","templated":true}]}}