
{"id":394,"date":"2010-11-04T06:11:07","date_gmt":"2010-11-04T04:11:07","guid":{"rendered":"http:\/\/narty.blog.polityka.pl\/?p=394"},"modified":"2010-11-03T23:11:38","modified_gmt":"2010-11-03T21:11:38","slug":"ferie-zimowe-trafic-albo-uniknac","status":"publish","type":"post","link":"https:\/\/blog.polityka.pl\/narty\/2010\/11\/04\/ferie-zimowe-trafic-albo-uniknac\/","title":{"rendered":"Ferie zimowe: trafi\u0107 albo unikn\u0105\u0107"},"content":{"rendered":"<p>To wiadomo\u015b\u0107 wa\u017cna dla wszystkich. Ci, kt\u00f3rzy maj\u0105 dzieci w wieku szkolnym, musz\u0105 bowiem zwykle dostosowa\u0107 sw\u00f3j narciarski urlop do termin\u00f3w uczniowskich ferii. A ci, kt\u00f3rzy dzieci nie maj\u0105, staraj\u0105 si\u0119 jak mog\u0105, by jecha\u0107 na narty poza tym okresem.<\/p>\n<p>Ferie zimowe w roku szkolnym 2010\/2011 zgodnie z rozporz\u0105dzenia Ministra Edukacji Narodowej i Sportu odb\u0119d\u0105 si\u0119 pomi\u0119dzy 17 stycznia a 27 lutego 2011 roku. Dok\u0142adny termin zale\u017cy od wojew\u00f3dztwa.<\/p>\n<p>I tak, mi\u0119dzy 17 a 30 stycznia wolne b\u0119d\u0105 mie\u0107 uczniowie z wojew\u00f3dztw: lubelskiego, \u0142\u00f3dzkie, podkarpackiego, pomorskiego i \u015bl\u0105skiego. Od 24 stycznia do 6 lutego 2011 r. na ferie wyrusz\u0105 dzieci i m\u0142odzie\u017c z podlaskiego i warmi\u0144sko-mazurskiego. W okresie od 31 stycznia do 13 lutego ferie maj\u0105 szko\u0142y z kujawsko-pomorskiego, lubuskiego, ma\u0142opolskiego, \u015bwi\u0119tokrzyskiego i wielkopolskiego. Wreszcie od 14 do 27 lutego w g\u00f3ry mog\u0105 jecha\u0107 uczniowie (i rodzice) z dolno\u015bl\u0105skiego, mazowieckiego, opolskiego i zachodniopomorskiego.<\/p>\n<p>Warto pami\u0119ta\u0107, \u017ce cho\u0107 w ka\u017cdym przypadku ferie trwaj\u0105 od poniedzia\u0142ku, to w praktyce czas wolny od zaj\u0119\u0107 zaczyna si\u0119 dwa dni wcze\u015bniej (sobota i niedziela). Przyk\u0142adowo, je\u015bli ferie formalnie zaczynaj\u0105 si\u0119 17 stycznia, to ostatni dzie\u0144 w szkole przypada na 16 stycznia.<\/p>\n<p>Oczywi\u015bcie, planuj\u0105c zimowy urlop za granic\u0105, trzeba te\u017c bra\u0107 pod uwag\u0119 przerwy w nauce w lokalnych szko\u0142ach, a r\u00f3wnie\u017c w krajach, z kt\u00f3rych pochodzi najwi\u0119cej go\u015bci na tamtejszych stokach.<\/p>\n<p>Przyk\u0142adowo: na s\u0142owackim Chopoku na pocz\u0105tku stycznia (a wi\u0119c w terminie w Polsce uwa\u017canym za martwy) mo\u017cna spotka\u0107 t\u0142umy narciarzy z Rosji i Ukrainy. Korzystaj\u0105 oni z przerwy noworoczno-\u015bwi\u0105tecznej, jako \u017ce prawos\u0142awne Bo\u017ce Narodzenie obchodzone jest wedle kalendarza julia\u0144skiego, czyli wypada 7 stycznia (13 dni p\u00f3\u017aniej ni\u017c u katolik\u00f3w).<\/p>\n<p>\u00a0<\/p>\n<p>\u00a0<\/p>\n<p>\u00a0<\/p>\n","protected":false},"excerpt":{"rendered":"<p>To wiadomo\u015b\u0107 wa\u017cna dla wszystkich. Ci, kt\u00f3rzy maj\u0105 dzieci w wieku szkolnym, musz\u0105 bowiem zwykle dostosowa\u0107 sw\u00f3j narciarski urlop do termin\u00f3w uczniowskich ferii. A ci, kt\u00f3rzy dzieci nie maj\u0105, staraj\u0105 si\u0119 jak mog\u0105, by jecha\u0107 na narty poza tym okresem. Ferie zimowe w roku szkolnym 2010\/2011 zgodnie z rozporz\u0105dzenia Ministra Edukacji Narodowej i Sportu odb\u0119d\u0105 [&hellip;]<\/p>\n","protected":false},"author":1,"featured_media":0,"comment_status":"open","ping_status":"open","sticky":false,"template":"","format":"standard","meta":{"footnotes":""},"categories":[1],"tags":[],"_links":{"self":[{"href":"https:\/\/blog.polityka.pl\/narty\/wp-json\/wp\/v2\/posts\/394"}],"collection":[{"href":"https:\/\/blog.polityka.pl\/narty\/wp-json\/wp\/v2\/posts"}],"about":[{"href":"https:\/\/blog.polityka.pl\/narty\/wp-json\/wp\/v2\/types\/post"}],"author":[{"embeddable":true,"href":"https:\/\/blog.polityka.pl\/narty\/wp-json\/wp\/v2\/users\/1"}],"replies":[{"embeddable":true,"href":"https:\/\/blog.polityka.pl\/narty\/wp-json\/wp\/v2\/comments?post=394"}],"version-history":[{"count":0,"href":"https:\/\/blog.polityka.pl\/narty\/wp-json\/wp\/v2\/posts\/394\/revisions"}],"wp:attachment":[{"href":"https:\/\/blog.polityka.pl\/narty\/wp-json\/wp\/v2\/media?parent=394"}],"wp:term":[{"taxonomy":"category","embeddable":true,"href":"https:\/\/blog.polityka.pl\/narty\/wp-json\/wp\/v2\/categories?post=394"},{"taxonomy":"post_tag","embeddable":true,"href":"https:\/\/blog.polityka.pl\/narty\/wp-json\/wp\/v2\/tags?post=394"}],"curies":[{"name":"wp","href":"https:\/\/api.w.org\/{rel}","templated":true}]}}