
{"id":398,"date":"2010-11-10T09:54:58","date_gmt":"2010-11-10T08:54:58","guid":{"rendered":"http:\/\/narty.blog.polityka.pl\/?p=398"},"modified":"2010-11-10T09:54:58","modified_gmt":"2010-11-10T08:54:58","slug":"wielki-stubai","status":"publish","type":"post","link":"https:\/\/blog.polityka.pl\/narty\/2010\/11\/10\/wielki-stubai\/","title":{"rendered":"Wielki Stubai"},"content":{"rendered":"<p><a href=\"\/wp-content\/uploads\/\/2010\/11\/stubai_glacier_03-m.jpg\"><\/a><a href=\"\/wp-content\/uploads\/\/2010\/11\/stubai-1m.jpg\"><\/a><a href=\"\/wp-content\/uploads\/\/2010\/11\/stubai_glacier_01-m.jpg\"><\/a><a href=\"\/wp-content\/uploads\/\/2010\/11\/stubai_valley_02-m.jpg\"><\/a><a href=\"\/wp-content\/uploads\/\/2010\/11\/stubai_glacier_05-m.jpg\"><\/a><a href=\"\/wp-content\/uploads\/\/2010\/11\/stubai_glacier_02-m.jpg\"><\/a>\u015aniegu ju\u017c na naszym lodowcu teraz jest wi\u0119cej ni\u017c w tym samym czasie w minionym sezonie \u2013 m\u00f3wi\u0142 mi w weekend Christian Gleirscher z Tourismusverband Stubai. W poniedzia\u0142ek puch pokry\u0142 tak\u017ce dolin\u0119. Pada\u0142o niemal okr\u0105g\u0142\u0105 dob\u0119, a niekt\u00f3re p\u0142atki mia\u0142y dobre 2 centymetry \u015brednicy. By\u0142o niczym w najpi\u0119kniejsze Bo\u017ce Narodzenie.<\/p>\n<p>Je\u015bli tak dalej p\u00f3jdzie, b\u0119dzie mo\u017cna udost\u0119pni\u0107 wszystkie trasy a\u017c 5 lodowc\u00f3w, kt\u00f3re sk\u0142adaj\u0105 si\u0119 na obszar zwany Stubaier Gletscher. Narciarze i snowboardzi\u015bci mieliby wtedy do dyspozycji 110 km \u2013 nie licz\u0105c oczywi\u015bcie niezliczonych wariant\u00f3w jazdy poza wytyczonymi nartostradami.<\/p>\n<p><a href=\"\/wp-content\/uploads\/\/2010\/11\/stubai-1m.jpg\"><img loading=\"lazy\" decoding=\"async\" class=\"alignnone size-medium wp-image-400\" title=\"stubai-1m\" src=\"\/wp-content\/uploads\/\/2010\/11\/stubai-1m-300x199.jpg\" alt=\"\" width=\"300\" height=\"199\" srcset=\"\/narty\/wp-content\/uploads\/2010\/11\/stubai-1m-300x199.jpg 300w, \/narty\/wp-content\/uploads\/2010\/11\/stubai-1m.jpg 1064w\" sizes=\"(max-width: 300px) 100vw, 300px\" \/><\/a><em>\u00a0Jeden z lodowc\u00f3w obszaru Stubaier Gletscher<\/em><\/p>\n<p>Stubai jest bowiem najwi\u0119kszym terenem lodowcowym w Austrii. Wi\u0119cej: pr\u00f3cz najcz\u0119stszych na lodowcach szerokich tras o niewielkim stopniu trudno\u015bci, doskona\u0142ych dla pocz\u0105tkuj\u0105cych, s\u0105 tu tak\u017ce miejsca trudniejsze.<\/p>\n<p>Nic dziwnego, \u017ce w stacji cz\u0119sto mo\u017cna spotka\u0107 przygotowuj\u0105cych si\u0119 do sezonu alpejczyk\u00f3w. Kiedy tylko ruszy\u0142a, czyli od po\u0142owy wrze\u015bnia, form\u0119 na jej stokach szlifowa\u0142y zawodniczki z Niemiec. Skutecznie, bo na inauguracyjnych zawodach w pobliskim S\u00f6lden dwie z nich by\u0142y na podium, a kolejna zaj\u0119\u0142a pi\u0105te miejsce.<br \/>\nTu\u017c przed moim przyjazdem trenowa\u0142a ze swoimi kole\u017cankami z reprezentacji s\u0142ynna Szwedka Anja Person. Bywaj\u0105 tu te\u017c s\u0142ynni Amerykanie Bode Miller i Ted Ligety. Sam mia\u0142em okazj\u0119 ogl\u0105da\u0107 stok przygotowany dla niemieckich zjazdowc\u00f3w, specjalizuj\u0105cych si\u0119 w konkurencjach szybko\u015bciowych. By\u0142o te\u017c sporo amatorskich klub\u00f3w narciarskich \u2013 w tym tygodniu zjecha\u0142o te\u017c wiele grup z Polski.<\/p>\n<p><a href=\"\/wp-content\/uploads\/\/2010\/11\/stubai_glacier_02-m.jpg\"><img loading=\"lazy\" decoding=\"async\" class=\"alignnone size-medium wp-image-404\" title=\"stubai_glacier_02-m\" src=\"\/wp-content\/uploads\/\/2010\/11\/stubai_glacier_02-m-300x199.jpg\" alt=\"\" width=\"300\" height=\"199\" srcset=\"\/narty\/wp-content\/uploads\/2010\/11\/stubai_glacier_02-m-300x199.jpg 300w, \/narty\/wp-content\/uploads\/2010\/11\/stubai_glacier_02-m.jpg 591w\" sizes=\"(max-width: 300px) 100vw, 300px\" \/><\/a>\u00a0<em>Gondolka na Stubaier Gletscher<\/em><\/p>\n<p>Je\u015bli wi\u0119c kto\u015b szuka lodowca z wymagaj\u0105cymi trasami, to \u015bmia\u0142o mo\u017ce wybra\u0107 w\u0142a\u015bnie Stubaier Gletscher. Podobnie jest on godny polecenia tym, kt\u00f3rzy zimowy urlop wol\u0105 sp\u0119dza\u0107 rzeczywi\u015bcie na \u015bniegu, nie za\u015b w dyskotekach czy barach. Oczywi\u015bcie wioski w dolinie, w kt\u00f3rych mieszkaj\u0105 go\u015bcie, zapewniaj\u0105 tak\u017ce tzw. apres ski, jednak nie jest ona tak nachalna (i g\u0142o\u015bna) jak w nastawionych na nocne zabawy stacjach typu S\u00f6lden czy Ischgl.<\/p>\n<p>To m.in. dlatego Stubai dwa lata z rz\u0119du (2009 i 2010) zdoby\u0142 laur \u201eNajlepszej alpejskiej stacji dla rodzin\u201d przyznawany przez renomowany przewodnik ADAC SkiGuide oraz u\u017cytkownik\u00f3w portalu <a href=\"http:\/\/www.skigebiete-test.de\" target=\"_blank\">Skigebiete<\/a>. A konkurencja by\u0142a spora, bo pod uwag\u0119 brano 1500 stacji. Nie bez znaczenia jest i to, \u017ce w wioskach doliny mo\u017cna znale\u017a\u0107 nocleg ju\u017c za 25 euro od osoby, a dobr\u0105 du\u017c\u0105 pizz\u0119 zje\u015b\u0107 za 7 euro.<\/p>\n<p>Godne polecenia s\u0105 zw\u0142aszcza czarne i czerwone trasy z prze\u0142\u0119czy Daunscharte (mo\u017cna si\u0119 na ni\u0105 dosta\u0107 wyci\u0105giem orczykowym) oraz pi\u0119kny kocio\u0142 Fernau, obs\u0142ugiwany przez wygodny (os\u0142ony przeciwwiatrowe) sze\u015bcioosobowy wyci\u0105g krzese\u0142kowy. W\u0142a\u015bnie na Daunscharte w sobot\u0119 pierwszy raz w sezonie skosztowa\u0142em wspaniale trzymaj\u0105cego zmro\u017conego \u2013 pomimo pi\u0119knego s\u0142o\u0144ca \u2013 \u015bniegu, a w Frenau dwa dni p\u00f3\u017aniej wspania\u0142ego puchu\u2026 i g\u0119sto padaj\u0105cego \u015bniegu.<\/p>\n<p>Atrakcyjny jest r\u00f3wnie\u017c zjazd z Schaufelspitze, najwy\u017cszego punktu stacji (gondola wyje\u017cd\u017ca na 3210 m n.p.m.) do obszaru Eisgrat (2900 m n.p.m.), a potem do kompleksu Gamsgarten na 2620 m n.p.m. Trasa jest szeroka, a w w\u0119\u017cszych miejscach ma dwa warianty, wi\u0119c pomimo stosownego nachylenia, jest bezpiecznie.<\/p>\n<p><a href=\"\/wp-content\/uploads\/\/2010\/11\/stubai_glacier_01-m.jpg\"><img loading=\"lazy\" decoding=\"async\" class=\"alignnone size-medium wp-image-401\" title=\"stubai_glacier_01-m\" src=\"\/wp-content\/uploads\/\/2010\/11\/stubai_glacier_01-m-300x199.jpg\" alt=\"\" width=\"300\" height=\"199\" srcset=\"\/narty\/wp-content\/uploads\/2010\/11\/stubai_glacier_01-m-300x199.jpg 300w, \/narty\/wp-content\/uploads\/2010\/11\/stubai_glacier_01-m.jpg 591w\" sizes=\"(max-width: 300px) 100vw, 300px\" \/><\/a>\u00a0<em>Gamsgarten 2620 m n.p.m.<\/em><\/p>\n<p>Na Eisgrat par\u0119 dni temu otwarto dwie restauracje (jednocze\u015bnie mo\u017ce z nich korzysta\u0107 ponad 500 os\u00f3b!) oraz gigantyczn\u0105 (700 metr\u00f3w kwadratowych powierzchni) wypo\u017cyczalni\u0119 sprz\u0119tu i sklep Intersport, kt\u00f3re oferuj\u0105 najnowsze modele nart i but\u00f3w czo\u0142owych firm. Sk\u0105din\u0105d w\u0142a\u015bnie w wypo\u017cyczalni na Eisgrat pracuje subiekt, kt\u00f3ry sta\u0142 si\u0119 w tym sezonie twarz\u0105 Intersportu w Austrii \u2013 jego zdj\u0119cie widnieje na plakatach reklamowych firmy.<\/p>\n<p>Koncepcj\u0119 nowego obiektu \u2013 poprzez zastosowanie drewnianego wystroju oraz ciep\u0142ych kolor\u00f3w \u0142\u0105cz\u0105ca nowoczesno\u015b\u0107 i funkcjonalno\u015b\u0107 z tradycj\u0105 i przytulno\u015bci\u0105 \u2013 opracowa\u0142 zesp\u00f3\u0142 architekt\u00f3w, kt\u00f3ry za zbli\u017cone obiekty otrzyma\u0142 przed rokiem presti\u017cow\u0105 ISR Architektur Award.<\/p>\n<p><a href=\"\/wp-content\/uploads\/\/2010\/11\/stubai_glacier_05-m.jpg\"><img loading=\"lazy\" decoding=\"async\" class=\"alignnone size-medium wp-image-403\" title=\"stubai_glacier_05-m\" src=\"\/wp-content\/uploads\/\/2010\/11\/stubai_glacier_05-m-300x199.jpg\" alt=\"\" width=\"300\" height=\"199\" srcset=\"\/narty\/wp-content\/uploads\/2010\/11\/stubai_glacier_05-m-300x199.jpg 300w, \/narty\/wp-content\/uploads\/2010\/11\/stubai_glacier_05-m.jpg 886w\" sizes=\"(max-width: 300px) 100vw, 300px\" \/><\/a>\u00a0<em>Eisgrat 2900 m n.p.m.<\/em><\/p>\n<p>Tam te\u017c podczas minionego weekendu zorganizowano SportScheckTestival, podczas kt\u00f3rego mo\u017cna by\u0142o wypr\u00f3bowa\u0107 kolekcje nart i snowboard\u00f3w, pipes\u2019y lawinowe, gogle, kaski, kurtki, namioty i rozmaite inne produkty ponad trzydziestu czo\u0142owych marek. Do ich namiot\u00f3w ustawia\u0142y si\u0119 d\u0142ugie kolejki ch\u0119tnych. Do tego dochodzi\u0142y kursy antylawinowe, wyprawy skitourowe i freeride\u2019owe oraz\u2026 mo\u017cliwo\u015b\u0107 sp\u0119dzenia nocy w namiocie na Schaufelspitze w temperaturze si\u0119gaj\u0105ce \u2013 20 stopni Celsjusza.<\/p>\n<p>Opr\u00f3cz lodowca Stubai to tak\u017ce trzy obszary narciarsko-snowboardowe w samej dolinie, odleg\u0142ej ledwie p\u00f3\u0142 godziny jazdy od Insbrucka. S\u0105 tam te\u017c liczne trasy biegowe i saneczkowe oraz mo\u017cliwo\u015bci wypraw na nartach skitourowych i rakietach.<\/p>\n<p><a href=\"\/wp-content\/uploads\/\/2010\/11\/stubai_valley_02-m.jpg\"><img decoding=\"async\" class=\"alignnone size-medium wp-image-402\" title=\"stubai_valley_02-m\" src=\"\/wp-content\/uploads\/\/2010\/11\/stubai_valley_02-m.jpg\" alt=\"\" \/><\/a>\u00a0<em>Dolina Stubai<\/em><\/p>\n<p>Stubai jest bowiem wielki. Mo\u017cna wi\u0119c opowiada\u0107 o nim sporo. Co obiecuj\u0119.<\/p>\n","protected":false},"excerpt":{"rendered":"<p>\u015aniegu ju\u017c na naszym lodowcu teraz jest wi\u0119cej ni\u017c w tym samym czasie w minionym sezonie \u2013 m\u00f3wi\u0142 mi w weekend Christian Gleirscher z Tourismusverband Stubai. W poniedzia\u0142ek puch pokry\u0142 tak\u017ce dolin\u0119. Pada\u0142o niemal okr\u0105g\u0142\u0105 dob\u0119, a niekt\u00f3re p\u0142atki mia\u0142y dobre 2 centymetry \u015brednicy. By\u0142o niczym w najpi\u0119kniejsze Bo\u017ce Narodzenie. Je\u015bli tak dalej p\u00f3jdzie, b\u0119dzie [&hellip;]<\/p>\n","protected":false},"author":1,"featured_media":0,"comment_status":"open","ping_status":"open","sticky":false,"template":"","format":"standard","meta":{"footnotes":""},"categories":[1],"tags":[],"_links":{"self":[{"href":"https:\/\/blog.polityka.pl\/narty\/wp-json\/wp\/v2\/posts\/398"}],"collection":[{"href":"https:\/\/blog.polityka.pl\/narty\/wp-json\/wp\/v2\/posts"}],"about":[{"href":"https:\/\/blog.polityka.pl\/narty\/wp-json\/wp\/v2\/types\/post"}],"author":[{"embeddable":true,"href":"https:\/\/blog.polityka.pl\/narty\/wp-json\/wp\/v2\/users\/1"}],"replies":[{"embeddable":true,"href":"https:\/\/blog.polityka.pl\/narty\/wp-json\/wp\/v2\/comments?post=398"}],"version-history":[{"count":0,"href":"https:\/\/blog.polityka.pl\/narty\/wp-json\/wp\/v2\/posts\/398\/revisions"}],"wp:attachment":[{"href":"https:\/\/blog.polityka.pl\/narty\/wp-json\/wp\/v2\/media?parent=398"}],"wp:term":[{"taxonomy":"category","embeddable":true,"href":"https:\/\/blog.polityka.pl\/narty\/wp-json\/wp\/v2\/categories?post=398"},{"taxonomy":"post_tag","embeddable":true,"href":"https:\/\/blog.polityka.pl\/narty\/wp-json\/wp\/v2\/tags?post=398"}],"curies":[{"name":"wp","href":"https:\/\/api.w.org\/{rel}","templated":true}]}}