
{"id":408,"date":"2010-11-15T09:58:00","date_gmt":"2010-11-15T08:58:00","guid":{"rendered":"http:\/\/narty.blog.polityka.pl\/?p=408"},"modified":"2010-11-15T09:58:00","modified_gmt":"2010-11-15T08:58:00","slug":"pare-danych-o-liderze","status":"publish","type":"post","link":"https:\/\/blog.polityka.pl\/narty\/2010\/11\/15\/pare-danych-o-liderze\/","title":{"rendered":"Par\u0119 danych o liderze"},"content":{"rendered":"<p>Okazuje si\u0119, \u017ce to Austria jest liderem w bran\u017cy turystyki zimowej w Europie \u2013 w ubieg\u0142ym sezonie narciarze i snowboardzi\u015bci wykupili w tamtejszych stacjach a\u017c 63 mln nocleg\u00f3w. Tym samym Austria opanowa\u0142a 57 proc. tego rynku. Na kolejnych miejscach s\u0105 pozosta\u0142e kraje alpejskie: Francja , W\u0142ochy i Szwajcaria.<\/p>\n<p>Oto kilka innych statystyk tycz\u0105cych lidera:<\/p>\n<ul>\n<li>Narciarze i snowboardzi\u015bci maj\u0105 w austriackich Alpach do dyspozycji 24 tys. hektar\u00f3w przygotowanych stok\u00f3w<\/li>\n<li>W\u00a0Austrii dzia\u0142aj\u0105 254 sp\u00f3\u0142ki zajmuj\u0105ce si\u0119 obs\u0142ug\u0105 wyci\u0105g\u00f3w i instalacji do\u015bnie\u017caj\u0105cych<\/li>\n<li>Przygotowuj\u0105c si\u0119 do sezonu zimowego 2010\/11 zainwestowano 562 mln euro \u2013 z tego 287 mln euro posz\u0142o na popraw\u0119 bezpiecze\u0144stwa na trasach oraz komfortu go\u015bci na stoku (wyci\u0105gi z os\u0142onami przeciwwiatrowymi, podgrzewanymi siedzeniami itp.)<\/li>\n<li>Systematycznie spada te\u017c liczba wypadk\u00f3w na stokach (chodzi o kontuzje, kt\u00f3re wymagaj\u0105 pomocy ambulatoryjnej). W por\u00f3wnaniu do lat 80. minionego stulecia jest ich o 50 proc. mniej (licz\u0105c na okre\u015blon\u0105 liczb\u0119 narciarzy i snowboardzist\u00f3w). Okazuje si\u0119, \u017ce cho\u0107 na stokach jest dzi\u015b wi\u0119cej je\u017cd\u017c\u0105cych, a na dodatek u\u017cywaj\u0105 cz\u0119sto nowej techniki, to sytuacj\u0119 poprawia lepsze przygotowane tras, coraz powszechniejsze u\u017cywanie kask\u00f3w oraz lepszy sprz\u0119t (wi\u0105zania i buty, a tak\u017ce\u00a0 gogle i tzw. \u017c\u00f3\u0142wiki chroni\u0105ce kr\u0119gos\u0142up).<\/li>\n<\/ul>\n","protected":false},"excerpt":{"rendered":"<p>Okazuje si\u0119, \u017ce to Austria jest liderem w bran\u017cy turystyki zimowej w Europie \u2013 w ubieg\u0142ym sezonie narciarze i snowboardzi\u015bci wykupili w tamtejszych stacjach a\u017c 63 mln nocleg\u00f3w. Tym samym Austria opanowa\u0142a 57 proc. tego rynku. Na kolejnych miejscach s\u0105 pozosta\u0142e kraje alpejskie: Francja , W\u0142ochy i Szwajcaria. Oto kilka innych statystyk tycz\u0105cych lidera: Narciarze [&hellip;]<\/p>\n","protected":false},"author":1,"featured_media":0,"comment_status":"open","ping_status":"open","sticky":false,"template":"","format":"standard","meta":{"footnotes":""},"categories":[1],"tags":[],"_links":{"self":[{"href":"https:\/\/blog.polityka.pl\/narty\/wp-json\/wp\/v2\/posts\/408"}],"collection":[{"href":"https:\/\/blog.polityka.pl\/narty\/wp-json\/wp\/v2\/posts"}],"about":[{"href":"https:\/\/blog.polityka.pl\/narty\/wp-json\/wp\/v2\/types\/post"}],"author":[{"embeddable":true,"href":"https:\/\/blog.polityka.pl\/narty\/wp-json\/wp\/v2\/users\/1"}],"replies":[{"embeddable":true,"href":"https:\/\/blog.polityka.pl\/narty\/wp-json\/wp\/v2\/comments?post=408"}],"version-history":[{"count":0,"href":"https:\/\/blog.polityka.pl\/narty\/wp-json\/wp\/v2\/posts\/408\/revisions"}],"wp:attachment":[{"href":"https:\/\/blog.polityka.pl\/narty\/wp-json\/wp\/v2\/media?parent=408"}],"wp:term":[{"taxonomy":"category","embeddable":true,"href":"https:\/\/blog.polityka.pl\/narty\/wp-json\/wp\/v2\/categories?post=408"},{"taxonomy":"post_tag","embeddable":true,"href":"https:\/\/blog.polityka.pl\/narty\/wp-json\/wp\/v2\/tags?post=408"}],"curies":[{"name":"wp","href":"https:\/\/api.w.org\/{rel}","templated":true}]}}