
{"id":409,"date":"2010-11-22T06:59:44","date_gmt":"2010-11-22T05:59:44","guid":{"rendered":"http:\/\/narty.blog.polityka.pl\/?p=409"},"modified":"2010-11-18T11:01:46","modified_gmt":"2010-11-18T10:01:46","slug":"ntn-juz-jest","status":"publish","type":"post","link":"https:\/\/blog.polityka.pl\/narty\/2010\/11\/22\/ntn-juz-jest\/","title":{"rendered":"NTN ju\u017c jest!"},"content":{"rendered":"<p><a href=\"\/wp-content\/uploads\/\/2010\/11\/ntn_okladka.jpg\"><\/a>Do magazynu \u201eNiezale\u017cny Test Narciarski Snow &amp; More\u201d 2010\/11 powinni zajrze\u0107 nie tylko ci, kt\u00f3rzy nosz\u0105 si\u0119 z zamiarem kupna w tym sezonie nowych nart, ale i ci, kt\u00f3rzy lubi\u0105 wiedzie\u0107 nieco wi\u0119cej o swojej pasji.<\/p>\n<p>Oczywi\u015bcie, w pi\u015bmie tradycyjnie ju\u017c zamieszczono wyniki test\u00f3w rozmaitych rodzaj\u00f3w nart \u2013 od race\u2019owych i freeride\u2019owych po przeznaczone dla pocz\u0105tkuj\u0105cych narciarzy i narciarek, a eksperci sprawdzili 384 modele!<\/p>\n<p><a href=\"\/wp-content\/uploads\/\/2010\/11\/ntn_okladka.jpg\"><img loading=\"lazy\" decoding=\"async\" class=\"alignnone size-medium wp-image-410\" title=\"ntn_okladka\" src=\"\/wp-content\/uploads\/\/2010\/11\/ntn_okladka-212x300.jpg\" alt=\"\" width=\"212\" height=\"300\" srcset=\"\/narty\/wp-content\/uploads\/2010\/11\/ntn_okladka-212x300.jpg 212w, \/narty\/wp-content\/uploads\/2010\/11\/ntn_okladka.jpg 420w\" sizes=\"(max-width: 212px) 100vw, 212px\" \/><\/a>\u00a0<\/p>\n<p>Ale pr\u00f3cz precyzyjnych opis\u00f3w propozycji najlepszych firm\u00a0 na sezon 2010\/11 w \u201eSnow &amp; More\u201d mo\u017cna tak\u017ce, na przyk\u0142ad, poczyta\u0107:<\/p>\n<ul>\n<li>o kontuzjach kolan i innych urazach w narciarskie alpejskim (dr Andrzej Mioduszewski, ortopeda i traumatolog, opisuje obecny stan wiedzy medycyny sportowej na temat ich przyczyn i sposob\u00f3w leczenia)<\/li>\n<li>\u00a0analiz\u0119 techniki Lindsey Vonn, 26-letniej gwiazdy ameryka\u0144skiego narciarstwa (trzy wygrane z rz\u0119du Wielkie Kryszta\u0142owe Kule oraz sze\u015b\u0107 medali zdobytych na igrzyskach olimpijskich i mistrzostwach \u015bwiata)<\/li>\n<li>histori\u0119 \u201edziewczyn Lange\u2019a\u201d \u2013 czyli opowie\u015b\u0107 o bohaterkach promocji kolekcji damskiej tej znanej firmy (m.in. jako pierwsza do produkcji but\u00f3w narciarskich u\u017cy\u0142a tworzyw sztucznych)<\/li>\n<li>relacje z wypraw narciarskich: do austriackich stacji Nassfeld i Heiligenblut (tu z udzia\u0142em czo\u0142\u00f3wki polskich freerider\u00f3w: Andrzeja Osuchowskiego, Wojciecha Szczepanika i Piotra W\u0119c\u0142awowicza), ale te\u017c na Ukrain\u0119 (do Bukovela, jednego z najnowszych i najciekawszych tamtejszych o\u015brodk\u00f3w zimowych) oraz do Norwegii (autorstwa Piotra G\u0105siorowskiego, r\u00f3wnie\u017c jednego z najlepszych rodzimych freerider\u00f3w).<\/li>\n<li>opis s\u0142ynnej trasy zjazdowej Kandahar w Garmisch-Partenkirchen, na kt\u00f3rej w lutym 2011 r. odb\u0119d\u0105 si\u0119 niekt\u00f3re konkurencje alpejskich Mistrzostw \u015awiata<\/li>\n<li>reporta\u017c z fabryki s\u0142ynnych szwajcarskich nart St\u00f6ckli \u2013 do dzi\u015b w du\u017cej mierze produkowanych r\u0119cznie (i z za\u0142o\u017cenia w ilo\u015bci nie wi\u0119cej ni\u017c 50 tys. sztuk na sezon).<\/li>\n<\/ul>\n<p>Dwutomowe (!) wydawnictwo mo\u017cna kupi\u0107 w sieci Empik, sklepach Ski Team oraz Pol-Ski Sport, zam\u00f3wi\u0107 na stronie internetowej <a href=\"http:\/\/www.ntn.pl\" target=\"_blank\">NTN Snow &amp; More<\/a>\u00a0(pismo kosztuje 35 z\u0142, wysy\u0142ka gratis) b\u0105d\u017a przejrze\u0107 tam za darmo.<\/p>\n<p>\u00a0<\/p>\n","protected":false},"excerpt":{"rendered":"<p>Do magazynu \u201eNiezale\u017cny Test Narciarski Snow &amp; More\u201d 2010\/11 powinni zajrze\u0107 nie tylko ci, kt\u00f3rzy nosz\u0105 si\u0119 z zamiarem kupna w tym sezonie nowych nart, ale i ci, kt\u00f3rzy lubi\u0105 wiedzie\u0107 nieco wi\u0119cej o swojej pasji. Oczywi\u015bcie, w pi\u015bmie tradycyjnie ju\u017c zamieszczono wyniki test\u00f3w rozmaitych rodzaj\u00f3w nart \u2013 od race\u2019owych i freeride\u2019owych po przeznaczone dla [&hellip;]<\/p>\n","protected":false},"author":1,"featured_media":0,"comment_status":"open","ping_status":"open","sticky":false,"template":"","format":"standard","meta":{"footnotes":""},"categories":[1],"tags":[],"_links":{"self":[{"href":"https:\/\/blog.polityka.pl\/narty\/wp-json\/wp\/v2\/posts\/409"}],"collection":[{"href":"https:\/\/blog.polityka.pl\/narty\/wp-json\/wp\/v2\/posts"}],"about":[{"href":"https:\/\/blog.polityka.pl\/narty\/wp-json\/wp\/v2\/types\/post"}],"author":[{"embeddable":true,"href":"https:\/\/blog.polityka.pl\/narty\/wp-json\/wp\/v2\/users\/1"}],"replies":[{"embeddable":true,"href":"https:\/\/blog.polityka.pl\/narty\/wp-json\/wp\/v2\/comments?post=409"}],"version-history":[{"count":0,"href":"https:\/\/blog.polityka.pl\/narty\/wp-json\/wp\/v2\/posts\/409\/revisions"}],"wp:attachment":[{"href":"https:\/\/blog.polityka.pl\/narty\/wp-json\/wp\/v2\/media?parent=409"}],"wp:term":[{"taxonomy":"category","embeddable":true,"href":"https:\/\/blog.polityka.pl\/narty\/wp-json\/wp\/v2\/categories?post=409"},{"taxonomy":"post_tag","embeddable":true,"href":"https:\/\/blog.polityka.pl\/narty\/wp-json\/wp\/v2\/tags?post=409"}],"curies":[{"name":"wp","href":"https:\/\/api.w.org\/{rel}","templated":true}]}}