
{"id":411,"date":"2010-11-19T08:19:03","date_gmt":"2010-11-19T07:19:03","guid":{"rendered":"http:\/\/narty.blog.polityka.pl\/?p=411"},"modified":"2010-11-19T08:18:12","modified_gmt":"2010-11-19T07:18:12","slug":"uwolnic-stope-czyli-telemarkiem-ze-stubai-i-z-jaworzyny","status":"publish","type":"post","link":"https:\/\/blog.polityka.pl\/narty\/2010\/11\/19\/uwolnic-stope-czyli-telemarkiem-ze-stubai-i-z-jaworzyny\/","title":{"rendered":"Uwolni\u0107 stop\u0119, czyli telemarkiem ze Stubai (i z Jaworzyny)"},"content":{"rendered":"<p><a href=\"\/wp-content\/uploads\/\/2010\/11\/ix-spotkanie-telemark0tele202010_4382.jpg\"><\/a>Na pocz\u0105tku by\u0142 telemark, a pierwsi byli Norwegowie. W ten weekend na tyrolskim lodowcu Stubai spotykaj\u0105 si\u0119 fani tej s\u0142ynnej \u2013 i na nowo odzyskuj\u0105cej popularno\u015b\u0107 \u2013 techniki narciarskiej.<\/p>\n<p>Za jej tw\u00f3rc\u0119 tej uchodzi Sondre Norheim, kt\u00f3ry u\u017cywaj\u0105c wi\u0105za\u0144 po\u0142\u0105czonych z butem tylko w okolicach palc\u00f3w, nie tylko zje\u017cd\u017ca\u0142 na nartach, ale te\u017c wykonywa\u0142 na nich skoki oraz, oczywi\u015bcie, podej\u015bcia.<\/p>\n<p>Do doskona\u0142o\u015bci doprowadzi\u0142 j\u0105 w rodzinnym regionie Telemark (po\u0142udniowa Norwegia), a szerszej publiczno\u015bci zaprezentowa\u0142 w 1868 r. podczas zawod\u00f3w w skokach narciarskich. Odt\u0105d na blisko p\u00f3\u0142 wieku sta\u0142a si\u0119 wiod\u0105c\u0105 w narciarstwie \u2013 dopiero od 1910 r. zacz\u0119\u0142a by\u0107 wypierana przez inne techniki zjazdowe, bardziej u\u017cyteczne zw\u0142aszcza na stromszych ni\u017c norweskie stokach alpejskich.<\/p>\n<p>Po kilku dziesi\u0119cioleciach nast\u0105pi\u0142 jednak wielki powr\u00f3t do dziwacznego na pierwszy rzut oka, lecz w wykonaniu najlepszych przepi\u0119knego przecie\u017c (i, co r\u00f3wnie wa\u017cne, jak\u017ce skutecznego tak\u017ce w puchu i nawet mi\u0119dzy garbami) stylu jazdy z wykorzystaniem charakterystycznego przykl\u0119ku. W po\u0142owie lat 70. XX wieku coraz cz\u0119\u015bciej telemarkiem je\u017cd\u017cono w Stanach Zjednoczonych, a nast\u0119pnie tak\u017ce w Europie.<\/p>\n<p><a href=\"\/wp-content\/uploads\/\/2010\/11\/ix-spotkanie-telemark0tele202010_4382.jpg\"><img decoding=\"async\" class=\"alignnone size-medium wp-image-412\" title=\"ix-spotkanie-telemark0tele202010_4382\" src=\"\/wp-content\/uploads\/\/2010\/11\/ix-spotkanie-telemark0tele202010_4382.jpg\" alt=\"\" \/><\/a>\u00a0<\/p>\n<p>Dzi\u015b na telemark panuje wr\u0119cz moda, czy mo\u017ce raczej rodzaj zdrowego i pi\u0119knego snobizmu. Tak\u017ce dlatego, \u017ce technika wydaje si\u0119 nader trudna do opanowania. Tymczasem, jak zapewnia\u0142 mnie niedawno Piotr G\u0105siorowski, \u015bwietny freride\u2019owiec, ale tak\u017ce mi\u0142o\u015bnik telemarku, dla wprawnego i sprawnego fizycznie narciarza przestawienie si\u0119 na telemark jest do\u015b\u0107 proste i wcale nie wymaga du\u017co czasu.<\/p>\n<p>Mo\u017ce wi\u0119c warto spr\u00f3bowa\u0107, skoro mi\u0142o\u015bnicy tego stylu widz\u0105 w nim \u201ekwintesencj\u0119 narciarstwa\u201d? Na <a href=\"http:\/\/www.telemark.pl\/index.shtml\" target=\"_blank\">Polskiej Stronie Telemarkowej<\/a> tak t\u0119 tez\u0119 uzasadniaj\u0105: \u201eTelemark to dobra nowina o narciarstwie. Radosna wie\u015b\u0107 o tym, \u017ce zn\u00f3w mo\u017cna je\u017adzi\u0107 w przykl\u0119kach, cieszy\u0107 si\u0119 ka\u017cdym wykonanym skr\u0119tem i skokiem. To powr\u00f3t do pi\u0119kna i finezji, ale jednocze\u015bnie krok naprz\u00f3d w kierunku narciarstwa uniwersalnego i wszechstronnego. Zapomnieli\u015bmy bowiem, \u017ce narty mog\u0105 dawa\u0107 jednakow\u0105 swobod\u0119 w chodzeniu, zje\u017adzie i skakaniu. Dali\u015bmy sobie wm\u00f3wi\u0107, \u017ce musimy po\u015bwi\u0119ca\u0107 jeden element, \u017ceby lepiej uprawia\u0107 inny. Zapomnieli\u015bmy o telemarku! Nadszed\u0142 czas, \u017ceby przekona\u0107 si\u0119, \u017ce wolna pi\u0119ta mo\u017ce ca\u0142kowicie zmieni\u0107 nasze wyobra\u017cenia o tym, czym s\u0105 narty i do czego mog\u0105 s\u0142u\u017cy\u0107\u201d.<\/p>\n<p>Sk\u0105din\u0105d, na stronie tej mo\u017cna tak\u017ce znale\u017a\u0107 wskaz\u00f3wki dla chc\u0105cych nauczy\u0107 si\u0119 tej techniki, rady tycz\u0105ce doboru sprz\u0119tu, opisy najciekawszych tras telemarkowych itd.<\/p>\n<p>Nic te\u017c dziwnego, \u017ce coraz cz\u0119\u015bciej organizowane s\u0105 wielkie spotkania mi\u0142o\u015bnik\u00f3w narciarstwa \u201ez woln\u0105 pi\u0119t\u0105\u201d.<\/p>\n<p>Najbli\u017csze: od 19 do 21 listopada w\u0142a\u015bnie na Stubaier Gletscher. W ramach dziesi\u0105tego ju\u017c <a href=\"http:\/\/freeheeler.eu\/agenda\/Agenda_STF10.pdf\" target=\"_blank\">Stubaier Telemark Festival<\/a>\u00a0przewidziane s\u0105 kursy tej techniki, testy sprz\u0119tu oraz zawody \u201eFreeheel Austrian Masters\u201d. Nie bez powodu wi\u0119c Stubai jest tak popularnym miejscem w\u015br\u00f3d telemarkowc\u00f3w \u2013 kiedy by\u0142em tam na pocz\u0105tku listopada mia\u0142em przyjemno\u015b\u0107 ogl\u0105da\u0107 w akcji kilku wy\u015bmienitych narciarzy u\u017cywaj\u0105cych tej techniki, a to przecie\u017c dopiero pocz\u0105tek sezonu.<\/p>\n<p>Co te\u017c wa\u017cne, podobna impreza odbywa si\u0119 r\u00f3wnie\u017c \u2013 i to tak\u017ce od 10 lat! \u2013 w kraju. W nadchodz\u0105cym sezonie jubileuszowe Polskie Spotkanie Telemarkowe planowane jest na pierwszy weekend stycznia (6-9.01.2011), a jego miejscem maj\u0105 by\u0107 stoki Jaworzyny Krynickiej.<\/p>\n","protected":false},"excerpt":{"rendered":"<p>Na pocz\u0105tku by\u0142 telemark, a pierwsi byli Norwegowie. W ten weekend na tyrolskim lodowcu Stubai spotykaj\u0105 si\u0119 fani tej s\u0142ynnej \u2013 i na nowo odzyskuj\u0105cej popularno\u015b\u0107 \u2013 techniki narciarskiej. Za jej tw\u00f3rc\u0119 tej uchodzi Sondre Norheim, kt\u00f3ry u\u017cywaj\u0105c wi\u0105za\u0144 po\u0142\u0105czonych z butem tylko w okolicach palc\u00f3w, nie tylko zje\u017cd\u017ca\u0142 na nartach, ale te\u017c wykonywa\u0142 na [&hellip;]<\/p>\n","protected":false},"author":1,"featured_media":0,"comment_status":"open","ping_status":"open","sticky":false,"template":"","format":"standard","meta":{"footnotes":""},"categories":[1],"tags":[],"_links":{"self":[{"href":"https:\/\/blog.polityka.pl\/narty\/wp-json\/wp\/v2\/posts\/411"}],"collection":[{"href":"https:\/\/blog.polityka.pl\/narty\/wp-json\/wp\/v2\/posts"}],"about":[{"href":"https:\/\/blog.polityka.pl\/narty\/wp-json\/wp\/v2\/types\/post"}],"author":[{"embeddable":true,"href":"https:\/\/blog.polityka.pl\/narty\/wp-json\/wp\/v2\/users\/1"}],"replies":[{"embeddable":true,"href":"https:\/\/blog.polityka.pl\/narty\/wp-json\/wp\/v2\/comments?post=411"}],"version-history":[{"count":0,"href":"https:\/\/blog.polityka.pl\/narty\/wp-json\/wp\/v2\/posts\/411\/revisions"}],"wp:attachment":[{"href":"https:\/\/blog.polityka.pl\/narty\/wp-json\/wp\/v2\/media?parent=411"}],"wp:term":[{"taxonomy":"category","embeddable":true,"href":"https:\/\/blog.polityka.pl\/narty\/wp-json\/wp\/v2\/categories?post=411"},{"taxonomy":"post_tag","embeddable":true,"href":"https:\/\/blog.polityka.pl\/narty\/wp-json\/wp\/v2\/tags?post=411"}],"curies":[{"name":"wp","href":"https:\/\/api.w.org\/{rel}","templated":true}]}}