
{"id":415,"date":"2010-11-26T07:35:57","date_gmt":"2010-11-26T06:35:57","guid":{"rendered":"http:\/\/narty.blog.polityka.pl\/?p=415"},"modified":"2010-11-26T07:35:57","modified_gmt":"2010-11-26T06:35:57","slug":"gossip-otwiera-ischgl","status":"publish","type":"post","link":"https:\/\/blog.polityka.pl\/narty\/2010\/11\/26\/gossip-otwiera-ischgl\/","title":{"rendered":"Gossip otwiera Ischgl"},"content":{"rendered":"<p><a href=\"\/wp-content\/uploads\/\/2010\/11\/rihanna541.jpg\"><\/a><a href=\"\/wp-content\/uploads\/\/2010\/11\/ischgl1137.jpg\"><\/a><a href=\"\/wp-content\/uploads\/\/2010\/11\/silv089.jpg\"><\/a>Sezon zimowy 2010\/2011 w modnym austriackim kurorcie Ischgl zaczyna si\u0119 od koncertu postpunkowej grupy Gossip ze znan\u0105 m.in. ze swych kszta\u0142t\u00f3w wokalistk\u0105 Beth Ditto, b\u0119d\u0105c\u0105 wedle Karla Lagerfelda \u201eikon\u0105 indie rocka\u201d.\u00a0\u00a0Plenerowe imprezy muzyczne jako znak pocz\u0105tku zimy urz\u0105dza zreszt\u0105 coraz wi\u0119cej stacji narciarskich.<\/p>\n<p>Top of the Mountain Opening Concert to ju\u017c w Ischgl wieloletnia tradycja. Na tle masywu Silvretta wyst\u0119powali m.in. Sting, Bob Dylan, Rod Stewart, Elton John i Tina Turner. Sam w grudniu 2007 r. mia\u0142em okazj\u0119 prze\u017cy\u0107 w Ischgl koncert gwiazdki pop Rihanny.<\/p>\n<p><a href=\"\/wp-content\/uploads\/\/2010\/11\/rihanna541.jpg\"><img loading=\"lazy\" decoding=\"async\" class=\"alignnone size-medium wp-image-416\" title=\"rihanna541\" src=\"\/wp-content\/uploads\/\/2010\/11\/rihanna541.jpg\" alt=\"\" width=\"140\" height=\"93\" \/><\/a>\u00a0<em>Rihanna przed Top of the Mountain Opening Concert\u00a0Ischgl 2007<\/em><\/p>\n<p>By\u0142o g\u0142o\u015bno i t\u0142umnie \u2013 zjecha\u0142o ok. 14 tys. fan\u00f3w, g\u0142\u00f3wnie niemieckich nastolatk\u00f3w. Artystka, co zdradzono dziennikarzom, przyjecha\u0142a z w\u0142asnym fryzjerem. Koszty jej sprowadzenia pozosta\u0142y jednak tajemnic\u0105. Piwo i musuj\u0105ce wina la\u0142y si\u0119 strumieniami, a w powietrzu, pr\u00f3cz fajerwerk\u00f3w, lata\u0142y butelki. Ale publiczno\u015b\u0107 by\u0142a zachwycona. Zreszt\u0105, ci, kt\u00f3rzy nast\u0119pnego przyjechali wtedy na narty te\u017c mogli by\u0107 zadowoleni, bo cho\u0107 nast\u0119pnego ranka w drodze do wyci\u0105g\u00f3w musieli najpierw pokona\u0107 ulice miasteczka pokryte warstw\u0105 szk\u0142a, to na stokach by\u0142o zupe\u0142nie pusto.<\/p>\n<p>A w Ischgl jest gdzie je\u017adzi\u0107. Po\u0142o\u017cona na austriacko-szwajcarskiej (po\u0142udniowo-zachodni Tyrol, 100 km od Insbrucka) tzw. Silvretta Arena to 238 km nartostrad \u2013 i to w 2\/3 oznaczonych jako czerwone lub czarne. Znaczenie ma i to, \u017ce region s\u0142ynie z obfitszych zwykle ni\u017c gdzie indziej opad\u00f3w \u015bniegu (w tym roku sezon zaczyna si\u0119 w ten weekend, a sko\u0144czy na pocz\u0105tku maja 2011 r.). Na dodatek Ischgl, kt\u00f3re jeszcze kilkadziesi\u0105t lat temu by\u0142o niewyr\u00f3\u017cniaj\u0105c\u0105 si\u0119 tyrolsk\u0105 wiosk\u0105, dzi\u015b jest jednym z topowych alpejskich kurort\u00f3w \u2013 czego jednym ze skutk\u00f3w (a raczej przyczyn) jest to, \u017ce postawi\u0142o na nowoczesn\u0105 infrastruktur\u0119.<\/p>\n<p>\u00a0<a href=\"\/wp-content\/uploads\/\/2010\/11\/silv089.jpg\"><img loading=\"lazy\" decoding=\"async\" class=\"alignnone size-medium wp-image-418\" title=\"silv089\" src=\"\/wp-content\/uploads\/\/2010\/11\/silv089.jpg\" alt=\"\" width=\"140\" height=\"93\" \/><\/a>\u00a0<em>Silvretta Arena<\/em><\/p>\n<p>Bogaci go\u015bcie chc\u0105 wyg\u00f3d: tak podczas podr\u00f3\u017cy wyci\u0105gami, jak na trasach. W Ischgl standardem s\u0105 sze\u015bcio lub o\u015bmioosobowe wyci\u0105gi, gondole z podgrzewanymi siedzeniami itd. Austriacy \u017cartuj\u0105 si\u0119 przy okazji, \u017ce nawet ich konserwatywni s\u0105siedzi zmuszeni zostali w tej sytuacji do modernizacji kolejek po swojej stronie granicy \u2013 cz\u0119\u015bci\u0105 bowiem Silvretta Arena s\u0105 tereny po\u0142o\u017cone nad kameraln\u0105 szwajcarsk\u0105 wiosk\u0105 Samnaun (sk\u0105din\u0105d b\u0119d\u0105ca stref\u0105 wolnoc\u0142ow\u0105).<\/p>\n<p>Obszar obs\u0142uguje 41 kolejek i wyci\u0105g\u00f3w \u2013 w tym tegoroczne nowo\u015bci: dwa nowe 6-osobowe krzese\u0142ka. Komfortowy \u201eLange Wandbahn\u201d ma nie tylko os\u0142ony przed wiatrem i sk\u00f3rzan\u0105 tapicerk\u0119 na podgrzewanych siedzeniach, ale i wizualnie nawi\u0105zuje do nowoczesnego stylu, jaki ma cechowa\u0107 Ischgl. Co pewnie jednak najwa\u017cniejsze, w niespe\u0142na 6 minut wywozi narciarzy i snowboardzist\u00f3w na 2850 m n.p.m. \u2013 czyli najwy\u017csze dost\u0119pne wyci\u0105gami miejsce Silvretta Arena. Drugie nowe krzese\u0142ka \u201eMuller\u201d kursuj\u0105 na wysoko\u015b\u0107 2505 m n.p.m. i w godzin\u0119 mog\u0105 przewie\u017a\u0107 ok. 3000 os\u00f3b.<\/p>\n<p><a href=\"\/wp-content\/uploads\/\/2010\/11\/ischgl1137.jpg\"><img loading=\"lazy\" decoding=\"async\" class=\"alignnone size-medium wp-image-417\" title=\"ischgl1137\" src=\"\/wp-content\/uploads\/\/2010\/11\/ischgl1137.jpg\" alt=\"\" width=\"140\" height=\"93\" \/><\/a>\u00a0<em>Jedna ze stacji po\u015brednich wyci\u0105g\u00f3w i kolejek w Ischgl<\/em><\/p>\n<p>Po pomys\u0142, by plenerowymi koncertami u\u015bwietnia\u0107 pocz\u0105tek sezonu, si\u0119ga coraz wi\u0119cej stacji zimowych. Wida\u0107 magnes w postaci mo\u017cliwo\u015bci pos\u0142uchania na \u017cywo muzyki znanych wykonawc\u00f3w w pi\u0119knej zwykle scenerii (na dodatek za darmo, bo w cenie karnetu) skutecznie przyci\u0105ga go\u015bci.<\/p>\n<p>R\u00f3\u017cnie bywa tylko z poziomem proponowanej muzyki. Ischgl zaczyna\u0142o od Dylana, ale mia\u0142o te\u017c epizod z Rihann\u0105. Z kolei w Lech Z\u00fcrs w Vorarlbergu, r\u00f3wnie topowym i te\u017c nastawionym na zamo\u017cnych \u2013 cho\u0107 jednak nieco innego pokroju \u2013 go\u015bci, mo\u017cna zim\u0105 niemal rok w rok pos\u0142ucha\u0107 najwi\u0119ksze nazwiska \u015bwiatowego jazzu (chocia\u017cby Jana Garbarka).<\/p>\n<p>S\u0105 te\u017c stacje, kt\u00f3re pr\u00f3buj\u0105 wpisa\u0107 si\u0119 w trend, ale \u017ce nie sta\u0107 ich na wielkie gwiazdy, wi\u0119c korzystaj\u0105 z us\u0142ug artyst\u00f3w ju\u017c nieco przebrzmia\u0142ych. Przyk\u0142adem \u2013 sk\u0105din\u0105d \u015bwietne narciarsko \u2013 Hochzeiger w dolinie Pitztal, kt\u00f3re na pocz\u0105tek sezonu zaprasza\u0142o m.in. popularn\u0105 w latach 70. r\u00f3wnie\u017c w Polsce grup\u0119 Boney M.<br \/>\nInni si\u0119gaj\u0105 po prostu po lokalnych muzyk\u00f3w. Co mo\u017ce jest najlepszym wyj\u015bciem, cho\u0107 pewnie snobistycznie nastawionych go\u015bci nie przyci\u0105gnie.<\/p>\n","protected":false},"excerpt":{"rendered":"<p>Sezon zimowy 2010\/2011 w modnym austriackim kurorcie Ischgl zaczyna si\u0119 od koncertu postpunkowej grupy Gossip ze znan\u0105 m.in. ze swych kszta\u0142t\u00f3w wokalistk\u0105 Beth Ditto, b\u0119d\u0105c\u0105 wedle Karla Lagerfelda \u201eikon\u0105 indie rocka\u201d.\u00a0\u00a0Plenerowe imprezy muzyczne jako znak pocz\u0105tku zimy urz\u0105dza zreszt\u0105 coraz wi\u0119cej stacji narciarskich. Top of the Mountain Opening Concert to ju\u017c w Ischgl wieloletnia tradycja. [&hellip;]<\/p>\n","protected":false},"author":1,"featured_media":0,"comment_status":"open","ping_status":"open","sticky":false,"template":"","format":"standard","meta":{"footnotes":""},"categories":[1],"tags":[],"_links":{"self":[{"href":"https:\/\/blog.polityka.pl\/narty\/wp-json\/wp\/v2\/posts\/415"}],"collection":[{"href":"https:\/\/blog.polityka.pl\/narty\/wp-json\/wp\/v2\/posts"}],"about":[{"href":"https:\/\/blog.polityka.pl\/narty\/wp-json\/wp\/v2\/types\/post"}],"author":[{"embeddable":true,"href":"https:\/\/blog.polityka.pl\/narty\/wp-json\/wp\/v2\/users\/1"}],"replies":[{"embeddable":true,"href":"https:\/\/blog.polityka.pl\/narty\/wp-json\/wp\/v2\/comments?post=415"}],"version-history":[{"count":0,"href":"https:\/\/blog.polityka.pl\/narty\/wp-json\/wp\/v2\/posts\/415\/revisions"}],"wp:attachment":[{"href":"https:\/\/blog.polityka.pl\/narty\/wp-json\/wp\/v2\/media?parent=415"}],"wp:term":[{"taxonomy":"category","embeddable":true,"href":"https:\/\/blog.polityka.pl\/narty\/wp-json\/wp\/v2\/categories?post=415"},{"taxonomy":"post_tag","embeddable":true,"href":"https:\/\/blog.polityka.pl\/narty\/wp-json\/wp\/v2\/tags?post=415"}],"curies":[{"name":"wp","href":"https:\/\/api.w.org\/{rel}","templated":true}]}}