
{"id":422,"date":"2010-12-03T13:06:01","date_gmt":"2010-12-03T12:06:01","guid":{"rendered":"http:\/\/narty.blog.polityka.pl\/?p=422"},"modified":"2010-12-03T13:56:13","modified_gmt":"2010-12-03T12:56:13","slug":"na-slowacji-coraz-lepiej-ii-ceny","status":"publish","type":"post","link":"https:\/\/blog.polityka.pl\/narty\/2010\/12\/03\/na-slowacji-coraz-lepiej-ii-ceny\/","title":{"rendered":"Na S\u0142owacji coraz lepiej (II): ceny"},"content":{"rendered":"<p><a href=\"\/wp-content\/uploads\/\/2010\/12\/slowacja_strbske-pleso_wysokie-tatry.jpg\"><\/a>Tegoroczny sezon zimowy na S\u0142owacji b\u0119dzie na pewno najta\u0144szy w historii \u2013 zapewnia J\u00e1n Bo\u0161novi\u010d, szef Narodowego Centrum Turystyki S\u0142owackiej w Polsce. A pierwsze wyci\u0105gi w\u0142a\u015bnie ruszy\u0142y!<\/p>\n<p>Na dobry pocz\u0105tek w pi\u0105tek 3 grudnia w czo\u0142owych stacjach narciarskich \u2013 w Jasnej, Szczyrbskim Plesie, Donovaly, Tatrza\u0144skiej \u0141omnicy i Bachledowej Dolinie \u2013 ca\u0142odniowy skipass kosztowa\u0142 ledwie\u2026 euro!<\/p>\n<p><a href=\"\/wp-content\/uploads\/\/2010\/12\/slowacja_strbske-pleso_wysokie-tatry.jpg\"><img loading=\"lazy\" decoding=\"async\" class=\"alignnone size-medium wp-image-423\" title=\"slowacja_strbske-pleso_wysokie-tatry\" src=\"\/wp-content\/uploads\/\/2010\/12\/slowacja_strbske-pleso_wysokie-tatry-300x199.jpg\" alt=\"\" width=\"300\" height=\"199\" srcset=\"\/narty\/wp-content\/uploads\/2010\/12\/slowacja_strbske-pleso_wysokie-tatry-300x199.jpg 300w, \/narty\/wp-content\/uploads\/2010\/12\/slowacja_strbske-pleso_wysokie-tatry.jpg 800w\" sizes=\"(max-width: 300px) 100vw, 300px\" \/><\/a>\u00a0<em>\u0160trbsk\u00e9 Pleso\/Szczyrbskie Pleso<\/em><\/p>\n<p>By\u0142a to oczywi\u015bcie ekstra akcja promocyjna. Ale nawet w szczycie sezonu w niekt\u00f3rych stacjach s\u0142owackich Tatr b\u0119dzie mo\u017cna przez ca\u0142y dzie\u0144 je\u017adzi\u0107 za 14 euro (czyli ok. 55 z\u0142otych). Dzienny karnet dla (od 6 do12 lat) kosztowa\u0107 b\u0119dzie niespe\u0142na 10 euro. Wystarczy tylko zarezerwowa\u0107 nocleg w partnerskich o\u015brodkach <a href=\"www.parksnow.sk\" target=\"_blank\">PARK SNOW<\/a>\u00a0na d\u0142u\u017cej ni\u017c 6 dni.\u00a0<\/p>\n<p>Przy pobytach wielodniowych klienci hoteli i pensjonat\u00f3w, kt\u00f3re s\u0105 partnerami o\u015brodk\u00f3w narciarskich, mog\u0105 dosta\u0107 te\u017c wiele innych zni\u017cek: na wst\u0119py do termalnych park\u00f3w wodnych oraz na korzystanie z restauracji, szk\u00f3\u0142 narciarskich, ski serwis\u00f3w i wypo\u017cyczalni sprz\u0119tu.<\/p>\n<p>Ale nawet dla tych, kt\u00f3rzy wybior\u0105 inne kwatery, ceny karnet\u00f3w b\u0119d\u0105 ni\u017csze ni\u017c po polskiej stronie Tatr. Przyk\u0142adowo, za 6 dni jazdy na Chopoku w g\u0142\u00f3wnym sezonie (czyli od 1 stycznia do 20 marca 2011 r.) kosztowa\u0107 ma doros\u0142ego 156 euro, dziecko w wieku od 6 do 12 lat \u2013 109 euro, a m\u0142odzie\u017c urodzon\u0105 do 31 grudnia 1998 r. oraz senior\u00f3w maj\u0105cych powy\u017cej 60 lat \u2013 125 euro (dzieci maj\u0105ce mniej ni\u017c 6 lat je\u017cd\u017c\u0105 za darmo).<\/p>\n<p>Wprawdzie ceny nocleg\u00f3w w hotelach s\u0105 do\u015b\u0107 wysokie, ale mo\u017cna tak\u017ce znale\u017a\u0107 pakiet \u201e7 nocleg\u00f3w w apartamentach Chopok ze skipasem\u201d za niespe\u0142na 900 z\u0142otych. Oferuje je cho\u0107by krakowska <a href=\"http:\/\/www.chopok.com.pl\/zima\/index.main.htm\" target=\"_blank\">Agencja Chopok<\/a>.<\/p>\n<p>Magnesem sezonu ma by\u0107 Slovakia Super Skipass, kt\u00f3ry obowi\u0105zywa\u0107 b\u0119dzie w najwi\u0119kszych o\u015brodkach: Jasna Niskie Tatry (czyli na obu stronach Chopoka), w Wysokich Tatrach (Tatrz\u0144ska \u0141omnica, Stary Smokowiec, Liptowska Teplicka) oraz w tzw. Park Snow (Wielka Racza, Donovaly, Szczyrbskie Pleso) \u2013 w sumie daje to 83 km tras. Wa\u017cny przez ca\u0142y sezon kosztuje ledwie 290 euro (dla junior\u00f3w i senior\u00f3w \u2013 230 euro, a dla dzieci \u2013 200 euro)! Sprzeda\u017c sezonowych skipas\u00f3w (w internecie i w kasach niekt\u00f3rych o\u015brodk\u00f3w) wybranych kasach ju\u017c ruszy\u0142a \u2013 a potrwa do 23 grudnia 2010 r.<\/p>\n<p>Nie bez powodu has\u0142o promocyjne zimowych stacji S\u0142owacji w tym sezonie brzmi: \u201eW Alpach za tak\u0105 cen\u0119 poje\u017adzicie przez tydzie\u0144, u nas \u2013 przez ca\u0142y sezon\u201d.<\/p>\n<p>Wszystko to ma zach\u0119ci\u0107 tak\u017ce Polak\u00f3w do odwiedzania S\u0142owacji i przekona\u0107 ich, \u017ce S\u0142owacja po wej\u015bciu do strefy EURO jest dla nich nadal cenowo atrakcyjna \u2013 wyja\u015bnia dyrektor Bo\u0161novi\u010d.<\/p>\n<p>Zreszt\u0105 tak czy tak stosunek jako\u015bci us\u0142ug do ceny b\u0119dzie na S\u0142owacji korzystniejszy ni\u017c na Podhalu. Wystarczy przypomnie\u0107 skal\u0119 inwestycji w infrastruktur\u0119 (wyci\u0105gi, sztuczne do\u015bnie\u017canie, parkingi, restauracje, hotele itd.) na S\u0142owacji przez obecnym sezonem. O niekt\u00f3rych z tych przedsi\u0119wzi\u0119\u0107 ju\u017c tu zreszt\u0105 pisa\u0142em (<a href=\"http:\/\/narty.blog.polityka.pl\/?p=392\" target=\"_blank\">\u201eNa S\u0142owacji coraz lepiej (I): inwestycje\u201d<\/a> , 2 listopada 2010 r.)<\/p>\n<p>\u00a0<\/p>\n","protected":false},"excerpt":{"rendered":"<p>Tegoroczny sezon zimowy na S\u0142owacji b\u0119dzie na pewno najta\u0144szy w historii \u2013 zapewnia J\u00e1n Bo\u0161novi\u010d, szef Narodowego Centrum Turystyki S\u0142owackiej w Polsce. A pierwsze wyci\u0105gi w\u0142a\u015bnie ruszy\u0142y! Na dobry pocz\u0105tek w pi\u0105tek 3 grudnia w czo\u0142owych stacjach narciarskich \u2013 w Jasnej, Szczyrbskim Plesie, Donovaly, Tatrza\u0144skiej \u0141omnicy i Bachledowej Dolinie \u2013 ca\u0142odniowy skipass kosztowa\u0142 ledwie\u2026 euro! [&hellip;]<\/p>\n","protected":false},"author":1,"featured_media":0,"comment_status":"open","ping_status":"open","sticky":false,"template":"","format":"standard","meta":{"footnotes":""},"categories":[1],"tags":[],"_links":{"self":[{"href":"https:\/\/blog.polityka.pl\/narty\/wp-json\/wp\/v2\/posts\/422"}],"collection":[{"href":"https:\/\/blog.polityka.pl\/narty\/wp-json\/wp\/v2\/posts"}],"about":[{"href":"https:\/\/blog.polityka.pl\/narty\/wp-json\/wp\/v2\/types\/post"}],"author":[{"embeddable":true,"href":"https:\/\/blog.polityka.pl\/narty\/wp-json\/wp\/v2\/users\/1"}],"replies":[{"embeddable":true,"href":"https:\/\/blog.polityka.pl\/narty\/wp-json\/wp\/v2\/comments?post=422"}],"version-history":[{"count":0,"href":"https:\/\/blog.polityka.pl\/narty\/wp-json\/wp\/v2\/posts\/422\/revisions"}],"wp:attachment":[{"href":"https:\/\/blog.polityka.pl\/narty\/wp-json\/wp\/v2\/media?parent=422"}],"wp:term":[{"taxonomy":"category","embeddable":true,"href":"https:\/\/blog.polityka.pl\/narty\/wp-json\/wp\/v2\/categories?post=422"},{"taxonomy":"post_tag","embeddable":true,"href":"https:\/\/blog.polityka.pl\/narty\/wp-json\/wp\/v2\/tags?post=422"}],"curies":[{"name":"wp","href":"https:\/\/api.w.org\/{rel}","templated":true}]}}