
{"id":425,"date":"2010-12-09T11:03:28","date_gmt":"2010-12-09T10:03:28","guid":{"rendered":"http:\/\/narty.blog.polityka.pl\/?p=425"},"modified":"2010-12-09T11:03:28","modified_gmt":"2010-12-09T10:03:28","slug":"schladming-w-alpach-ulubiony","status":"publish","type":"post","link":"https:\/\/blog.polityka.pl\/narty\/2010\/12\/09\/schladming-w-alpach-ulubiony\/","title":{"rendered":"Schladming w Alpach ulubiony"},"content":{"rendered":"<p><a href=\"\/wp-content\/uploads\/\/2010\/12\/220px-schladming_planai_nightrace_2005.jpg\"><\/a><a href=\"\/wp-content\/uploads\/\/2010\/12\/schladmingimages.jpg\"><\/a>Popularna i w Polsce styryjska stacja Schladming zaj\u0119\u0142a pierwsze miejsce w kategorii \u201eulubiony o\u015brodek narciarski w Alpach\u201d w ankiecie przeprowadzonej przez agencj\u0119 <a href=\"http:\/\/www.mountain-management.com\" target=\"_blank\">Mountain Management<\/a>.<\/p>\n<p>Sonda\u017c przeprowadzono w\u015br\u00f3d go\u015bci 40 czo\u0142owych kurort\u00f3w zimowych Austrii, Szwajcarii, W\u0142och i Niemiec. Przepytano 18 tys. os\u00f3b. Oceniali oni m.in. jako\u015b\u0107 i przygotowanie stok\u00f3w, pewno\u015b\u0107 \u015bniegu, noclegi, ofert\u0119 apres ski oraz atmosfer\u0119 i go\u015bcinno\u015b\u0107 gospodarzy. Mogli przyznawa\u0107 od 1 do 10 punkt\u00f3w za ka\u017cda kategori\u0119: Schladming otrzyma\u0142o \u0142\u0105czn\u0105 ocen\u0119 8,3.<\/p>\n<p><a href=\"\/wp-content\/uploads\/\/2010\/12\/schladmingimages.jpg\"><img loading=\"lazy\" decoding=\"async\" class=\"alignnone size-medium wp-image-427\" title=\"schladmingimages\" src=\"\/wp-content\/uploads\/\/2010\/12\/schladmingimages.jpg\" alt=\"\" width=\"248\" height=\"150\" \/><\/a>\u00a0<em>Schladming<\/em><\/p>\n<p>Na drugim miejscu znalaz\u0142a si\u0119 inny austriacka stacja Lech Z\u00fcrs (pisa\u0142em o niej tu w zwi\u0105zku z tradycyjnymi zawodami Der Wei\u00dfe Ring (<a href=\"http:\/\/narty.blog.polityka.pl\/?p=203\" target=\"_blank\">\u201eWielki wy\u015bcig\u201d<\/a>, 9 stycznia 2010 r.)<br \/>\nTrzecie miejsca zaj\u0119\u0142a szwajcarska Aletsch Arena .<\/p>\n<p>A konkurencja by\u0142a ostra, bo do walki stan\u0119\u0142y m.in. tak s\u0142ynne miejsca, jak Ischgl, Bad Kleinkirchheim, Kitzb\u00fchel, Serfaus Fiss Ladis, S\u00f6lden i Flachau \u2013 z Austrii, Davos St. Moritz, Laax i Zermatt \u2013 ze Szwajcarii, Bormio, Madonna di Campiglio, Cortina d\u2019Ampezzo, Sestriere i Sulden \u2013 z W\u0142och oraz Garmisch Partenkirchen \u2013 z Niemiec.<\/p>\n<p>Celem badania by\u0142o ustalenie, jakie czynniki decyduj\u0105 o wyborze miejsca zimowego urlopu oraz kryteri\u00f3w wp\u0142ywaj\u0105cych na poziom zadowolenia go\u015bci.<\/p>\n<p><a href=\"\/wp-content\/uploads\/\/2010\/12\/220px-schladming_planai_nightrace_2005.jpg\"><img loading=\"lazy\" decoding=\"async\" class=\"alignnone size-medium wp-image-426\" title=\"220px-schladming_planai_nightrace_2005\" src=\"\/wp-content\/uploads\/\/2010\/12\/220px-schladming_planai_nightrace_2005.jpg\" alt=\"\" width=\"220\" height=\"183\" \/><\/a>\u00a0<em>Nocny slalom m\u0119\u017cczyzn Pucharu \u015awiata w Schladming<\/em><\/p>\n<p>Sukcesowi Schladming trudno si\u0119 jednak dziwi\u0107. Planai &amp; Hochwurzen (bo tak formalnie nazywane s\u0105 stoki w okolicach Schladming) chwali si\u0119 m.in. najwi\u0119kszym w Austrii systemem do\u015bnie\u017cania: dzia\u0142a tam a\u017c 657 armatek zdolnych pokry\u0107 sztucznym \u015bniegiem 100 proc. 223 km tras. Znamienne, \u017ce przed minionym sezonem Schladming w\u0142a\u015bnie na sztuczne na\u015bnie\u017canie wyda\u0142 najwi\u0119ksz\u0105 cz\u0119\u015b\u0107 z 16 mln euro, kt\u00f3re stacja przeznaczy\u0142a wtedy na inwestycje.<\/p>\n<p>Schladming jako jeden z pierwszych o\u015brodk\u00f3w zimowych w Alpach wprowadzi\u0142 tak\u017ce w praktyce \u201esystem zarz\u0105dzania zasobami \u015bniegu\u201d, kt\u00f3ry \u2013 poprzez produkcj\u0119 dostatecznej ilo\u015bci sztucznego \u015bniegu oraz odpowiednie przygotowanie i utrzymanie tras \u2013 ma gwarantowa\u0107 zachowanie optymalnych warunk\u00f3w przez ca\u0142y sezon zimowy.<\/p>\n<p>Nie bez powodu to w\u0142a\u015bnie Schladming\u00a0 (oraz s\u0105siednie Hochwurzen) alpejczycy z zespo\u0142\u00f3w narodowych r\u00f3\u017cnych kraj\u00f3w coraz cz\u0119\u015bciej wybieraj\u0105 jako miejsce trening\u00f3w tu\u017c przed inauguracj\u0105 Pucharu \u015awiata.<br \/>\nSam Puchar r\u00f3wnie\u017c przynosi od lat s\u0142aw\u0119 miejscowo\u015bci. Wszak to w\u0142a\u015bnie na stokach Schladming rozgrywane s\u0105 szczeg\u00f3lnie widowiskowe, bo wieczorne, zawody w slalomie m\u0119\u017cczyzn.<\/p>\n<p>Mo\u017ce nie bez znaczenia jest i to, \u017ce cz\u0119stym go\u015bciem w Schladming jest (a w ka\u017cdym razie by\u0142 w czasach szczytu kariery sportowej, a nie politycznej) Arnold Alois Schwarzenegger.<\/p>\n","protected":false},"excerpt":{"rendered":"<p>Popularna i w Polsce styryjska stacja Schladming zaj\u0119\u0142a pierwsze miejsce w kategorii \u201eulubiony o\u015brodek narciarski w Alpach\u201d w ankiecie przeprowadzonej przez agencj\u0119 Mountain Management. Sonda\u017c przeprowadzono w\u015br\u00f3d go\u015bci 40 czo\u0142owych kurort\u00f3w zimowych Austrii, Szwajcarii, W\u0142och i Niemiec. Przepytano 18 tys. os\u00f3b. Oceniali oni m.in. jako\u015b\u0107 i przygotowanie stok\u00f3w, pewno\u015b\u0107 \u015bniegu, noclegi, ofert\u0119 apres ski oraz [&hellip;]<\/p>\n","protected":false},"author":1,"featured_media":0,"comment_status":"open","ping_status":"open","sticky":false,"template":"","format":"standard","meta":{"footnotes":""},"categories":[1],"tags":[],"_links":{"self":[{"href":"https:\/\/blog.polityka.pl\/narty\/wp-json\/wp\/v2\/posts\/425"}],"collection":[{"href":"https:\/\/blog.polityka.pl\/narty\/wp-json\/wp\/v2\/posts"}],"about":[{"href":"https:\/\/blog.polityka.pl\/narty\/wp-json\/wp\/v2\/types\/post"}],"author":[{"embeddable":true,"href":"https:\/\/blog.polityka.pl\/narty\/wp-json\/wp\/v2\/users\/1"}],"replies":[{"embeddable":true,"href":"https:\/\/blog.polityka.pl\/narty\/wp-json\/wp\/v2\/comments?post=425"}],"version-history":[{"count":0,"href":"https:\/\/blog.polityka.pl\/narty\/wp-json\/wp\/v2\/posts\/425\/revisions"}],"wp:attachment":[{"href":"https:\/\/blog.polityka.pl\/narty\/wp-json\/wp\/v2\/media?parent=425"}],"wp:term":[{"taxonomy":"category","embeddable":true,"href":"https:\/\/blog.polityka.pl\/narty\/wp-json\/wp\/v2\/categories?post=425"},{"taxonomy":"post_tag","embeddable":true,"href":"https:\/\/blog.polityka.pl\/narty\/wp-json\/wp\/v2\/tags?post=425"}],"curies":[{"name":"wp","href":"https:\/\/api.w.org\/{rel}","templated":true}]}}