
{"id":435,"date":"2010-12-20T05:48:29","date_gmt":"2010-12-20T04:48:29","guid":{"rendered":"http:\/\/narty.blog.polityka.pl\/?p=435"},"modified":"2010-12-24T12:00:48","modified_gmt":"2010-12-24T11:00:48","slug":"piekna-madonna","status":"publish","type":"post","link":"https:\/\/blog.polityka.pl\/narty\/2010\/12\/20\/piekna-madonna\/","title":{"rendered":"Pi\u0119kna Madonna"},"content":{"rendered":"<p><a href=\"\/wp-content\/uploads\/\/2010\/12\/madonna-images.jpg\"><\/a><a href=\"\/wp-content\/uploads\/\/2010\/12\/madonn1.jpg\"><\/a>Ci\u0105g skalistych szczyt\u00f3w sk\u0142adaj\u0105cych si\u0119 na Dolomiti di Brenta jest tak pi\u0119kny i charakterystyczny, \u017ce sta\u0142 si\u0119 symbolem ca\u0142ych Dolomit\u00f3w. Widnieje cho\u0107by na tysi\u0105cach poczt\u00f3wkowych czy folderowych uj\u0119\u0107. A \u017ce masyw g\u00f3ruje nad Madonn\u0105 di Campiglio, wi\u0119c i silnie przyczyni\u0142 si\u0119 do wielkiej popularno\u015bci tej jednej z najs\u0142ynniejszych w \u015bwiecie narciarskich wiosek.<\/p>\n<p>Mia\u0142em szcz\u0119\u015bcie sp\u0119dzi\u0107 tam miniony tydzie\u0144 \u2013 i, jak wielu innych, od pierwszego wejrzenia si\u0119 w Madonnie zakocha\u0142em. Bo c\u00f3\u017c mo\u017ce by\u0107 wspanialszego ni\u017c narty w takiej w\u0142a\u015bnie scenerii?<\/p>\n<p><a href=\"\/wp-content\/uploads\/\/2010\/12\/madonna-images.jpg\"><img loading=\"lazy\" decoding=\"async\" class=\"alignnone size-medium wp-image-433\" title=\"madonna-images\" src=\"\/wp-content\/uploads\/\/2010\/12\/madonna-images.jpg\" alt=\"\" width=\"275\" height=\"183\" \/><\/a>\u00a0<em>G\u00f3ruj\u0105cy nad Madonn\u0105 di Campiglio masyw Dolomiti di Brenta<\/em><\/p>\n<p>Owszem: w Alpach jest wiele stacji, w kt\u00f3<a href=\"\/wp-content\/uploads\/\/2010\/12\/madonna-images.jpg\"><\/a>rych tras jest wi\u0119cej, a mo\u017ce s\u0105 i ciekawsze. Cho\u0107 spo\u015br\u00f3d 55 km nartostrad w Madonnie przynajmniej kilka jest pierwszorz\u0119dnych, bo tyle\u017c urozmaiconych, co wymagaj\u0105cych. Ot cho\u0107by czarne z Pradalago i z Monte Spinale (Spinale Diretissima akurat spr\u00f3bowa\u0107 nie mog\u0142em, bo wci\u0105\u017c nie by\u0142o na niej wystarczaj\u0105cej pokrywy \u015bniegu). Albo czerwone FIS 3-Tre z Cinque Lahgi i Alta Genziana (te\u017c w rejonie Pradalago). A nawet niebieskie z Passo Groste, najwy\u017cszego (2504 m n.p.m.) dost\u0119pnego wyci\u0105gami punktu w rejonie Madonny \u2013 wiod\u0105ce najpierw wielkimi p\u0142aniami, a potem wij\u0105ce si\u0119 le\u015bnymi przecinkami.<\/p>\n<p>Swoj\u0105 s\u0142aw\u0119 ma te\u017c naturalnie Canalone Miramonti \u2013 to w\u0142a\u015bnie na niej tradycyjnie rozgrywane s\u0105 Madonnie slalomy m\u0119\u017cczyzn Pucharu \u015awiata. Kt\u00f3\u017c na niej nie walczy\u0142: Ghedina, Thoeni, Stenmark, Tomba, Reich&#8230; W ostatnich latach zawody odbywaj\u0105 si\u0119 wieczorem, co przydaje zmaganiom widowiskowo\u015bci \u2013 stok, cho\u0107 kr\u00f3tki, jest stromy, a meta znajduje si\u0119 w samym centrum miasteczka, wi\u0119c fiesta jest tym wi\u0119ksza (w sobot\u0119 te\u017c odby\u0142 si\u0119 na tym stoku nocny slalom, tyle \u017ce rangi Pucharu Europy).<\/p>\n<p><a href=\"\/wp-content\/uploads\/\/2010\/12\/madonn1.jpg\"><img loading=\"lazy\" decoding=\"async\" class=\"alignnone size-medium wp-image-437\" title=\"madonn1\" src=\"\/wp-content\/uploads\/\/2010\/12\/madonn1.jpg\" alt=\"\" width=\"284\" height=\"131\" \/><\/a>\u00a0<em>Dolna partia trasy slalomowej Cannalone Miramonti<\/em><\/p>\n<p>W ka\u017cdym razie\u00a0tylko w Madonnie mo\u017cna \u0142\u0105czy\u0107 narty z tak wspania\u0142ym widokiem, jakim jest unikalny masyw wyznaczony przez Cima Brenta (3250 m n.p.m.) i Cima Tosa (3175 m n.p.m.). A znawcy wspominaj\u0105 jeszcze o specyfice tutejszej pokrywy \u015bnie\u017cnej: ot\u00f3\u017c na jej jako\u015b\u0107 wp\u0142ywa to, \u017ce przez wi\u0119kszo\u015b\u0107 dni w sezonie zwykle mocno \u015bwieci tu s\u0142o\u0144ce, nocami za\u015b temperatury spadaj\u0105 mocno poni\u017cej zera. Niekt\u00f3rzy twierdz\u0105, \u017ce efektem jest rodzaj firny, czyli \u015bniegu \u2013 marzenia. Na dodatek w Madonnie wyst\u0119powa\u0107 by on mia\u0142, w przeciwie\u0144stwie do innych stacji, nie tylko p\u00f3\u017an\u0105 wiosn\u0105! K\u0142opot w tym, \u017ce w pe\u0142ni mo\u017cna to by\u0142o doceni\u0107, gdy nie by\u0142o jeszcze na trasach tylu armatek \u2013 dzi\u015b coraz cz\u0119\u015bciej je\u017adzi si\u0119 na \u015bniegu sztucznie wytwarzanym, ze wszystkimi jego zaletami, ale i wadami.<\/p>\n<p>W minionym tygodniu trasy w Madonnie by\u0142y tymczasem nader twarde \u2013 jak opowiada\u0142 mi Girardo, instruktor szko\u0142y narciarskiej 5 Laghi, par\u0119 dni temu dosz\u0142o do pogodowego ewenementu o tej porze roku: ot\u00f3\u017c nad okolic\u0105 przeszed\u0142 silny deszcz \u2013 pada\u0142o nawet grubo powy\u017cej 2500 m n.p.m. Potem nasta\u0142y z kolei mocno ujemne temperatury i st\u0105d w\u0142a\u015bnie owe zmro\u017cone trasy. Na d\u0142u\u017csz\u0105 met\u0119 zreszt\u0105 mo\u017ce to by\u0107 korzystne, bo taki podk\u0142ad daje szans\u0119 na d\u0142ugi sezon. Zw\u0142aszcza, \u017ce w pi\u0105tek ostro pada\u0142 ju\u017c \u015bnieg.\u00a0<\/p>\n<p>Tak czy tak, narciarska Madonna sko\u0144czy\u0142a w\u0142a\u015bnie\u2026 sto lat. 27 lutego 1910 r. grupa brytyjskich pasjonat\u00f3w g\u00f3r dotar\u0142a do wioski saniami, potem wspi\u0119\u0142a na najbli\u017cszy szczyt, czyli Monte Spinale (2101 m nn.p.m.), i\u2026 zachwyci\u0142a zar\u00f3wno roztaczaj\u0105cym si\u0119 krajobrazem, jak mn\u00f3stwem mo\u017cliwo\u015bci do zjazd\u00f3w. Po powrocie swoimi wra\u017ceniami podzielili si\u0119 z podobnymi zapale\u0144cami i\u2026 dziennikarzami. Z czasem Madonna stawa\u0142a si\u0119 nie tylko coraz bardziej znana, ale i modna (cho\u0107 tak naprawd\u0119 ju\u017c w po\u0142owie XIX stulecia by\u0142a ulubionym miejscem wypoczynku dynastii Habsburg\u00f3w \u2013 przyje\u017cd\u017ca\u0142a tu, cho\u0107 oczywi\u015bcie nie na narty, m.in. El\u017cbieta Bawarska, czyli ksi\u0119\u017cniczka Sissi).<\/p>\n<p>W ko\u0144cu zacz\u0119\u0142a uchodzi\u0107 za jeden z topowych kurort\u00f3w zimowych w Alpach. Zachowa\u0142a przy tym kameralny charakter i, co mo\u017ce najciekawsze, pozosta\u0142a stacj\u0105 dost\u0119pn\u0105\u00a0 r\u00f3wnie\u017c dla go\u015bci z niekoniecznie najgrubszymi portfelami.<\/p>\n<p>Ale o tym \u2013 oraz o mo\u017cliwo\u015bciach powi\u0105zanego z Madonn\u0105 obszaru narciarskiego Skiarea Dolomiti di Brenta \u2013 nast\u0119pnym razem.<\/p>\n","protected":false},"excerpt":{"rendered":"<p>Ci\u0105g skalistych szczyt\u00f3w sk\u0142adaj\u0105cych si\u0119 na Dolomiti di Brenta jest tak pi\u0119kny i charakterystyczny, \u017ce sta\u0142 si\u0119 symbolem ca\u0142ych Dolomit\u00f3w. Widnieje cho\u0107by na tysi\u0105cach poczt\u00f3wkowych czy folderowych uj\u0119\u0107. A \u017ce masyw g\u00f3ruje nad Madonn\u0105 di Campiglio, wi\u0119c i silnie przyczyni\u0142 si\u0119 do wielkiej popularno\u015bci tej jednej z najs\u0142ynniejszych w \u015bwiecie narciarskich wiosek. Mia\u0142em szcz\u0119\u015bcie sp\u0119dzi\u0107 [&hellip;]<\/p>\n","protected":false},"author":1,"featured_media":0,"comment_status":"open","ping_status":"open","sticky":false,"template":"","format":"standard","meta":{"footnotes":""},"categories":[1],"tags":[],"_links":{"self":[{"href":"https:\/\/blog.polityka.pl\/narty\/wp-json\/wp\/v2\/posts\/435"}],"collection":[{"href":"https:\/\/blog.polityka.pl\/narty\/wp-json\/wp\/v2\/posts"}],"about":[{"href":"https:\/\/blog.polityka.pl\/narty\/wp-json\/wp\/v2\/types\/post"}],"author":[{"embeddable":true,"href":"https:\/\/blog.polityka.pl\/narty\/wp-json\/wp\/v2\/users\/1"}],"replies":[{"embeddable":true,"href":"https:\/\/blog.polityka.pl\/narty\/wp-json\/wp\/v2\/comments?post=435"}],"version-history":[{"count":0,"href":"https:\/\/blog.polityka.pl\/narty\/wp-json\/wp\/v2\/posts\/435\/revisions"}],"wp:attachment":[{"href":"https:\/\/blog.polityka.pl\/narty\/wp-json\/wp\/v2\/media?parent=435"}],"wp:term":[{"taxonomy":"category","embeddable":true,"href":"https:\/\/blog.polityka.pl\/narty\/wp-json\/wp\/v2\/categories?post=435"},{"taxonomy":"post_tag","embeddable":true,"href":"https:\/\/blog.polityka.pl\/narty\/wp-json\/wp\/v2\/tags?post=435"}],"curies":[{"name":"wp","href":"https:\/\/api.w.org\/{rel}","templated":true}]}}