
{"id":438,"date":"2010-12-24T11:57:36","date_gmt":"2010-12-24T10:57:36","guid":{"rendered":"http:\/\/narty.blog.polityka.pl\/?p=438"},"modified":"2010-12-24T11:58:48","modified_gmt":"2010-12-24T10:58:48","slug":"piekna-madonna-sie-ceni-ale%e2%80%a6","status":"publish","type":"post","link":"https:\/\/blog.polityka.pl\/narty\/2010\/12\/24\/piekna-madonna-sie-ceni-ale%e2%80%a6\/","title":{"rendered":"Pi\u0119kna Madonna si\u0119 ceni. Ale\u2026"},"content":{"rendered":"<p><a href=\"\/wp-content\/uploads\/\/2010\/12\/madonna-3.jpg\"><\/a><a href=\"\/wp-content\/uploads\/\/2010\/12\/madonna-2.jpg\"><\/a><a href=\"\/wp-content\/uploads\/\/2010\/12\/madonna.jpg\"><\/a>jak narciarz si\u0119 postara, mo\u017ce w niej \u015bwietnie poje\u017adzi\u0107 za pieni\u0105dze wcale nie wi\u0119ksze ni\u017c w innych, du\u017co mniej atrakcyjnych, stacjach.<\/p>\n<p>Zdawa\u0142oby si\u0119, \u017ce Madonna di Campiglio, maj\u0105c wspania\u0142\u0105, 100-letni\u0105 ju\u017c tradycj\u0119 zimowego kurortu (czytaj: <a href=\"http:\/\/narty.blog.polityka.pl\/?p=435\" target=\"_blank\">\u201ePi\u0119kna Madonna\u201d<\/a>, 20 grudnia 2010 r.) i b\u0119d\u0105c jednym z najbardziej znanych \u2013 i najmodniejszych \u2013 stacji narciarskich Europy (i \u015bwiata), musi si\u0119 ceni\u0107. I owszem, da si\u0119 wyda\u0107 w niej spore pieni\u0105dze. Szcz\u0119\u015bliwie jednak mog\u0105 j\u0105 pozna\u0107 tak\u017ce ci, kt\u00f3rych portfel nie jest specjalnie gruby.<\/p>\n<p>Pewnie, mo\u017cna zamieszka\u0107 w kt\u00f3rym\u015b z czterogwiazdkowych hoteli w samym centrum miasteczka (sk\u0105din\u0105d te\u017c pi\u0119knym: wci\u0105\u017c zachowuj\u0105cym alpejski charakter, w sporej cz\u0119\u015bci dost\u0119pnym tylko dla ruchu pieszego, a koncentruj\u0105cym si\u0119 wok\u00f3\u0142 rynku \u2013 co ma szczeg\u00f3lne znaczenie chocia\u017cby dla Krakus\u00f3w). Ale r\u00f3wnie wygodny punkt wypadowy da si\u0119 znale\u017a\u0107 gdzie\u015b na uboczu.<\/p>\n<p><a href=\"\/wp-content\/uploads\/\/2010\/12\/madonna-2.jpg\"><img loading=\"lazy\" decoding=\"async\" class=\"alignnone size-medium wp-image-440\" title=\"madonna-2\" src=\"\/wp-content\/uploads\/\/2010\/12\/madonna-2.jpg\" alt=\"\" width=\"244\" height=\"152\" \/><\/a>\u00a0<em>&#8222;Deptak&#8221; w Madonna di Campiglio<\/em><\/p>\n<p>Sam kwaterowa\u0142em w rezydencji Ambiez, po\u0142o\u017conej ok. kilometra od centrum Madonny \u2013 ale tu\u017c obok (100 metr\u00f3w dos\u0142ownie) dolnych stacji gondoli na Passo Groste (jeden z najwi\u0119kszych obszar\u00f3w zjazdowych w okolicy) oraz wyci\u0105gu krzese\u0142kowego Forntini wiod\u0105cego na Pradalago (kolejny wielki region, po\u0142\u0105czony zreszt\u0105 trasami z trzecim \u2013 Cinque Laghi). Tym samym z Ambiez bez korzystania ze skibusa (te w niskim sezonie je\u017cd\u017c\u0105 do\u015b\u0107 rzadko) szybko mo\u017cna si\u0119 dosta\u0107 w dowolny narciarski zak\u0105tek Madonny (oraz do samego miasteczka). R\u00f3wnie \u0142atwo dotrze\u0107 stamt\u0105d do wchodz\u0105cych w sk\u0142ad Skiarea Dolomiti di Brenta, czyli do Marilevy i Folgaridy.<\/p>\n<p><a href=\"\/wp-content\/uploads\/\/2010\/12\/madonna-3.jpg\"><img loading=\"lazy\" decoding=\"async\" class=\"alignnone size-medium wp-image-439\" title=\"madonna-3\" src=\"\/wp-content\/uploads\/\/2010\/12\/madonna-3.jpg\" alt=\"\" width=\"218\" height=\"170\" \/><\/a>\u00a0<em>Gondola na Passo Groste<\/em><\/p>\n<p>Samo Ambiez to du\u017cy, ale udanie wkomponowany w otoczenie, zesp\u00f3\u0142 r\u00f3\u017cnej wielko\u015bci apartament\u00f3w. Jest te\u017c spory basen (gratis) oraz tzw. wellness, czyli rozmaite sauny (ju\u017c p\u0142atne). Same apartamenty s\u0105 czyste i dobrze wyposa\u017cone (pr\u00f3cz zestawu talerzy, sztu\u0107c\u00f3w s\u0105 tak\u017ce \u2013 co cho\u0107by we Francji jest rzadko\u015bci\u0105 \u2013 \u015bcierki, serwetki papierowe, papier toaletowy itd.). Co wi\u0119cej: w niekt\u00f3rych terminach go\u015bcie rezydencji mog\u0105 korzysta\u0107 z oferty Freeski, czyli skipassy dostaj\u0105 gratis (dotyczy to oczywi\u015bcie tak\u017ce\u00a0 niekt\u00f3rych innych hoteli i rezydencji w Madonnie, bo od pewnego czasu nawet renomowane kurorty zacz\u0119\u0142y w ten spos\u00f3b kusi\u0107 go\u015bci). Sk\u0105din\u0105d klienci wybranych biur podr\u00f3\u017cy (m.in. partnera tego bloga, czyli <a href=\"http:\/\/www.otium.pl\" target=\"_blank\">Alpytravel<\/a>) maj\u0105 w Madonnie jeszcze jedn\u0105 mo\u017cliwo\u015b\u0107 oszcz\u0119dzenia pieni\u0119dzy: je\u015bli nie korzystaj\u0105 z Freeski, to mog\u0105 liczy\u0107 na skipassy ze sporymi zni\u017ckami.<\/p>\n<p>Wybieraj\u0105c hotel lub rezydencj\u0119 warto te\u017c pyta\u0107, czy nie ma on aby umowy z kt\u00f3r\u0105\u015b z miejscowych szk\u00f3\u0142 narciarskich b\u0105d\u017a snowboardowych i wypo\u017cyczalni\u0105 sprz\u0119tu. Ambiez, przyk\u0142adowo, jest powi\u0105zany ze szko\u0142\u0105 5 Laghi \u2013 dzi\u0119ki temu nie tylko mo\u017cna dosta\u0107 na nauk\u0119 w niej niez\u0142\u0105 zni\u017ck\u0119, ale te\u017c, o ile potrzeba, po ucznia przyje\u017cd\u017ca do rezydencji specjalny bus, by zawie\u017a\u0107 go na miejsce spotkania z instruktorem. Ekstra stawki obowi\u0105zuj\u0105 te\u017c w\u00f3wczas w wypo\u017cyczalni (przyk\u0142adowo, za narty, kijki, buty i kask dla dziecka na 6 dni p\u0142aci si\u0119 50 euro, czyli mniej wi\u0119cej tyle samo, co w niekt\u00f3rych wypo\u017cyczalniach w Krakowie).<\/p>\n<p>A instruktorzy w Madonnie si\u0119 ceni\u0105 \u2013 zw\u0142aszcza, je\u015bli maj\u0105 uczy\u0107 dzieci. Za sze\u015bciodniowy kurs grupowy (po 3 godziny dziennie) rodzice wedle oficjalnych stawek powinni zap\u0142aci\u0107 195 euro. Ale dzi\u0119ki wspomnianym rabatom mog\u0105 obni\u017cy\u0107 koszt narciarskiej edukacji swych dzieci nawet o 10-20 proc.<\/p>\n<p><a href=\"\/wp-content\/uploads\/\/2010\/12\/madonna.jpg\"><img loading=\"lazy\" decoding=\"async\" class=\"alignnone size-medium wp-image-441\" title=\"madonna\" src=\"\/wp-content\/uploads\/\/2010\/12\/madonna.jpg\" alt=\"\" width=\"223\" height=\"167\" \/><\/a>\u00a0<em>Centrum Madonna di Campiglio<\/em><\/p>\n<p>Wreszcie, last but not least (zw\u0142aszcza we W\u0142oszech): jedzenie i picie. Kilka przyk\u0142ad\u00f3w. Makaron z oliw\u0105, czosnkiem i suszonymi pomidorami w restauracji rezydencji Ambiez kosztuje 8 euro (z czego 2 euro to tzw. obs\u0142uga kelnerska). Za tyle samo mo\u017cna zje\u015b\u0107 \u2013 w samej Madonnie i to nawet przy g\u0142\u00f3wnej ulicy \u2013 pizz\u0119 (i to bynajmniej nie najubo\u017csz\u0105 Margherit\u0119, lecz nieco bardziej wyszukan\u0105). W schronisku na stoku syc\u0105ca polenta z miejscowym serem i grzybami kosztuje ok. 10 euro. Espresso to zwykle 1,1 euro. A godne Lagreiny z regionu Trentino a nawet z s\u0105siedniego Po\u0142udniowego Tyrolu mo\u017cna kupi\u0107 w sklepie sp\u00f3\u0142dzielczym (Cooperativa Pinzolo) na rynku w Madonnie ju\u017c za 6-8 euro.<\/p>\n<p>Dobrych \u015awi\u0105t! Najlepiej na nartach oczywi\u015bcie!<\/p>\n","protected":false},"excerpt":{"rendered":"<p>jak narciarz si\u0119 postara, mo\u017ce w niej \u015bwietnie poje\u017adzi\u0107 za pieni\u0105dze wcale nie wi\u0119ksze ni\u017c w innych, du\u017co mniej atrakcyjnych, stacjach. Zdawa\u0142oby si\u0119, \u017ce Madonna di Campiglio, maj\u0105c wspania\u0142\u0105, 100-letni\u0105 ju\u017c tradycj\u0119 zimowego kurortu (czytaj: \u201ePi\u0119kna Madonna\u201d, 20 grudnia 2010 r.) i b\u0119d\u0105c jednym z najbardziej znanych \u2013 i najmodniejszych \u2013 stacji narciarskich Europy (i [&hellip;]<\/p>\n","protected":false},"author":1,"featured_media":0,"comment_status":"open","ping_status":"open","sticky":false,"template":"","format":"standard","meta":{"footnotes":""},"categories":[1],"tags":[],"_links":{"self":[{"href":"https:\/\/blog.polityka.pl\/narty\/wp-json\/wp\/v2\/posts\/438"}],"collection":[{"href":"https:\/\/blog.polityka.pl\/narty\/wp-json\/wp\/v2\/posts"}],"about":[{"href":"https:\/\/blog.polityka.pl\/narty\/wp-json\/wp\/v2\/types\/post"}],"author":[{"embeddable":true,"href":"https:\/\/blog.polityka.pl\/narty\/wp-json\/wp\/v2\/users\/1"}],"replies":[{"embeddable":true,"href":"https:\/\/blog.polityka.pl\/narty\/wp-json\/wp\/v2\/comments?post=438"}],"version-history":[{"count":0,"href":"https:\/\/blog.polityka.pl\/narty\/wp-json\/wp\/v2\/posts\/438\/revisions"}],"wp:attachment":[{"href":"https:\/\/blog.polityka.pl\/narty\/wp-json\/wp\/v2\/media?parent=438"}],"wp:term":[{"taxonomy":"category","embeddable":true,"href":"https:\/\/blog.polityka.pl\/narty\/wp-json\/wp\/v2\/categories?post=438"},{"taxonomy":"post_tag","embeddable":true,"href":"https:\/\/blog.polityka.pl\/narty\/wp-json\/wp\/v2\/tags?post=438"}],"curies":[{"name":"wp","href":"https:\/\/api.w.org\/{rel}","templated":true}]}}