
{"id":442,"date":"2010-12-27T06:53:37","date_gmt":"2010-12-27T05:53:37","guid":{"rendered":"http:\/\/narty.blog.polityka.pl\/?p=442"},"modified":"2010-12-26T16:55:09","modified_gmt":"2010-12-26T15:55:09","slug":"wielka-malopolska","status":"publish","type":"post","link":"https:\/\/blog.polityka.pl\/narty\/2010\/12\/27\/wielka-malopolska\/","title":{"rendered":"Wielka Ma\u0142opolska"},"content":{"rendered":"<p><a href=\"\/wp-content\/uploads\/\/2010\/12\/mosorny-19d41eb1109.jpg\"><\/a><a href=\"\/wp-content\/uploads\/\/2010\/12\/mosorny-2.jpg\"><\/a>W Ma\u0142opolsce na narty i snowboard zaprasza a\u017c 80 stacji zimowych, w\u00a0 kt\u00f3rych dzia\u0142a ponad 300 wyci\u0105g\u00f3w, obs\u0142uguj\u0105cych ponad 250 km tras zjazdowych. Dochodz\u0105 do tego jeszcze 3 baseny geotermalne, ponad 50 regionalnych karczm i prawie 100 gospodarstw agroturystycznych z ofert\u0105 dla pasjonat\u00f3w sport\u00f3w zimowych. A\u017c trudno uwierzy\u0107 \u2013 nawet mnie, kt\u00f3ry przez wiele lat je\u017adzi\u0142 na nartach w\u0142a\u015bnie tylko w okolicach Krakowa.<\/p>\n<p>O ile w poprzednim sezonie oficjalne otwarcie sezonu w Ma\u0142opolsce mog\u0142o, wobec braku \u015bniegu, mie\u0107 jedynie symboliczny wymiar, to w tym roku przeciwnie: sezon ruszy\u0142 nim go formalnie zainaugurowano. Tak czy tak stosowne uroczysto\u015bci odby\u0142y si\u0119 w ko\u0144cu na Mosornym Groniu w Zawoi. Miejsce wybrano nieprzypadkowo: od bie\u017c\u0105cego sezonu w\u0142a\u015bcicielem tamtejszej kolei krzese\u0142kowej s\u0105 Polskie Koleje Linowe.<\/p>\n<p><a href=\"\/wp-content\/uploads\/\/2010\/12\/mosorny-19d41eb1109.jpg\"><img loading=\"lazy\" decoding=\"async\" class=\"alignnone size-medium wp-image-443\" title=\"mosorny-19d41eb1109\" src=\"\/wp-content\/uploads\/\/2010\/12\/mosorny-19d41eb1109.jpg\" alt=\"\" width=\"150\" height=\"113\" \/><\/a>\u00a0<em>Kolej krzese\u0142kowa na Mosorny Gro\u0144 (fot. PKL)<\/em><\/p>\n<p>Wyci\u0105g ma ju\u017c jednak swoj\u0105 histori\u0119. Oddano go do u\u017cytku w grudniu 2003 r. jako jedn\u0105 z najnowocze\u015bniejszych instalacji w regionie. Czteroosobowe krzes\u0142a mog\u0105 w ci\u0105gu godziny wwie\u017a\u0107 na szczyt (czyli na wysoko\u015b\u0107 1047 m n.p.m.) 2400 os\u00f3b. Obok nich wytyczono tras\u0119 d\u0142ugo\u015bci 1420 m (i r\u00f3\u017cnicy wzniesie\u0144 336 m) chlubi\u0105c\u0105 si\u0119 homologacj\u0105 FIS. Mo\u017cna j\u0105 sztucznie do\u015bnie\u017ca\u0107 i o\u015bwietli\u0107.<\/p>\n<p>O\u015brodek nie zyska\u0142 jednak jako\u015b nale\u017cnej popularno\u015bci. A przecie\u017c Zawoja jako kurort zimowy ma nader pi\u0119kn\u0105 tradycj\u0119: przed II wojn\u0105 \u015bwiatow\u0105 do tej malowniczo po\u0142o\u017conej u st\u00f3p Babiej G\u00f3ry (Kr\u00f3lowej Beskid\u00f3w) wsi je\u017adzi\u0142 nawet ze stolicy specjalny narciarski poci\u0105g. Wyprawy nim do Zawoi \u015bwiadczy\u0142y pono\u0107 o odpowiedniej pozycji towarzyskiej.<\/p>\n<p>W ko\u0144cu kilka miesi\u0119cy temu stacj\u0119 kupi\u0142y PKL. Czy sp\u00f3\u0142ce uda si\u0119 wypromowa\u0107 swoj\u0105 now\u0105 kolejk\u0119, zobaczymy. Na razie zapewnia o \u201ewysokiej jako\u015bci przygotowywania tras narciarskich, jak r\u00f3wnie\u017c o profesjonalnej i mi\u0142ej obs\u0142udze\u201d.<\/p>\n<p><a href=\"\/wp-content\/uploads\/\/2010\/12\/mosorny-2.jpg\"><img loading=\"lazy\" decoding=\"async\" class=\"alignnone size-medium wp-image-444\" title=\"mosorny-2\" src=\"\/wp-content\/uploads\/\/2010\/12\/mosorny-2.jpg\" alt=\"\" width=\"150\" height=\"113\" \/><\/a>\u00a0<em>Trasa FIS z Mosornego Gronia (fot. PKL)<\/em><\/p>\n<p>Przy dolnej stacji kolei linowej, pr\u00f3cz parkingu jest restauracja, wypo\u017cyczalnia i serwis sprz\u0119tu narciarskiego oraz biuro szko\u0142y narciarskiej. Jest te\u017c pensjonat z pokojami go\u015bcinnymi (w samej Zawoi na go\u015bci czeska zreszt\u0105 ponad 2,5 tys. miejsc noclegowych o r\u00f3\u017cnym standardzie \u2013 nie bez powodu jest to najwi\u0119ksza pod wzgl\u0119dem powierzchni wie\u015b w kraju). W okolicy wytyczono te\u017c trasy biegowe. Szefowie PKL zapowiadaj\u0105 dalsze inwestycje \u2013 powi\u0119kszenie obszaru dost\u0119pnego do jazdy na nartach czy snowboardzie i rozw\u00f3j infrastruktury stacji.<\/p>\n<p>Innego rodzaju atrakcj\u0105 jest 8-metrowej wysoko\u015bci wodospad na Mosornym Potoku oraz Ogr\u00f3d Ro\u015blin Babiog\u00f3rskich (alpinarium) w Zawoi. A z samego Mosornego Gronia mo\u017cna podziwia\u0107 urzekaj\u0105ce widoki masywu Babiej G\u00f3ry, Policy i Ja\u0142owca, a tak\u017ce wniesie\u0144 Beskidu \u017bywieckiego i Makowskiego oraz szczyt\u00f3w Tatr.<\/p>\n","protected":false},"excerpt":{"rendered":"<p>W Ma\u0142opolsce na narty i snowboard zaprasza a\u017c 80 stacji zimowych, w\u00a0 kt\u00f3rych dzia\u0142a ponad 300 wyci\u0105g\u00f3w, obs\u0142uguj\u0105cych ponad 250 km tras zjazdowych. Dochodz\u0105 do tego jeszcze 3 baseny geotermalne, ponad 50 regionalnych karczm i prawie 100 gospodarstw agroturystycznych z ofert\u0105 dla pasjonat\u00f3w sport\u00f3w zimowych. A\u017c trudno uwierzy\u0107 \u2013 nawet mnie, kt\u00f3ry przez wiele lat [&hellip;]<\/p>\n","protected":false},"author":1,"featured_media":0,"comment_status":"open","ping_status":"open","sticky":false,"template":"","format":"standard","meta":{"footnotes":""},"categories":[1],"tags":[],"_links":{"self":[{"href":"https:\/\/blog.polityka.pl\/narty\/wp-json\/wp\/v2\/posts\/442"}],"collection":[{"href":"https:\/\/blog.polityka.pl\/narty\/wp-json\/wp\/v2\/posts"}],"about":[{"href":"https:\/\/blog.polityka.pl\/narty\/wp-json\/wp\/v2\/types\/post"}],"author":[{"embeddable":true,"href":"https:\/\/blog.polityka.pl\/narty\/wp-json\/wp\/v2\/users\/1"}],"replies":[{"embeddable":true,"href":"https:\/\/blog.polityka.pl\/narty\/wp-json\/wp\/v2\/comments?post=442"}],"version-history":[{"count":0,"href":"https:\/\/blog.polityka.pl\/narty\/wp-json\/wp\/v2\/posts\/442\/revisions"}],"wp:attachment":[{"href":"https:\/\/blog.polityka.pl\/narty\/wp-json\/wp\/v2\/media?parent=442"}],"wp:term":[{"taxonomy":"category","embeddable":true,"href":"https:\/\/blog.polityka.pl\/narty\/wp-json\/wp\/v2\/categories?post=442"},{"taxonomy":"post_tag","embeddable":true,"href":"https:\/\/blog.polityka.pl\/narty\/wp-json\/wp\/v2\/tags?post=442"}],"curies":[{"name":"wp","href":"https:\/\/api.w.org\/{rel}","templated":true}]}}