
{"id":446,"date":"2011-01-04T07:52:47","date_gmt":"2011-01-04T06:52:47","guid":{"rendered":"http:\/\/narty.blog.polityka.pl\/?p=446"},"modified":"2011-01-06T06:51:54","modified_gmt":"2011-01-06T05:51:54","slug":"wyprawa-austrostrada-ruszyla","status":"publish","type":"post","link":"https:\/\/blog.polityka.pl\/narty\/2011\/01\/04\/wyprawa-austrostrada-ruszyla\/","title":{"rendered":"Wyprawa Austrostrad\u0105 ruszy\u0142a!"},"content":{"rendered":"<p>Cel jest prosty: przetestowa\u0107 stoki o\u015bmiu obszar\u00f3w narciarskich pocz\u0105wszy od Vorarlbergu po Tyrol i G\u00f3rn\u0105 Austri\u0119.<\/p>\n<p>A dzi\u0119ki uprzejmo\u015bci warszawskiego Austria Info i ja do\u0142\u0105czy\u0142em do grupy tester\u00f3w.<\/p>\n<p>Sprawdza\u0107 b\u0119dziemy g\u0142\u00f3wnie mo\u017cliwo\u015bci jazdy poza wytyczonymi trasami. Nie bez powodu gwiazd\u0105 naszej wyprawy jest Andrzej \u201eOsuch\u201d Osuchowski, jeden z najlepszych i najbardziej obiecuj\u0105cych (rocznik: grudzie\u0144 1987!) polskich freerider\u00f3w. Niegdy\u015b je\u017adzi\u0142 \u201ena tyczkach\u201d jako zawodnik AZS i SNPTT Zakopane. Ale teraz m\u00f3wi: \u201ePrawdziwa zabawa to freeride \u2013 wyje\u017cd\u017casz na g\u00f3r\u0119, potem trzeba troch\u0119 podrepta\u0107 na szczyt, gdzie masz prawdziwe, nie skasowane przez ratraki \u015bniegi; wybierasz optymaln\u0105 tras\u0119 i\u2026 w d\u00f3\u0142\u201d. Przez kilka lat by\u0142 cz\u0142onkiem Blizzard Freeride Team Polska, teraz jest w zespole Dynastar\/Rossignol. Bra\u0142 te\u017c udzia\u0142 w kilku znanych we freeride\u2019owej bran\u017cy produkcjach filmowych: \u201e24\/7\u201d i \u201eThe White House\u201d \u0141ukasza Garbryelskiego oraz \u201eMajesty Freeride Pro Tour\u201d. Jest r\u00f3wnie\u017c zawodowym testerem sprz\u0119tu narciarskiego zwi\u0105zanej z legendarnym zjazdowcem Franzem Klammerem grupy Trend Ride (ale tak\u017ce marki\u2026 Unimil). \u201eOsuch\u201d to zreszt\u0105 sportowiec wszechstronny, bo w lecie uprawia wind- i kitesurfing, a w kolarstwie g\u00f3rskim dorobi\u0142 si\u0119 I-szej klasy sportowej.<\/p>\n<p>B\u0119dziemy wi\u0119c mogli podpatrywa\u0107 \u2013 dzi\u0119ki do\u015bwiadczonej w kr\u0119ceniu uj\u0119\u0107 sportowych ekipie filmowej \u2013 jego popisy. I przy okazji uczy\u0107 si\u0119 r\u00f3\u017cnych sztuczek technicznych, pozwalaj\u0105cych p\u0142ynnie p\u0142yn\u0105\u0107 w puchu (bo skakanie ze ska\u0142 chyba trzeba sobie jednak odpu\u015bci\u0107).<\/p>\n<p>Na dodatek gospodarze ka\u017cdej ze stacji obiecuj\u0105 przydzieli\u0107 nam do\u015bwiadczonych miejscowych przewodnik\u00f3w, kt\u00f3rzy poka\u017c\u0105 najciekawsze i najpi\u0119kniejsze miejsca w okolicy.<\/p>\n<p>W ten spos\u00f3b zwiedzimy topowe Lech\/Zurs oraz Montafon w Vorarlbergu, Solden \u2013 oraz \u201ediament Alp\u201d, czyli Ober- i Hochgurgl, pi\u0119kne nieznane w Polsce, bo nienastawione dot\u0105d na go\u015bci z Europy\u00a0 \u015arodkowej \u2013 w tyrolskiej dolnie Otztal, stacje doliny Stubai, rodzinn\u0105, ale te\u017c maj\u0105c\u0105 wielkie mo\u017cliwo\u015bci freeride\u2019owe (i zas\u0142u\u017con\u0105 dla idei integracji europejskiej) dolin\u0119 Alpbachtal oraz r\u00f3wnie wszechstronny narciarsko region Pillerseetal.\u00a0<\/p>\n<p>Naturalnie w ka\u017cdej z odwiedzanych stacji b\u0119dziemy je\u017adzi\u0107 tak\u017ce po trasach \u2013 wszak to r\u00f3wnie\u017c narciarstwo.<\/p>\n<p>Sprawdzimy r\u00f3wnie\u017c jako\u015b\u0107 hoteli, apartament\u00f3w i g\u00f3rskich schronisk. Spr\u00f3bujemy lokalnej kuchni (postaramy si\u0119 zdoby\u0107 przepisy na najciekawsze potrawy) i napitk\u00f3w. Mamy zamiar potapla\u0107 si\u0119 w r\u00f3\u017cnych termalnych \u017ar\u00f3d\u0142ach i wygrza\u0107 w saumach i innych urz\u0105dzeniach tzw. wellness. Chcemy do\u015bwiadczy\u0107 te\u017c rozrywek pozanarciarskich. I nie chodzi tylko o bary i ta\u0144ce apres ski (cho\u0107 namawia nas do tego g\u0142\u00f3wnie Solden), ale r\u00f3wnie\u017c o w\u0119dr\u00f3wki na rakietach \u015bnie\u017cnych, snowkiting i saneczkarstwo nocne.<\/p>\n<p>I wreszcie: obiecujemy uczy\u0107 si\u0119 g\u00f3r od najlepszych ekspert\u00f3w. B\u0119dziemy pyta\u0107 przewodnik\u00f3w i ratownik\u00f3w o zasady w miar\u0119 bezpiecznej jazdy poza trasami, Spr\u00f3bujemy dowiedzie\u0107 si\u0119, jak rozpoznawa\u0107 teren zagro\u017cony lawinami, jak zachowa\u0107 si\u0119, kiedy, nie daj Bo\u017ce, lawina zacznie na nas schodzi\u0107 i jak ratowa\u0107 jej ofiary. A tzw. snowmaker\u00f3w \u2013 jak przygotowywa\u0107 trasy.<\/p>\n<p>Zagadniemy o dobry sprz\u0119t do jazdy w puchu \u2013 od nart pocz\u0105wszy po \u0142opaty, pips-y, plecaki z ABS itd.<\/p>\n<p>PS. Kiedy wczoraj wieczorem przeje\u017cd\u017cali\u015bmy przez Innsbruck, mijali\u015bmy grupy kibic\u00f3w wracaj\u0105cych spod miejscowej skoczni w rado\u015bci po zwyci\u0119stwie swojego ulubie\u0144ca Thomasa Morgensterna. Ale my te\u017c mogli\u015bmy by\u0107 dumni z podium dla Adama Ma\u0142ysza. A potem, na autostradzie do Bludenz, gdzie w hotelu Val Blu mamy baz\u0119 pierwszego etapu wyprawy, min\u0105\u0142 nas z zawrotn\u0105 pr\u0119dko\u015bci\u0105 charakterystyczny sportowy Nissan GT-R z\u2026 olbrzymim czarnym boxem na narty na dachu. Zgodnie z przypuszczeniami \u201eOsucha\u201d okaza\u0142o si\u0119, \u017ce nale\u017ca\u0142 do Jona Ollsona, gwiazdy narciarstwa freestyle\u2019owego i wielkiego mi\u0142o\u015bnika szybkich samochod\u00f3w.<\/p>\n","protected":false},"excerpt":{"rendered":"<p>Cel jest prosty: przetestowa\u0107 stoki o\u015bmiu obszar\u00f3w narciarskich pocz\u0105wszy od Vorarlbergu po Tyrol i G\u00f3rn\u0105 Austri\u0119. A dzi\u0119ki uprzejmo\u015bci warszawskiego Austria Info i ja do\u0142\u0105czy\u0142em do grupy tester\u00f3w. Sprawdza\u0107 b\u0119dziemy g\u0142\u00f3wnie mo\u017cliwo\u015bci jazdy poza wytyczonymi trasami. Nie bez powodu gwiazd\u0105 naszej wyprawy jest Andrzej \u201eOsuch\u201d Osuchowski, jeden z najlepszych i najbardziej obiecuj\u0105cych (rocznik: grudzie\u0144 1987!) [&hellip;]<\/p>\n","protected":false},"author":1,"featured_media":0,"comment_status":"open","ping_status":"open","sticky":false,"template":"","format":"standard","meta":{"footnotes":""},"categories":[1],"tags":[],"_links":{"self":[{"href":"https:\/\/blog.polityka.pl\/narty\/wp-json\/wp\/v2\/posts\/446"}],"collection":[{"href":"https:\/\/blog.polityka.pl\/narty\/wp-json\/wp\/v2\/posts"}],"about":[{"href":"https:\/\/blog.polityka.pl\/narty\/wp-json\/wp\/v2\/types\/post"}],"author":[{"embeddable":true,"href":"https:\/\/blog.polityka.pl\/narty\/wp-json\/wp\/v2\/users\/1"}],"replies":[{"embeddable":true,"href":"https:\/\/blog.polityka.pl\/narty\/wp-json\/wp\/v2\/comments?post=446"}],"version-history":[{"count":0,"href":"https:\/\/blog.polityka.pl\/narty\/wp-json\/wp\/v2\/posts\/446\/revisions"}],"wp:attachment":[{"href":"https:\/\/blog.polityka.pl\/narty\/wp-json\/wp\/v2\/media?parent=446"}],"wp:term":[{"taxonomy":"category","embeddable":true,"href":"https:\/\/blog.polityka.pl\/narty\/wp-json\/wp\/v2\/categories?post=446"},{"taxonomy":"post_tag","embeddable":true,"href":"https:\/\/blog.polityka.pl\/narty\/wp-json\/wp\/v2\/tags?post=446"}],"curies":[{"name":"wp","href":"https:\/\/api.w.org\/{rel}","templated":true}]}}