
{"id":467,"date":"2011-01-14T05:37:42","date_gmt":"2011-01-14T04:37:42","guid":{"rendered":"http:\/\/narty.blog.polityka.pl\/?p=467"},"modified":"2011-01-13T19:09:18","modified_gmt":"2011-01-13T18:09:18","slug":"diament-alp-i-kopula-wody","status":"publish","type":"post","link":"https:\/\/blog.polityka.pl\/narty\/2011\/01\/14\/diament-alp-i-kopula-wody\/","title":{"rendered":"Diament Alp i Kopu\u0142a Wody"},"content":{"rendered":"<p><a href=\"\/wp-content\/uploads\/\/2011\/01\/gurgl-aqua-dome.jpg\"><\/a><a href=\"\/wp-content\/uploads\/\/2011\/01\/gurgl-freeride.jpg\"><\/a><a href=\"\/wp-content\/uploads\/\/2011\/01\/gurgl-stoki-2.jpg\"><\/a><a href=\"\/wp-content\/uploads\/\/2011\/01\/gurgl-top-of-the-mountai.jpg\"><\/a>Niespe\u0142na 20 km od g\u0142o\u015bnego i zabawowego S\u00f6lden, na samym kra\u0144cu doliny \u00d6tztal, le\u017cy niemal r\u00f3wnie wielki obszar narciarski Hochgurgl\/Obergurgl.<\/p>\n<p>Sama stacja ma jednak zupe\u0142nie inny charakter \u2013 jest du\u017co cichsza i, by tak rzec, bardziej wysmakowana. Tak\u017ce jej klientela jest inna \u2013 to nie \u017c\u0105dna imprez apres ski m\u0142odzie\u017c, lecz zamo\u017cni i stateczniejsi mi\u0142o\u015bnicy sport\u00f3w zimowych. Nie przez przypadek za jedn\u0105 ze swych wizyt\u00f3wek Gurgl uznaje luksusowe, w tym pi\u0119ciogwiazdkowe, hotele wybudowane z zachowaniem alpejskiego stylu nawet na wysoko\u015bci 2150 m n.p.m. Znamienne cho\u0107by i to, \u017ce w schronisku\/restauracji Wurmkoglhutte, czyli na 2807 m n.p.m., mo\u017cna skorzysta\u0107 z\u2026 bankomatu, a w samej stacji w trosce o klas\u0119 wypoczynku wprowadzono stref\u0119 ograniczonego ruchu samochodowego.<\/p>\n<p>R\u00f3wnocze\u015bnie Gurgl w\u015br\u00f3d miejscowych spec\u00f3w uchodzi za doskona\u0142\u0105 baz\u0119 do freeride\u2019u (cho\u0107 podkre\u015blaj\u0105 oni, \u017ce aby trafi\u0107 w dobre miejsca, trzeba dobrze zna\u0107 okolic\u0119, wi\u0119c niezb\u0119dna jest pomoc lokalnego przewodnika).<\/p>\n<p>Wreszcie, co mo\u017ce najwa\u017cniejsze, go\u015bci jest tu du\u017co mniej ni\u017c S\u00f6lden. Nie bez powodu Hochgurgl\/Obergurgl reklamuje si\u0119 jako miejsce, gdzie nigdy nie u\u015bwiadczysz kolejek do wyci\u0105g\u00f3w. Kiedy ekipa Austrostrady wspi\u0119\u0142a si\u0119 na 2015 m n.p.m., pierwsze zaskoczenie dotyczy\u0142o w\u0142a\u015bnie pustki w kasach przed stacj\u0105 nowoczesnej gondolki Hochgurglbahn.<\/p>\n<p>Tak\u017ce na stokach nie by\u0142o t\u0142um\u00f3w. Bo i infrastruktura wyci\u0105gowa jest chlub\u0105 tej stacji \u2013 do\u015b\u0107 powiedzie\u0107, \u017ce najwi\u0119ksze inwestycje minionych lat, czyli system gondolek w Hoch- i Obergurgl wraz z \u0142\u0105cz\u0105c\u0105 oba obszary kolejk\u0105 Top Express, kosztowa\u0142 95 mln euro. W sumie 110 km tras jest obs\u0142ugiwanych przez 24 wyci\u0105gi zdolne w godzin\u0119 przewie\u017a\u0107 prawie 40 tys. narciarzy.<\/p>\n<p><a href=\"\/wp-content\/uploads\/\/2011\/01\/gurgl-stoki-2.jpg\"><img loading=\"lazy\" decoding=\"async\" class=\"alignnone size-medium wp-image-470\" title=\"gurgl-stoki-2\" src=\"\/wp-content\/uploads\/\/2011\/01\/gurgl-stoki-2-300x194.jpg\" alt=\"\" width=\"300\" height=\"194\" srcset=\"\/narty\/wp-content\/uploads\/2011\/01\/gurgl-stoki-2-300x194.jpg 300w, \/narty\/wp-content\/uploads\/2011\/01\/gurgl-stoki-2.jpg 650w\" sizes=\"(max-width: 300px) 100vw, 300px\" \/><\/a>\u00a0<em>Stoki Hochgurgl (fot. Tomek Rakoczy)<\/em><\/p>\n<p>Du\u017ce pieni\u0105dze wk\u0142ada si\u0119 tu tak\u017ce w przygotowanie tras. Cho\u0107 wytyczono je pomi\u0119dzy 1800 a 3080 m n.p.m., to a\u017c na 95 proc. zainstalowane s\u0105 armatki umo\u017cliwiaj\u0105ce do\u015bnie\u017canie.<\/p>\n<p>To \u2013 plus wysoko\u015b\u0107 stacji oraz specyficzny uk\u0142ad okolicznych masyw\u00f3w \u2013 spowodowa\u0142y, \u017ce cho\u0107 wci\u0105\u017c wia\u0142 ciep\u0142y F\u00f6hn, mogli\u015bmy je\u017adzi\u0107 po szeroko wyratrakowanych trasach ze \u015bniegiem przedniej jako\u015bci.<br \/>\nA je\u017adzili\u015bmy po trasach, bo poza nimi nie bardzo si\u0119 da\u0142o. Jako \u017ce dawno nie pada\u0142o, wi\u0119c niemal wszystkie atrakcyjnie wygl\u0105daj\u0105ce warianty freeride\u2019owe by\u0142y poci\u0119te \u015bladami. Kiedy w Ko\u0144cu Andrzej Osuchowski i Seba Litner wypatrzyli w miar\u0119 ciekawy, bo w\u0105ski, stromy i \u201eczysty\u201d kuluar, okaza\u0142o si\u0119, \u017ce pod\u0142o\u017ce jest w nim tak twarde, \u017ce frajda z widowiskowego pokonania go niewielka.<\/p>\n<p><a href=\"\/wp-content\/uploads\/\/2011\/01\/gurgl-freeride.jpg\"><img loading=\"lazy\" decoding=\"async\" class=\"alignnone size-medium wp-image-469\" title=\"gurgl-freeride\" src=\"\/wp-content\/uploads\/\/2011\/01\/gurgl-freeride-196x300.jpg\" alt=\"\" width=\"196\" height=\"300\" srcset=\"\/narty\/wp-content\/uploads\/2011\/01\/gurgl-freeride-196x300.jpg 196w, \/narty\/wp-content\/uploads\/2011\/01\/gurgl-freeride.jpg 550w\" sizes=\"(max-width: 196px) 100vw, 196px\" \/><\/a>\u00a0<em>Andrzej Osuchowski w jednym z kuluar\u00f3w w Hochgurgl (fot. Tomek Rakoczy)<\/em><\/p>\n<p>Na dodatek pocz\u0105tkowo wszystko wskazywa\u0142o na to, \u017ce si\u0142a F\u00f6hn nie pozwoli nam wjecha\u0107 na tzw. Top Mountain Star, czyli niedawno wybudowan\u0105, a ju\u017c s\u0142ynn\u0105 platform\u0119 widokow\u0105 g\u00f3ruj\u0105c\u0105 nad Hochgurgl. Jej s\u0142awa p\u0142ynie nie tylko st\u0105d, \u017ce z tamtejszego przeszkolonego baru na 3082 m n.p.m. b\u0105d\u017a okalaj\u0105cego go specjalnego tarasu mo\u017cna ogl\u0105da\u0107 wszystkie okoliczne szczyty (platform\u0119 skonstruowano bowiem w formule \u201e360 stopni\u201d) \u2013 m.in. nieodleg\u0142y\u00a0 Wildspitze (czyli drug\u0105 g\u00f3r\u0119 Austrii \u2013 3774 m n.p.m.) i Dolomity. O Top Mountain Star g\u0142o\u015bno zrobi\u0142o si\u0119 tak\u017ce dlatego, \u017ce o jej iluminacj\u0119 zadba\u0142a firma Swarovski &amp; Co, inkrustuj\u0105c konstrukcj\u0119\u2026 swoimi kryszta\u0142kami.<\/p>\n<p>Widok za\u015b z platformy jest faktycznie imponuj\u0105cy \u2013 daje poczucie pi\u0119kna, ale i pot\u0119gi Alp.<\/p>\n<p><a href=\"\/wp-content\/uploads\/\/2011\/01\/gurgl-top-of-the-mountai.jpg\"><img loading=\"lazy\" decoding=\"async\" class=\"alignnone size-medium wp-image-471\" title=\"gurgl-top-of-the-mountai\" src=\"\/wp-content\/uploads\/\/2011\/01\/gurgl-top-of-the-mountai-300x132.jpg\" alt=\"\" width=\"300\" height=\"132\" srcset=\"\/narty\/wp-content\/uploads\/2011\/01\/gurgl-top-of-the-mountai-300x132.jpg 300w, \/narty\/wp-content\/uploads\/2011\/01\/gurgl-top-of-the-mountai.jpg 650w\" sizes=\"(max-width: 300px) 100vw, 300px\" \/><\/a>\u00a0<em>Top Of The Mountain&#8221; w Hochgurgl (fot. Tomek Rakoczy)<\/em><\/p>\n<p>Gurgl umiej\u0119tnie zreszt\u0105 tak\u0105 w\u0142a\u015bnie atmosfer\u0119 swoich g\u00f3r kultywuje. W kwietniu uroczy\u015bcie obchodzono tu setn\u0105 rocznic\u0119 za\u0142o\u017cenia lokalnego klubu narciarskiego (sk\u0105din\u0105d a\u017c trudno uwierzy\u0107, \u017ce w po\u0142o\u017conej na samym kra\u0144cu doliny wiosce ju\u017c przed wiekiem znale\u017ali si\u0119 pasjonaci tego sportu). W imi\u0119 tradycji honoruje te\u017c szwajcarskiego fizyka in\u017c. Augusta Piccarda, kt\u00f3ry w 1931 r. jako pierwszy cz\u0142owiek dotar\u0142 balonem do stratosfery, lecz podczas jednego ze swych lot\u00f3w badawczych zmuszony by\u0142 awaryjnie wyl\u0105dowa\u0107 na lodowcu Gaisbergferner \u2013 w\u0142a\u015bnie w okolicy Gurgl.<\/p>\n<p>Do idea\u0142u brakuje mo\u017ce jednego: wsp\u00f3lnego skipassu dla S\u00f6lden oraz Hochgurgl i Obergurgl. Powodem jest zadawniony sp\u00f3r mi\u0119dzy rodzinami, do kt\u00f3rych nale\u017c\u0105 wyci\u0105gi w ka\u017cdym z o\u015brodk\u00f3w. Nawet miejscowi k\u0142\u00f3tni\u0119 uwa\u017caj\u0105 za kompletnie niezrozumia\u0142\u0105&#8230; Cho\u0107 w tym roku pojawi\u0142y si\u0119 pierwsze oznaki \u0142agodzenia konfliktu: za specjaln\u0105 dop\u0142at\u0105 go\u015bcie, kt\u00f3rzy mieszkaj\u0105 w kt\u00f3rej\u015b ze stacji przez minimum pi\u0119\u0107 dni, mog\u0105 je\u017adzi\u0107 po s\u0105siedzku, ale tylko przez\u2026 dzie\u0144.<\/p>\n<p>Po wizycie w \u201eDiamencie Alp\u201d, jak nie tylko z powodu kamieni Swarovskiego, nazywane jest Hochgurgl\/Obergurgl, pojechali\u015bmy do Aqua Dome. \u201eKopu\u0142y Wody\u201d, bo tak nale\u017ca\u0142oby chyba przet\u0142umaczy\u0107 t\u0119 nazw\u0119,\u00a0to nowoczesny kompleks termalny w Langenfeld (ok. 20 km od S\u00f6lden, tyle \u017ce tym razem w d\u00f3\u0142 doliny).<\/p>\n<p><a href=\"\/wp-content\/uploads\/\/2011\/01\/gurgl-aqua-dome.jpg\"><img loading=\"lazy\" decoding=\"async\" class=\"alignnone size-medium wp-image-468\" title=\"gurgl-aqua-dome\" src=\"\/wp-content\/uploads\/\/2011\/01\/gurgl-aqua-dome-300x119.jpg\" alt=\"\" width=\"300\" height=\"119\" srcset=\"\/narty\/wp-content\/uploads\/2011\/01\/gurgl-aqua-dome-300x119.jpg 300w, \/narty\/wp-content\/uploads\/2011\/01\/gurgl-aqua-dome.jpg 650w\" sizes=\"(max-width: 300px) 100vw, 300px\" \/><\/a>\u00a0<em>Aqua Dome (fot. Tomek Rakoczy)<\/em><\/p>\n<p>W otwartym ledwie 6 lat temu i ze smakiem (du\u017co drewna i jasnego kamienia) zaprojektowanym obiekcie, mo\u017cna k\u0105pa\u0107 si\u0119 w rozmaitych basenach i urz\u0105dzeniach wodnych \u2013 zar\u00f3wno pod dachem, jak na otwartej przestrzeni \u2013 o powierzchni 2200 metr\u00f3w kwadratowych. Zasila je woda o temperaturze 37 stopni Celsjusza, czerpana z g\u0142\u0119boko\u015bci 1845 m pod powierzchni\u0105 gruntu. Ca\u0142odzienna wej\u015bci\u00f3wka kosztuje w tygodniu 24 euro, a w weekendy \u2013 26,50 euro. Za mo\u017cliwo\u015b\u0107 korzystania z saun, fitness i spa trzeba dop\u0142aci\u0107 13-15 euro.<\/p>\n<p>Pr\u00f3cz klasycznych jacuzzi, rozmaitych rodzaj\u00f3w saun, masa\u017cy, tzw. gimnastyki podwodnej (rowery i inne sprz\u0119ty treningowe znajduj\u0105 si\u0119 pod powierzchni\u0105 wody w specjalnym basenie) oraz zabieg\u00f3w relaksacyjnych, najwi\u0119ksz\u0105 frajd\u0105 zdaje si\u0119 by\u0107 k\u0105piel w basenach zewn\u0119trznych z widokiem na okoliczne szczyty.<\/p>\n<p>Zreszt\u0105 tak\u017ce podczas obiadu w tamtejszej restauracji (kt\u00f3ry spo\u017cywa si\u0119 w\u2026 szlafrokach), mo\u017cna w przerwach mi\u0119dzy daniami rozkoszowa\u0107 si\u0119 raz jeszcze widokiem \u00f6tztalskich Alp.<\/p>\n","protected":false},"excerpt":{"rendered":"<p>Niespe\u0142na 20 km od g\u0142o\u015bnego i zabawowego S\u00f6lden, na samym kra\u0144cu doliny \u00d6tztal, le\u017cy niemal r\u00f3wnie wielki obszar narciarski Hochgurgl\/Obergurgl. Sama stacja ma jednak zupe\u0142nie inny charakter \u2013 jest du\u017co cichsza i, by tak rzec, bardziej wysmakowana. Tak\u017ce jej klientela jest inna \u2013 to nie \u017c\u0105dna imprez apres ski m\u0142odzie\u017c, lecz zamo\u017cni i stateczniejsi mi\u0142o\u015bnicy [&hellip;]<\/p>\n","protected":false},"author":1,"featured_media":0,"comment_status":"open","ping_status":"open","sticky":false,"template":"","format":"standard","meta":{"footnotes":""},"categories":[1],"tags":[],"_links":{"self":[{"href":"https:\/\/blog.polityka.pl\/narty\/wp-json\/wp\/v2\/posts\/467"}],"collection":[{"href":"https:\/\/blog.polityka.pl\/narty\/wp-json\/wp\/v2\/posts"}],"about":[{"href":"https:\/\/blog.polityka.pl\/narty\/wp-json\/wp\/v2\/types\/post"}],"author":[{"embeddable":true,"href":"https:\/\/blog.polityka.pl\/narty\/wp-json\/wp\/v2\/users\/1"}],"replies":[{"embeddable":true,"href":"https:\/\/blog.polityka.pl\/narty\/wp-json\/wp\/v2\/comments?post=467"}],"version-history":[{"count":1,"href":"https:\/\/blog.polityka.pl\/narty\/wp-json\/wp\/v2\/posts\/467\/revisions"}],"predecessor-version":[{"id":928,"href":"https:\/\/blog.polityka.pl\/narty\/wp-json\/wp\/v2\/posts\/467\/revisions\/928"}],"wp:attachment":[{"href":"https:\/\/blog.polityka.pl\/narty\/wp-json\/wp\/v2\/media?parent=467"}],"wp:term":[{"taxonomy":"category","embeddable":true,"href":"https:\/\/blog.polityka.pl\/narty\/wp-json\/wp\/v2\/categories?post=467"},{"taxonomy":"post_tag","embeddable":true,"href":"https:\/\/blog.polityka.pl\/narty\/wp-json\/wp\/v2\/tags?post=467"}],"curies":[{"name":"wp","href":"https:\/\/api.w.org\/{rel}","templated":true}]}}