
{"id":477,"date":"2011-01-20T05:53:52","date_gmt":"2011-01-20T04:53:52","guid":{"rendered":"http:\/\/narty.blog.polityka.pl\/?p=477"},"modified":"2011-01-19T21:54:54","modified_gmt":"2011-01-19T20:54:54","slug":"schlick-2000-dla-riderow-i-dla-dzieci","status":"publish","type":"post","link":"https:\/\/blog.polityka.pl\/narty\/2011\/01\/20\/schlick-2000-dla-riderow-i-dla-dzieci\/","title":{"rendered":"Schlick 2000: dla rider\u00f3w i dla dzieci"},"content":{"rendered":"<p><a href=\"\/wp-content\/uploads\/\/2011\/01\/schlick-2000-masywtjr_6602a.jpg\"><\/a><a href=\"\/wp-content\/uploads\/\/2011\/01\/schlick-2000-tjr_6640a.jpg\"><\/a><a href=\"\/wp-content\/uploads\/\/2011\/01\/schlick-2000-stubaitjr_6682a.jpg\"><\/a>Gdyby s\u0105dzi\u0107 tylko po statystykach z przewodnik\u00f3w, Schlick 2000 by\u0142oby stacj\u0105 zimow\u0105 jak wiele innych. Jest tu 22 km tras, kt\u00f3re s\u0105 obs\u0142ugiwane przez dwie po\u0142\u0105czone gondolki, jedne czteroosobowe krzes\u0142a i siedem orczyk\u00f3w. Wysoko\u015b\u0107 nienadzwyczajna, bo wyci\u0105gami mo\u017cna si\u0119 dosta\u0107 na niespe\u0142na 2200 m n.p.m. A dolna stacja kolejki znajduje si\u0119 na rogatkach Fulpmes, miasta u wlotu do doliny Stubai (jedynym wyr\u00f3\u017cnikiem mog\u0142oby by\u0107 to, \u017ce urodzi\u0142 si\u0119 tu znany austriacki skoczek narciarski Gregor \u201eSchlieri\u201d Schlierenzauer, kt\u00f3ry ma ju\u017c zreszt\u0105 w Fulpmes\u2026 plac swojego imienia).<\/p>\n<p>Jednak ju\u017c podczas jazdy gondolkami, Andrzej \u201eOsuch\u201d Osuchowski i Sebastian Litner, \u015bwietni polscy freeriderzy i uczestnicy wyprawy Austrostrada 2011, wyra\u017anie si\u0119 o\u017cywili: pod nami by\u0142 las poci\u0119ty \u015bladami nart. \u201eAle miejsc\u00f3wka!\u201d \u2013 wo\u0142ali na widok malowniczych g\u0142az\u00f3w i pni przysypanych \u015bniegiem. A kiedy znale\u017ali\u015bmy si\u0119 na g\u00f3rnej stacji, zobaczyli\u015bmy przepi\u0119kny masyw okalaj\u0105cy spory kocio\u0142, w jakim wytyczono nartostrady Schlick.<\/p>\n<p>Skalne szczyty ze swoimi kuluarami robi\u0105 imponuj\u0105ce wra\u017cenie (najwy\u017cszy, Gr. Ochsenwand, wznosi si\u0119 na 2700 m n.p.m.) \u2013 zw\u0142aszcza, \u017ce na \u015bniegu pokrywaj\u0105cym niekt\u00f3re grzbiety i \u017cleby tak\u017ce by\u0142o wida\u0107 \u015blady przejazd\u00f3w. Na dodatek w dole by\u0142 kolejny las \u2013 znowu z mo\u017cliwo\u015bci\u0105 jazdy mi\u0119dzy drzewami.<\/p>\n<p><a href=\"\/wp-content\/uploads\/\/2011\/01\/schlick-2000-masywtjr_6602a.jpg\"><img loading=\"lazy\" decoding=\"async\" class=\"alignnone size-medium wp-image-478\" title=\"schlick-2000-masywtjr_6602a\" src=\"\/wp-content\/uploads\/\/2011\/01\/schlick-2000-masywtjr_6602a-300x212.jpg\" alt=\"\" width=\"300\" height=\"212\" srcset=\"\/narty\/wp-content\/uploads\/2011\/01\/schlick-2000-masywtjr_6602a-300x212.jpg 300w, \/narty\/wp-content\/uploads\/2011\/01\/schlick-2000-masywtjr_6602a.jpg 650w\" sizes=\"(max-width: 300px) 100vw, 300px\" \/><\/a>\u00a0<em>Gr. Ochsenwand (2700 m n.p.m.) g\u00f3ruj\u0105cy nad Schlick 2000 (fot. Tomek Rakoczy)<\/em><\/p>\n<p>Daniel, nasz tutejszy przewodnik, nie bez powodu opowiada\u0142 wi\u0119c wcze\u015bniej, \u017ce Schlick to prawdziwy raj dla freerider\u00f3w. On sam, maj\u0105c 26 lat, porzuci\u0142 dobrze zapowiadaj\u0105c\u0105 si\u0119 karier\u0119 urz\u0119dnika ubezpieczeniowego, na rzecz \u2013 jak m\u00f3wi \u2013 du\u017co ciekawszej i wreszcie pasjonuj\u0105cej pracy w g\u00f3rach.<\/p>\n<p>Zastrzega\u0142 tylko, \u017ce warunki \u2013 z powodu utrzymuj\u0105cych si\u0119 od paru dni wysokich temperatur \u2013 s\u0105 trudne i trzeba bardzo uwa\u017ca\u0107 na lawiny. Ale \u017ce widoczno\u015b\u0107 by\u0142a \u2013 z racji pe\u0142nego s\u0142o\u0144ca \u2013 doskona\u0142a, szybko zacz\u0105\u0142 wskazywa\u0107 miejsca, w kt\u00f3rych mo\u017cliwy by\u0142 w miar\u0119 bezpieczny, a ciekawy zjazd. Zreszt\u0105 J\u0119drek i Seba te\u017c mieli swoje sugestie. W rezultacie wytyczyli po cztery linie \u2013 m.in. w tzw. Free Nature Park Schlick, gdzie kamienne osuwiska tworz\u0105 piargi, jary i w\u0105wozy niebywa\u0142ych kszta\u0142t\u00f3w oraz wielko\u015bci. Lecz najbardziej ekscytuj\u0105cy \u2013 tak\u017ce dla sporej publiczno\u015bci, obserwuj\u0105cej wyczyn \u2013 by\u0142 zjazd ze stromego, usianego odkrytymi g\u0142azami i\u2026 \u015bladami obsuw\u00f3w \u015bnie\u017cnych grzbietu Sennjoch (\u015bciany na lewo od g\u00f3rnej stacji tamtejszych krzese\u0142ek).<\/p>\n<p><a href=\"\/wp-content\/uploads\/\/2011\/01\/schlick-2000-tjr_6640a.jpg\"><img loading=\"lazy\" decoding=\"async\" class=\"alignnone size-medium wp-image-479\" title=\"schlick-2000-tjr_6640a\" src=\"\/wp-content\/uploads\/\/2011\/01\/schlick-2000-tjr_6640a-300x207.jpg\" alt=\"\" width=\"300\" height=\"207\" srcset=\"\/narty\/wp-content\/uploads\/2011\/01\/schlick-2000-tjr_6640a-300x207.jpg 300w, \/narty\/wp-content\/uploads\/2011\/01\/schlick-2000-tjr_6640a.jpg 650w\" sizes=\"(max-width: 300px) 100vw, 300px\" \/><\/a>\u00a0<em>Andrzej Osuchowski w Schlick 2000 (fot. Tomek Rakoczy)<\/em><\/p>\n<p>Potem, ju\u017c dla rozlu\u017anienia, pokonali\u015bmy jeszcze tras\u0119 z punktami pomiaru pr\u0119dko\u015bci (wyniki nie by\u0142y powalaj\u0105ce).<\/p>\n<p>Przez ca\u0142y dzie\u0144 Daniel sporo opowiedzia\u0142 nam te\u017c o innych wariantach off piste w Schlick, dost\u0119pnych w lepszych warunkach \u015bniegowych. Ot cho\u0107by o zje\u017adzie przez las do samego Fulpmes. Przekonywa\u0142 nadto, \u017ce specyficzny uk\u0142ad masyw\u00f3w okalaj\u0105cych Schlick sprawia, \u017ce po opadach tutejszy puch d\u0142ugo utrzymuje doskona\u0142\u0105 jako\u015b\u0107. Nie bez przyczyny miejscowi instruktorzy i pasjonaci jazdy poza trasami s\u0105 przeciwni planom po\u0142\u0105czenia Schlick 2000 wyci\u0105giem ze znajduj\u0105c\u0105 si\u0119 w s\u0105siedniej dolinie stacj\u0105 Axamer Lizum \u2013 wprawdzie jest ona pono\u0107 r\u00f3wnie cicha i urokliwa, ale wi\u0119cej go\u015bci oznacza przecie\u017c wzmo\u017con\u0105 konkurencj\u0119 do wytyczenia pierwszego \u015bladu w dziewiczym \u015bniegu.<\/p>\n<p>Co ciekawe, Schlick \u2013 pr\u00f3cz \u015bwietnych warunk\u00f3w dla mi\u0142o\u015bnik\u00f3w off piste \u2013 jest r\u00f3wnocze\u015bnie o\u015brodkiem nadzwyczaj przyjaznym rodzinom. Nie chodzi tylko o to, \u017ce wszystkie dzieci, kt\u00f3re nie przekroczy\u0142y 10 lat, przez ca\u0142y sezon je\u017cd\u017c\u0105 tu gratis. W Schlick 2000 dzia\u0142a tak\u017ce Kinderland, czyli szko\u0142a narciarska dla dzieci (stosunkowo tania \u2013 6 dni zaj\u0119\u0107 po 4 godziny plus rozmaite atrakcje kosztuje 159 euro). Jest tam tak\u017ce\u2026 \u017c\u0142obek dla dzieci od 3 miesi\u0105ca \u017cycia \u2013 oferuj\u0105ce tak\u017ce sypialnie i miejsca do przewijania.<\/p>\n<p>Sk\u0105din\u0105d tak\u017ce ceny karnet\u00f3w dla doros\u0142ych s\u0105 w Schlick przyst\u0119pne: w sezonie 6 dni jazdy kosztuje 160 euro, a poza sezonem \u2013 m.in. na prze\u0142omie marca i kwietnia, okresie najlepszym tu podobno do jazdy off piste \u2013 144 euro.<\/p>\n<p><a href=\"\/wp-content\/uploads\/\/2011\/01\/schlick-2000-stubaitjr_6682a.jpg\"><img loading=\"lazy\" decoding=\"async\" class=\"alignnone size-medium wp-image-480\" title=\"schlick-2000-stubaitjr_6682a\" src=\"\/wp-content\/uploads\/\/2011\/01\/schlick-2000-stubaitjr_6682a-300x199.jpg\" alt=\"\" width=\"300\" height=\"199\" srcset=\"\/narty\/wp-content\/uploads\/2011\/01\/schlick-2000-stubaitjr_6682a-300x199.jpg 300w, \/narty\/wp-content\/uploads\/2011\/01\/schlick-2000-stubaitjr_6682a.jpg 650w\" sizes=\"(max-width: 300px) 100vw, 300px\" \/><\/a>\u00a0<em>Widok ze Schlick 2000 na dolin\u0119 Stubai (fot. Tomek Rakoczy)<\/em><\/p>\n<p>Trzeba jedynie starannie dobiera\u0107 hotele, gasthausy, restauracje i bary w Fulpmes. Obs\u0142uga potrafi by\u0107 bowiem r\u00f3\u017cna \u2013 od przyjaznej po, delikatnie m\u00f3wi\u0105c, ch\u0142odn\u0105. Chyba, \u017ce to akurat my mieli\u015bmy pecha trafi\u0107 na ma\u0142o przyjazne osoby: opryskliw\u0105 w\u0142a\u015bcicielk\u0119 hotelu (\u201eHubertus\u201d) i tak\u0105\u017c kelnerk\u0119 (w restauracji \u201ePavillon\u201d).<\/p>\n","protected":false},"excerpt":{"rendered":"<p>Gdyby s\u0105dzi\u0107 tylko po statystykach z przewodnik\u00f3w, Schlick 2000 by\u0142oby stacj\u0105 zimow\u0105 jak wiele innych. Jest tu 22 km tras, kt\u00f3re s\u0105 obs\u0142ugiwane przez dwie po\u0142\u0105czone gondolki, jedne czteroosobowe krzes\u0142a i siedem orczyk\u00f3w. Wysoko\u015b\u0107 nienadzwyczajna, bo wyci\u0105gami mo\u017cna si\u0119 dosta\u0107 na niespe\u0142na 2200 m n.p.m. A dolna stacja kolejki znajduje si\u0119 na rogatkach Fulpmes, miasta [&hellip;]<\/p>\n","protected":false},"author":1,"featured_media":0,"comment_status":"open","ping_status":"open","sticky":false,"template":"","format":"standard","meta":{"footnotes":""},"categories":[1],"tags":[],"_links":{"self":[{"href":"https:\/\/blog.polityka.pl\/narty\/wp-json\/wp\/v2\/posts\/477"}],"collection":[{"href":"https:\/\/blog.polityka.pl\/narty\/wp-json\/wp\/v2\/posts"}],"about":[{"href":"https:\/\/blog.polityka.pl\/narty\/wp-json\/wp\/v2\/types\/post"}],"author":[{"embeddable":true,"href":"https:\/\/blog.polityka.pl\/narty\/wp-json\/wp\/v2\/users\/1"}],"replies":[{"embeddable":true,"href":"https:\/\/blog.polityka.pl\/narty\/wp-json\/wp\/v2\/comments?post=477"}],"version-history":[{"count":0,"href":"https:\/\/blog.polityka.pl\/narty\/wp-json\/wp\/v2\/posts\/477\/revisions"}],"wp:attachment":[{"href":"https:\/\/blog.polityka.pl\/narty\/wp-json\/wp\/v2\/media?parent=477"}],"wp:term":[{"taxonomy":"category","embeddable":true,"href":"https:\/\/blog.polityka.pl\/narty\/wp-json\/wp\/v2\/categories?post=477"},{"taxonomy":"post_tag","embeddable":true,"href":"https:\/\/blog.polityka.pl\/narty\/wp-json\/wp\/v2\/tags?post=477"}],"curies":[{"name":"wp","href":"https:\/\/api.w.org\/{rel}","templated":true}]}}