
{"id":481,"date":"2011-01-21T12:48:57","date_gmt":"2011-01-21T11:48:57","guid":{"rendered":"http:\/\/narty.blog.polityka.pl\/?p=481"},"modified":"2011-01-21T13:03:45","modified_gmt":"2011-01-21T12:03:45","slug":"snieg-i-ugoda","status":"publish","type":"post","link":"https:\/\/blog.polityka.pl\/narty\/2011\/01\/21\/snieg-i-ugoda\/","title":{"rendered":"\u015anieg (na Podhalu) i ugoda (na Kotelnicy)"},"content":{"rendered":"<p>Na Podhalu wreszcie bia\u0142o. Po wielu dniach odwil\u017cy spad\u0142o kilkana\u015bcie centymetr\u00f3w \u015bniegu, a \u017ce spad\u0142a te\u017c temperatura, mo\u017cliwe sta\u0142o si\u0119 sztuczne do\u015bnie\u017canie. Ponownie mo\u017cna wi\u0119c by\u0142o uruchomi\u0107 wyci\u0105gi. Ruszy\u0107 te\u017c mo\u017ce popularna zakopia\u0144ska Kotelnica \u2013 ale to ju\u017c z ca\u0142kiem innego powodu.<\/p>\n<p>Ta ca\u0142kiem d\u0142uga (ok. 750 metr\u00f3w) trasa na wschodnim zboczu Guba\u0142\u00f3wki, obs\u0142ugiwana przez wyci\u0105g orczykowy, by\u0142a niegdy\u015b \u2013 ba, przez niemal 30 lat \u2013 \u015bwietnym uzupe\u0142nieniem g\u0142\u00f3wnej nartostrady biegn\u0105cej wzd\u0142u\u017c znanej w ca\u0142ym kraju tamtejszej kolei terenowej PKL. Potem si\u0119 jednak zacz\u0119\u0142o. Najpierw wybuch\u0142 sp\u00f3r mi\u0119dzy PKL a w\u0142a\u015bcicielami dzia\u0142ek na po\u0142udniowych zboczach Guba\u0142\u00f3wki, a potem k\u0142\u00f3tnia obj\u0119\u0142a te\u017c Kotelnic\u0119 (tak\u017ce mi\u0119dzy zarz\u0105dzaj\u0105cymi wyci\u0105giem a g\u00f3ralami, maj\u0105cy prawa do gruntu, po kt\u00f3rym przebiega\u0142a trasa). Symbolem konfliktu sta\u0142y si\u0119 p\u0142oty, kt\u00f3re przez cztery sezony uniemo\u017cliwia\u0142y narciarzom i snowboardzistom jazd\u0119 na Kotelnicy. Niedawno jednak ogrodzenia znikn\u0119\u0142y. Okazuje si\u0119, \u017ce strony dosz\u0142y w ko\u0144cu do porozumienia. Co wa\u017cne: na wznowienie pracy wyci\u0105gu zgodzili si\u0119 wszyscy w\u0142a\u015bciciele ziemi.<\/p>\n<p>Wi\u0119cej, jak informuje lokalna Gazeta Wyborcza, g\u00f3rale z Guba\u0142\u00f3wki, Furmanowej i Kotelnicy chc\u0105 wybudowa\u0107 w Pa\u015bmie Guba\u0142owskim du\u017c\u0105 stacj\u0119 zimow\u0105. W tym celu chc\u0105 powo\u0142a\u0107 sp\u00f3\u0142k\u0119 (pierwsze zebranie udzia\u0142owc\u00f3w odby\u0107 si\u0119 ma w marcu), kt\u00f3ra najp\u00f3\u017aniej w 2012 r. rozpocz\u0119\u0142aby inwestycj\u0119. Obejmowa\u0142aby ona m.in. budow\u0119 nowoczesnego wyci\u0105gu krzese\u0142kowego w\u0142a\u015bnie na zboczu Kotelnicy.<\/p>\n<p>By\u0107 mo\u017ce wzorem stali si\u0119 s\u0105siedzi z podhala\u0144skiej Czarnej G\u00f3ry, kt\u00f3rzy \u2013 chc\u0105c przyci\u0105gn\u0105\u0107 go\u015bci na zbocza tamtejszej Litwinki \u2013 kilka miesi\u0119cy temu zawi\u0105zali sp\u00f3\u0142k\u0119 (ma 60 udzia\u0142owc\u00f3w) i zast\u0105pili przestarza\u0142y orczyk nowoczesnymi, czteroosobowymi krzese\u0142kami, by.<\/p>\n<p>Poparcie dla inicjatywy mieszka\u0144c\u00f3w Pasma Guba\u0142owskiego deklaruj\u0105 w\u0142adze Zakopanego. Przewodnicz\u0105cy rady miasta zapewni\u0142 dziennikarzy, \u017ce traktuje narciarstwo jako wizyt\u00f3wk\u0119 regionu. Doda\u0142, \u017ce gmina b\u0119dzie walczy\u0107, \u017ceby Zakopane mia\u0142o jak najwi\u0119cej teren\u00f3w do jazdy. K\u0142opot w tym, \u017ce w ub. roku rada uchwali\u0142a plan zagospodarowania przestrzennego dla obszaru Pasma, w kt\u00f3rym nie uwzgl\u0119dniono tras na Kotelnicy i Guba\u0142\u00f3wce \u2013 na ich miejscu znajdowa\u0107 si\u0119 ma\u2026 las, cho\u0107 lata temu w\u0142a\u015bnie na potrzeby nartostrad wyci\u0119to tam przecinki. Nie zmieniono te\u017c klasyfikacji gruntu.<\/p>\n<p>Szcz\u0119\u015bliwie okazuje si\u0119, \u017ce plan taki mo\u017cna zmieni\u0107. Wojewoda ma\u0142opolski musi zbada\u0107 zgodno\u015b\u0107 planu ze studium zagospodarowania przestrzennego. Ale nawet je\u015bli nie za\u017c\u0105da \u017cadnych poprawek, to rada miasta mo\u017ce z\u0142o\u017cy\u0107 wniosek o wprowadzenie odpowiednich zmian, uwzgl\u0119dniaj\u0105cych trasy narciarskie.<\/p>\n<p>Wszystko pi\u0119knie, tyle \u017ce przez cztery lata nie zarabiali ani w\u0142a\u015bciciele wyci\u0105g\u00f3w, ani g\u00f3rale, maj\u0105cy tam ziemi\u0119, ani miasto. Nie m\u00f3wi\u0105c o tym, \u017ce \u015bwiat poszed\u0142 hyr: w Zakopanem tylko si\u0119 k\u0142\u00f3c\u0105 i grodz\u0105 stoki. W efekcie wielu potencjalnych go\u015bci \u2013 w tym ci najcenniejsi, bo najwierniejsi: autentyczni pasjonaci nart \u2013 przesta\u0142o ju\u017c je\u017adzi\u0107 w Tatry. Wol\u0105 wybra\u0107 si\u0119 w Alpy b\u0105d\u017a na S\u0142owacj\u0119. Sam w niedziel\u0119 o \u015bwicie jad\u0119 na Chopok, a potem do Tatrza\u0144skiej i \u0141omnicy i Szczyrbskiego Plesa.<\/p>\n<p>\u00a0<\/p>\n","protected":false},"excerpt":{"rendered":"<p>Na Podhalu wreszcie bia\u0142o. Po wielu dniach odwil\u017cy spad\u0142o kilkana\u015bcie centymetr\u00f3w \u015bniegu, a \u017ce spad\u0142a te\u017c temperatura, mo\u017cliwe sta\u0142o si\u0119 sztuczne do\u015bnie\u017canie. Ponownie mo\u017cna wi\u0119c by\u0142o uruchomi\u0107 wyci\u0105gi. Ruszy\u0107 te\u017c mo\u017ce popularna zakopia\u0144ska Kotelnica \u2013 ale to ju\u017c z ca\u0142kiem innego powodu. Ta ca\u0142kiem d\u0142uga (ok. 750 metr\u00f3w) trasa na wschodnim zboczu Guba\u0142\u00f3wki, obs\u0142ugiwana przez [&hellip;]<\/p>\n","protected":false},"author":1,"featured_media":0,"comment_status":"open","ping_status":"open","sticky":false,"template":"","format":"standard","meta":{"footnotes":""},"categories":[1],"tags":[],"_links":{"self":[{"href":"https:\/\/blog.polityka.pl\/narty\/wp-json\/wp\/v2\/posts\/481"}],"collection":[{"href":"https:\/\/blog.polityka.pl\/narty\/wp-json\/wp\/v2\/posts"}],"about":[{"href":"https:\/\/blog.polityka.pl\/narty\/wp-json\/wp\/v2\/types\/post"}],"author":[{"embeddable":true,"href":"https:\/\/blog.polityka.pl\/narty\/wp-json\/wp\/v2\/users\/1"}],"replies":[{"embeddable":true,"href":"https:\/\/blog.polityka.pl\/narty\/wp-json\/wp\/v2\/comments?post=481"}],"version-history":[{"count":0,"href":"https:\/\/blog.polityka.pl\/narty\/wp-json\/wp\/v2\/posts\/481\/revisions"}],"wp:attachment":[{"href":"https:\/\/blog.polityka.pl\/narty\/wp-json\/wp\/v2\/media?parent=481"}],"wp:term":[{"taxonomy":"category","embeddable":true,"href":"https:\/\/blog.polityka.pl\/narty\/wp-json\/wp\/v2\/categories?post=481"},{"taxonomy":"post_tag","embeddable":true,"href":"https:\/\/blog.polityka.pl\/narty\/wp-json\/wp\/v2\/tags?post=481"}],"curies":[{"name":"wp","href":"https:\/\/api.w.org\/{rel}","templated":true}]}}