
{"id":499,"date":"2011-02-04T06:28:39","date_gmt":"2011-02-04T05:28:39","guid":{"rendered":"http:\/\/narty.blog.polityka.pl\/?p=499"},"modified":"2011-02-10T13:52:57","modified_gmt":"2011-02-10T12:52:57","slug":"krol-tatrzanskich-tragarzy","status":"publish","type":"post","link":"https:\/\/blog.polityka.pl\/narty\/2011\/02\/04\/krol-tatrzanskich-tragarzy\/","title":{"rendered":"Kr\u00f3l tatrza\u0144skich tragarzy"},"content":{"rendered":"<p><a href=\"\/wp-content\/uploads\/\/2011\/02\/lacokulangarekordnynosic1013979639_m_7.jpg\"><\/a><a href=\"\/wp-content\/uploads\/\/2011\/02\/lacokulangarekordnynosic1013979639_m_1.jpg\"><\/a><a href=\"\/wp-content\/uploads\/\/2011\/02\/lacokulangarekordnynosic1013979209_m.jpg\"><\/a>Kiedy w 1999 r. Ladislav \u201eLaco\u201d Kulanga obchodzi\u0142 50-te urodziny, m\u00f3g\u0142 te\u017c akurat \u015bwi\u0119towa\u0107\u2026 milion kilogram\u00f3w jedzenia i innych towar\u00f3w, kt\u00f3re na w\u0142asnych plecach wni\u00f3s\u0142 do najtrudniej dost\u0119pnych tatrza\u0144skich schronisk. Dzi\u015b \u201ekr\u00f3l tatrza\u0144skich tragarzy\u201d prowadzi prost\u0105, acz stylow\u0105, Skalnat\u0105 Chat\u0119 nieopodal trasy zjazdowej ze Skalnatego Plesa w Tatrza\u0144skiej \u0141omnicy. I ch\u0119tnie opowiada o swoich Tatrach.<\/p>\n<p><a href=\"\/wp-content\/uploads\/\/2011\/02\/lacokulangarekordnynosic1013979639_m_7.jpg\"><img loading=\"lazy\" decoding=\"async\" class=\"alignnone size-medium wp-image-500\" title=\"lacokulangarekordnynosic1013979639_m_7\" src=\"\/wp-content\/uploads\/\/2011\/02\/lacokulangarekordnynosic1013979639_m_7.jpg\" alt=\"\" width=\"128\" height=\"96\" \/><\/a>\u00a0<em>Skalnata Chata <\/em><\/p>\n<p>Dlatego podczas narciarskiej wyprawy do Tatrza\u0144skiej \u0141omnicy warto zrobi\u0107 sobie przerw\u0119 na wizyt\u0119 u s\u0142ynnego &#8222;nosicza&#8221; i &#8222;chatara&#8221;. Wystarczy po wyj\u015bciu z g\u00f3rnej stacji kolejki na Skalnate Pleso odbi\u0107 jakie\u015b 100 metr\u00f3w w lewo (Chat\u0119 wida\u0107 zreszt\u0105 z wagonika gondolki, a i prowadz\u0105 do niej drogowskazy).<\/p>\n<p>Ju\u017c w sieni mo\u017cna zobaczy\u0107 nosid\u0142a, kt\u00f3rych u\u017cywa\u0142 Laco: to rodzaj drewnianych drabin (wi\u0119ksza ma jakie\u015b 2 metry wysoko\u015bci, mniejsza \u2013 ok. 1,5 metra) z paskami s\u0142u\u017c\u0105cymi do zamocowania ich, niczym gigantycznego plecaka, na ramionach. Maj\u0105 te\u017c troki do przywi\u0105zywania wnoszonego towaru. W\u00a0samej sali restauracji wisz\u0105 liczne zdj\u0119cia pokazuj\u0105ce, \u017ce Laco potrafi\u0142 na swoje nosid\u0142a za\u0142o\u017cy\u0107, przyk\u0142adowo, po dwie skrzynki pe\u0142ne butelek z napojami, ma\u0142\u0105 (25 litr\u00f3w) beczu\u0142k\u0119 piwa, dwie butle z gazem oraz\u2026 dwa \u015bredniej wielko\u015bci plecaki.<\/p>\n<p><a href=\"\/wp-content\/uploads\/\/2011\/02\/lacokulangarekordnynosic1013979639_m_1.jpg\"><img loading=\"lazy\" decoding=\"async\" class=\"alignnone size-medium wp-image-501\" title=\"lacokulangarekordnynosic1013979639_m_1\" src=\"\/wp-content\/uploads\/\/2011\/02\/lacokulangarekordnynosic1013979639_m_1.jpg\" alt=\"\" width=\"100\" height=\"128\" \/><\/a>\u00a0<em>Laco Kulanga ze swoimi nosid\u0142ami <\/em><\/p>\n<p>Jest te\u017c opis jego tragarskich rekord\u00f3w. Z le\u017c\u0105cego nad Startym Smokovcu na wysoko\u015bci na 1250 m n.p.m. Hrebienoka do Zb\u00f3jnickiej Chaty (czyli na 1960 m n.p.m.) wni\u00f3s\u0142 swego czasu \u0142adunek 139 kg , do Chaty Terycho (na 2015 m .n.p.m.) \u2013 151 kg, a do Chaty Zahorskogo (na 1475 m n.p.m.) \u2013 207, 5 kg!<\/p>\n<p>Zanotowa\u0142 tak\u017ce nie mniej spektakularne zej\u015bcia \u2013 ze swojej Skalnej Chaty cho\u0107by (le\u017c\u0105cej na 1730 m n.p.m.) zni\u00f3s\u0142 na poziom tzw. Startu (1170 m n.p.m.) \u0142adunek wa\u017c\u0105cy 211 kg. A w 1998 r. wni\u00f3s\u0142 ze Startu do Skalnej Chaty 176 kg.<\/p>\n<p><a href=\"\/wp-content\/uploads\/\/2011\/02\/lacokulangarekordnynosic1013979209_m.jpg\"><img loading=\"lazy\" decoding=\"async\" class=\"alignnone size-medium wp-image-502\" title=\"lacokulangarekordnynosic1013979209_m\" src=\"\/wp-content\/uploads\/\/2011\/02\/lacokulangarekordnynosic1013979209_m.jpg\" alt=\"\" width=\"96\" height=\"128\" \/><\/a><em>\u00a0Laco Kulanga<\/em><\/p>\n<p>Laco wspomina, \u017ce pierwszy raz poszed\u0142 w Tatry w roli nosicza (czyli tragarza), gdy mia\u0142 17 lat. Wtedy nie by\u0142o wielu kolejek, nikt nie my\u015bla\u0142 te\u017c o skuterach \u015bnie\u017cnych, wi\u0119c do wysokog\u00f3rskich schronisk jedzenie i inne potrzebne towary trzeba by\u0142o dostarcza\u0107 na ludzkich plecach. Opowiada te\u017c ch\u0119tnie, s\u0105cz\u0105c ulubione piwo (w\u00f3dki, i to nawet borovicki, nie pija) o detalach takiej pracy \u2013 i o samych Tatrach.<\/p>\n<p>Serwuje przy tym \u015bwietne jedzenie \u2013 polecam olbrzymi\u0105 misk\u0119 przedniej fasolowej (za 2,6 euro).<\/p>\n","protected":false},"excerpt":{"rendered":"<p>Kiedy w 1999 r. Ladislav \u201eLaco\u201d Kulanga obchodzi\u0142 50-te urodziny, m\u00f3g\u0142 te\u017c akurat \u015bwi\u0119towa\u0107\u2026 milion kilogram\u00f3w jedzenia i innych towar\u00f3w, kt\u00f3re na w\u0142asnych plecach wni\u00f3s\u0142 do najtrudniej dost\u0119pnych tatrza\u0144skich schronisk. Dzi\u015b \u201ekr\u00f3l tatrza\u0144skich tragarzy\u201d prowadzi prost\u0105, acz stylow\u0105, Skalnat\u0105 Chat\u0119 nieopodal trasy zjazdowej ze Skalnatego Plesa w Tatrza\u0144skiej \u0141omnicy. I ch\u0119tnie opowiada o swoich Tatrach. [&hellip;]<\/p>\n","protected":false},"author":1,"featured_media":0,"comment_status":"open","ping_status":"open","sticky":false,"template":"","format":"standard","meta":{"footnotes":""},"categories":[1],"tags":[],"_links":{"self":[{"href":"https:\/\/blog.polityka.pl\/narty\/wp-json\/wp\/v2\/posts\/499"}],"collection":[{"href":"https:\/\/blog.polityka.pl\/narty\/wp-json\/wp\/v2\/posts"}],"about":[{"href":"https:\/\/blog.polityka.pl\/narty\/wp-json\/wp\/v2\/types\/post"}],"author":[{"embeddable":true,"href":"https:\/\/blog.polityka.pl\/narty\/wp-json\/wp\/v2\/users\/1"}],"replies":[{"embeddable":true,"href":"https:\/\/blog.polityka.pl\/narty\/wp-json\/wp\/v2\/comments?post=499"}],"version-history":[{"count":0,"href":"https:\/\/blog.polityka.pl\/narty\/wp-json\/wp\/v2\/posts\/499\/revisions"}],"wp:attachment":[{"href":"https:\/\/blog.polityka.pl\/narty\/wp-json\/wp\/v2\/media?parent=499"}],"wp:term":[{"taxonomy":"category","embeddable":true,"href":"https:\/\/blog.polityka.pl\/narty\/wp-json\/wp\/v2\/categories?post=499"},{"taxonomy":"post_tag","embeddable":true,"href":"https:\/\/blog.polityka.pl\/narty\/wp-json\/wp\/v2\/tags?post=499"}],"curies":[{"name":"wp","href":"https:\/\/api.w.org\/{rel}","templated":true}]}}