
{"id":503,"date":"2011-02-10T13:24:06","date_gmt":"2011-02-10T12:24:06","guid":{"rendered":"http:\/\/narty.blog.polityka.pl\/?p=503"},"modified":"2011-02-11T17:11:46","modified_gmt":"2011-02-11T16:11:46","slug":"ispo-czyli-sprzet-na-przyszly-juz-sezon","status":"publish","type":"post","link":"https:\/\/blog.polityka.pl\/narty\/2011\/02\/10\/ispo-czyli-sprzet-na-przyszly-juz-sezon\/","title":{"rendered":"ISPO, czyli sprz\u0119t na przysz\u0142y ju\u017c sezon"},"content":{"rendered":"<p><a href=\"\/wp-content\/uploads\/\/2011\/02\/cochise.tif\"><\/a><a href=\"\/wp-content\/uploads\/\/2011\/02\/cochise.jpg\"><\/a>Gigantyczne monachijskie targi ISPO to miejsce, w kt\u00f3rym ju\u017c w lutym mo\u017cna si\u0119 przekona\u0107 na czym, w czym i z czym b\u0119dziemy je\u017adzi\u0107 na nartach i snowboardzie w\u2026 przysz\u0142ym sezonie. A \u017ce akurat by\u0142em w tym tygodniu w stolicy Bawarii, nie mog\u0142em nie skorzysta\u0107 z okazji do poznania sprz\u0119towych nowinek 2011\/12.<\/p>\n<p>Zacznijmy od nart. Tu bezapelacyjnie kr\u00f3luje rocker. O tej rewolucyjnej konstrukcji ju\u017c tu pisa\u0142em (<a href=\"http:\/\/narty.blog.polityka.pl\/?p=419\" target=\"_blank\">\u201eRocker dobry na wszystko I\u201d<\/a>, 29 listopada 2010 r.\u00a0oraz <a href=\"http:\/\/narty.blog.polityka.pl\/?p=420\" target=\"_blank\">\u201eRocker dobry na wszystko II\u201d<\/a>, 1 grudnia 2010 r.). Na ISPO wida\u0107 jednak wyra\u017anie, \u017ce nie ma dzi\u015b kolekcji licz\u0105cych si\u0119 marek bez modeli z rockerem \u2013 czyli, upraszczaj\u0105c, z wcze\u015bniej ni\u017c dot\u0105d uniesionymi dziobem oraz przedni\u0105 (a czasem i ko\u0144cow\u0105) cz\u0119\u015bci\u0105 narty przy r\u00f3wnocze\u015bnie nie tak silnym jak w minionych latach jej taliowaniu.<\/p>\n<p>Tyczy to nie tylko sprz\u0119tu do jazdy puchu czy off piste (bo to w tym segmencie narodzi\u0142a si\u0119 rewolucyjna konstrukcja), ale tak\u017ce nart na przygotowane trasy. Rocker stosowany jest przy tym w nartach na ka\u017cdy poziom zaawansowania \u2013 od tych przeznaczonych dla pocz\u0105tkuj\u0105cych po kierowane do ekspert\u00f3w.<br \/>\nPow\u00f3d jest prosty: w ka\u017cdym przypadku pozwala \u0142atwiej manewrowa\u0107 nartami \u2013 nie tylko zreszt\u0105 w \u015bniegu g\u0142\u0119bokim lub mokrym, ale tak\u017ce w zmiennych warunkach (najcz\u0119\u015bciej przecie\u017c spotykanych). A \u017ce r\u00f3wnocze\u015bnie sprawdza si\u0119 na twardym pod\u0142o\u017cu, wi\u0119c niekt\u00f3re firmy wprowadzaj\u0105 rockera \u2013 oczywi\u015bcie stosownie zmodyfikowanego \u2013 w niekt\u00f3rych modelach race\u2019owych.<\/p>\n<p>Ba, okazuje si\u0119, \u017ce rocker wci\u0105\u017c si\u0119 rozwija. Dowodem przyznana podczas targ\u00f3w nagroda ISPO European Ski Award w kategorii Hardware Ski: fachowe jury uhonorowa\u0142o ni\u0105 firm\u0119 Blizzard za narty nazwane \u201eCochise\u201d.<\/p>\n<p><a href=\"\/wp-content\/uploads\/\/2011\/02\/cochise.jpg\"><img loading=\"lazy\" decoding=\"async\" class=\"alignnone size-medium wp-image-505\" title=\"cochise\" src=\"\/wp-content\/uploads\/\/2011\/02\/cochise-76x300.jpg\" alt=\"\" width=\"76\" height=\"300\" \/><\/a><em>Narty Blizzard Cochise \u00a0&#8211; laureat ISPO European Ski Award 2011<\/em><\/p>\n<p>Ekspert\u00f3w zachwyci\u0142a zw\u0142aszcza zastosowana w nich tzw. Flip Core Technology, kt\u00f3r\u0105 sami autorzy nazwali \u201enaturalnym rockerem\u201d. Jak t\u0142umaczy\u0142 mi Thomas Rakuscha, szef marketingu grupy Blizzard\/Tecnica, innowacja polega, znowu upraszczaj\u0105c, na\u2026 odwr\u00f3ceniu drewnianego rdzenia narty w cz\u0119\u015bci pod butem. Dzi\u0119ki temu, inaczej ni\u017c do tej pory, g\u00f3rna p\u0142aszczyzna w tym miejscu jest p\u0142aska, sp\u00f3d za\u015b \u2013wygi\u0119ty. R\u00f3wnocze\u015bnie w naturalny spos\u00f3b \u2013 bez konieczno\u015bci sztucznego profilowania \u2013 uniesione s\u0105 dziobowa i tylnia cz\u0119\u015b\u0107 narty. Jako rdzenia u\u017cyto bambusa, co pozwoli\u0142o zmniejszy\u0107 wag\u0119 modelu.<\/p>\n<p>Narty Cochise maj\u0105 a\u017c 108 mm szeroko\u015bci \u201epod butem\u201d i przeznaczone s\u0105 oczywi\u015bcie g\u0142\u00f3wnie do jazdy poza przygotowanymi trasami. Jednak\u017ce bambusowy rdze\u0144 otacza podw\u00f3jna warstwa tytanu, co \u2013 wedle in\u017cynier\u00f3w Blizzarda ale i, jak si\u0119 okazuje, ekspert\u00f3w ISPO \u2013 zapewnia doskona\u0142\u0105 stabilno\u015b\u0107 i precyzj\u0119 sterowania w skr\u0119cie.<\/p>\n<p>Flip Core\/Natural Rocker Shape mo\u017cna b\u0119dzie spotka\u0107, opr\u00f3cz zwyci\u0119skiego Cochise, tak\u017ce w 4 innych modelach nowej linii Blizzard Free Mountain. S\u0105 w\u015br\u00f3d nich jednak tak\u017ce narty jak na klas\u0119 freeride\u2019ow\u0105 stosunkowo w\u0105skie, bo maj\u0105ce \u201epod butem\u201d 88 mm . Niewykluczone zatem, \u017ce rych\u0142o pomys\u0142 znajdzie zastosowanie r\u00f3wnie\u017c w konstrukcjach przeznaczonych do jazdy po wyratrakowanych trasach.<\/p>\n<p>Na tegorocznych ISPO swoje produkty pokaza\u0142o 2000 firm. Naturalnie mog\u0142em obejrze\u0107 jedynie niewielki wycinek ekspozycji. Ale i tak b\u0119dzie o czym pisa\u0107. Bo innowacji czy te\u017c zmian tendencji w narciarskiej bran\u017cy jest wci\u0105\u017c mn\u00f3stwo.<\/p>\n","protected":false},"excerpt":{"rendered":"<p>Gigantyczne monachijskie targi ISPO to miejsce, w kt\u00f3rym ju\u017c w lutym mo\u017cna si\u0119 przekona\u0107 na czym, w czym i z czym b\u0119dziemy je\u017adzi\u0107 na nartach i snowboardzie w\u2026 przysz\u0142ym sezonie. A \u017ce akurat by\u0142em w tym tygodniu w stolicy Bawarii, nie mog\u0142em nie skorzysta\u0107 z okazji do poznania sprz\u0119towych nowinek 2011\/12. Zacznijmy od nart. Tu [&hellip;]<\/p>\n","protected":false},"author":1,"featured_media":0,"comment_status":"open","ping_status":"open","sticky":false,"template":"","format":"standard","meta":{"footnotes":""},"categories":[1],"tags":[],"_links":{"self":[{"href":"https:\/\/blog.polityka.pl\/narty\/wp-json\/wp\/v2\/posts\/503"}],"collection":[{"href":"https:\/\/blog.polityka.pl\/narty\/wp-json\/wp\/v2\/posts"}],"about":[{"href":"https:\/\/blog.polityka.pl\/narty\/wp-json\/wp\/v2\/types\/post"}],"author":[{"embeddable":true,"href":"https:\/\/blog.polityka.pl\/narty\/wp-json\/wp\/v2\/users\/1"}],"replies":[{"embeddable":true,"href":"https:\/\/blog.polityka.pl\/narty\/wp-json\/wp\/v2\/comments?post=503"}],"version-history":[{"count":0,"href":"https:\/\/blog.polityka.pl\/narty\/wp-json\/wp\/v2\/posts\/503\/revisions"}],"wp:attachment":[{"href":"https:\/\/blog.polityka.pl\/narty\/wp-json\/wp\/v2\/media?parent=503"}],"wp:term":[{"taxonomy":"category","embeddable":true,"href":"https:\/\/blog.polityka.pl\/narty\/wp-json\/wp\/v2\/categories?post=503"},{"taxonomy":"post_tag","embeddable":true,"href":"https:\/\/blog.polityka.pl\/narty\/wp-json\/wp\/v2\/tags?post=503"}],"curies":[{"name":"wp","href":"https:\/\/api.w.org\/{rel}","templated":true}]}}