
{"id":506,"date":"2011-02-14T13:12:18","date_gmt":"2011-02-14T12:12:18","guid":{"rendered":"http:\/\/narty.blog.polityka.pl\/?p=506"},"modified":"2011-02-14T14:35:35","modified_gmt":"2011-02-14T13:35:35","slug":"kask-z-poslizgiem-czyli-mips-poc","status":"publish","type":"post","link":"https:\/\/blog.polityka.pl\/narty\/2011\/02\/14\/kask-z-poslizgiem-czyli-mips-poc\/","title":{"rendered":"Kask z po\u015blizgiem, czyli MIPS POC"},"content":{"rendered":"<p><a href=\"\/wp-content\/uploads\/\/2011\/02\/poc-0038_symd76zs.jpg\"><\/a>W przysz\u0142ym sezonie nowe technologie czekaj\u0105 nas nie tylko w konstrukcji nart czy desek snowboardowych, ale i kask\u00f3w. I dobrze, bo przecie\u017c to ju\u017c niezb\u0119dny element wyposa\u017cenia narciarza i snowboardzisty.<\/p>\n<p>Lawinowo zwi\u0119kszaj\u0105ca si\u0119 liczba mi\u0142o\u015bnik\u00f3w sport\u00f3w zimowych, coraz powszechniej stosowana ci\u0119ta technika jazdy oraz lepiej przygotowane (a wi\u0119c i utwardzone) trasy, a r\u00f3wnocze\u015bnie rosn\u0105ca popularno\u015b\u0107 jazdy poza nimi \u2013 wszystko to powoduje, \u017ce w ostatnich latach zmieniaj\u0105 si\u0119 tendencje tycz\u0105ce skali i rodzaj\u00f3w wypadk\u00f3w na stokach.<\/p>\n<p>Sam d\u0142ugo nie mog\u0142em przekona\u0107 si\u0119 do u\u017cywania kasku czy protektora chroni\u0105cego kr\u0119gos\u0142up. Pogl\u0105d, \u017ce te elementy ekwipunku s\u0105 mocno niewygodne przewa\u017ca\u0142 nad rozs\u0105dkiem. Przekona\u0142em si\u0119 do nich dopiero kilkana\u015bcie dni temu, gdy podczas Austrostrady nasz przewodnik w Fieberbrunn (dolina Pileerseetal) zaproponowa\u0142 zjazd mi\u0119dzy ska\u0142ami nader w\u0105skim i mocno stromym \u017clebem z Hochhorndlspitze (szczeg\u00f3\u0142owa relacja i zdj\u0119cia w notce <a href=\"http:\/\/narty.blog.polityka.pl\/?p=489\" target=\"_blank\">\u201eStyczniowy firn w Fieberbrunn\u201d<\/a>, 26 stycznia b.r. ). Stoj\u0105c na dr\u017c\u0105cych nogach u wlotu do \u017clebu obieca\u0142em sobie jak najszybciej kupi\u0107 kask i \u201e\u017c\u00f3\u0142wika\u201d.<\/p>\n<p>Nic dziwnego, \u017ce b\u0119d\u0105c w minionym tygodniu na monachijskich ISPO ze wzmo\u017con\u0105 uwag\u0105 ogl\u0105da\u0142em ofert\u0119 tego rodzaju sprz\u0119tu przygotowan\u0105 na przysz\u0142y ju\u017c sezon.<\/p>\n<p>W kaskach najwa\u017cniejsz\u0105 sensacj\u0105 stanie si\u0119 prawdopodobnie technologia MIPS. Ju\u017c teraz proponuje j\u0105 szwedzka kompania POC, znana nie tylko z faktu, \u017ce w jej kaskach i goglach je\u017cd\u017c\u0105 takie gwiazdy narciarstwa alpejskiego, jak Bode Miller, Julia Mancuso i Jon Olsson oraz freeride\u2019owy mistrz \u015bwiata Aurelien Ducroz (a tak\u017ce J\u0119drek \u201eOsuch\u201d Osuchowski \u2013 jedne z najlepszych polskich freerider\u00f3w). S\u0142ynie bowiem tak\u017ce z wielu bran\u017cowych nagr\u00f3d, dowodz\u0105cych powa\u017cnego traktowania deklaracji, \u017ce misj\u0105 firmy jest robi\u0107 wszystko, co mo\u017cliwe, by chroni\u0107 \u017cycie uprawiaj\u0105cych \u201esporty grawitacyjne\u201d i zmniejsza\u0107 konsekwencje ewentualnych wypadk\u00f3w.<\/p>\n<p>POC szczyci si\u0119 cho\u0107by wsp\u00f3\u0142prac\u0105 z czo\u0142owymi skandynawskimi o\u015brodkami naukowymi i ekspertami z r\u00f3\u017cnych dziedzin \u2013 od materia\u0142oznawc\u00f3w przez trener\u00f3w i zawodnik\u00f3w po lekarzy rozmaitych specjalno\u015bci.<\/p>\n<p>W\u0142a\u015bnie efektem sugestii neurolog\u00f3w i neurochirurg\u00f3w \u2013 oraz trwaj\u0105cych blisko 10 lat eksperyment\u00f3w laboratoryjnych \u2013 jest idea MIPS. Ot\u00f3\u017c okazuje si\u0119, \u017ce ludzki m\u00f3zg jest naturalnie zabezpieczony przed skutkami uraz\u00f3w g\u0142owy: podczas uderzenia mo\u017ce przesuwa\u0107 si\u0119 (a raczej \u015blizga\u0107) po rodzaju membrany wewn\u0105trzczaszkowej, co redukuje dzia\u0142aj\u0105ce na\u0144 si\u0142y. Na takiej samej zasadzie dzia\u0142a konstrukcja MIPS: skorupa zewn\u0119trzna kasku oddzielona jest od wk\u0142adki wewn\u0119trznej dodatkow\u0105 warstw\u0105 charakteryzuj\u0105c\u0105 si\u0119 niskim wsp\u00f3\u0142czynnikiem tarcia. W efekcie podczas uderzenia skorupa minimalnie przesuwa si\u0119 w stosunku do warstwy wewn\u0119trznej, co \u2013 jak wykaza\u0142y testy \u2013 znacz\u0105co zmniejsza si\u0142y dzia\u0142aj\u0105ce na m\u00f3zg narciarza lub snowboardzisty. MIPS pozwala te\u017c ograniczy\u0107 skutki najgro\u017aniejszego dla m\u00f3zgu rodzaju uderze\u0144: z si\u0142\u0105 dzia\u0142aj\u0105c\u0105 na jego powierzchni\u0119 sko\u015bnie, a nie tylko pionowo. Odporno\u015b\u0107 na takie w\u0142a\u015bnie uderzenia by\u0142a dot\u0105d najs\u0142absz\u0105 stron\u0105 kask\u00f3w narciarskich.<\/p>\n<p><a href=\"\/wp-content\/uploads\/\/2011\/02\/poc-0038_symd76zs.jpg\"><img loading=\"lazy\" decoding=\"async\" class=\"alignnone size-medium wp-image-507\" title=\"poc-0038_symd76zs\" src=\"\/wp-content\/uploads\/\/2011\/02\/poc-0038_symd76zs.jpg\" alt=\"\" width=\"138\" height=\"120\" \/><\/a>\u00a0<em>Kask POC Receptor Backcountry z technologi\u0105 MIPS<\/em><\/p>\n<p>W sezonie 2011\/12\u00a0technologi\u0119 MIPS b\u0119dzie mo\u017cna znale\u017a\u0107 w dw\u00f3ch modelach kask\u00f3w POC: zjazdowym Cortex DH oraz freeride\u2019owym Receptor Backcountry. Zapewne jednak rych\u0142o znajdzie zastosowanie tak\u017ce w innych wzorach \u2013 a niewykluczone, \u017ce po pomys\u0142 si\u0119gn\u0105 i inne marki.<\/p>\n","protected":false},"excerpt":{"rendered":"<p>W przysz\u0142ym sezonie nowe technologie czekaj\u0105 nas nie tylko w konstrukcji nart czy desek snowboardowych, ale i kask\u00f3w. I dobrze, bo przecie\u017c to ju\u017c niezb\u0119dny element wyposa\u017cenia narciarza i snowboardzisty. Lawinowo zwi\u0119kszaj\u0105ca si\u0119 liczba mi\u0142o\u015bnik\u00f3w sport\u00f3w zimowych, coraz powszechniej stosowana ci\u0119ta technika jazdy oraz lepiej przygotowane (a wi\u0119c i utwardzone) trasy, a r\u00f3wnocze\u015bnie rosn\u0105ca popularno\u015b\u0107 [&hellip;]<\/p>\n","protected":false},"author":1,"featured_media":0,"comment_status":"open","ping_status":"open","sticky":false,"template":"","format":"standard","meta":{"footnotes":""},"categories":[1],"tags":[],"_links":{"self":[{"href":"https:\/\/blog.polityka.pl\/narty\/wp-json\/wp\/v2\/posts\/506"}],"collection":[{"href":"https:\/\/blog.polityka.pl\/narty\/wp-json\/wp\/v2\/posts"}],"about":[{"href":"https:\/\/blog.polityka.pl\/narty\/wp-json\/wp\/v2\/types\/post"}],"author":[{"embeddable":true,"href":"https:\/\/blog.polityka.pl\/narty\/wp-json\/wp\/v2\/users\/1"}],"replies":[{"embeddable":true,"href":"https:\/\/blog.polityka.pl\/narty\/wp-json\/wp\/v2\/comments?post=506"}],"version-history":[{"count":0,"href":"https:\/\/blog.polityka.pl\/narty\/wp-json\/wp\/v2\/posts\/506\/revisions"}],"wp:attachment":[{"href":"https:\/\/blog.polityka.pl\/narty\/wp-json\/wp\/v2\/media?parent=506"}],"wp:term":[{"taxonomy":"category","embeddable":true,"href":"https:\/\/blog.polityka.pl\/narty\/wp-json\/wp\/v2\/categories?post=506"},{"taxonomy":"post_tag","embeddable":true,"href":"https:\/\/blog.polityka.pl\/narty\/wp-json\/wp\/v2\/tags?post=506"}],"curies":[{"name":"wp","href":"https:\/\/api.w.org\/{rel}","templated":true}]}}