
{"id":513,"date":"2011-02-28T09:43:33","date_gmt":"2011-02-28T08:43:33","guid":{"rendered":"http:\/\/narty.blog.polityka.pl\/?p=513"},"modified":"2011-02-28T09:52:24","modified_gmt":"2011-02-28T08:52:24","slug":"poc-z-mips-wyrozniony","status":"publish","type":"post","link":"https:\/\/blog.polityka.pl\/narty\/2011\/02\/28\/poc-z-mips-wyrozniony\/","title":{"rendered":"POC z MIPS wyr\u00f3\u017cniony"},"content":{"rendered":"<p><a href=\"\/wp-content\/uploads\/\/2011\/02\/poc-0038_symd76zs1.jpg\"><\/a>Opisywana tu niedawno (przy okazji relacji z ISPO) konstrukcja kask\u00f3w narciarskich MIPS zdoby\u0142a w\u0142a\u015bnie uznanie tak\u017ce w Polsce. Ot\u00f3\u017c wyr\u00f3\u017cniono j\u0105 \u2013 jako najwi\u0119ksz\u0105 innowacj\u0119 techniczn\u0105 sezonu \u2013 podczas Mi\u0119dzynarodowych Targ\u00f3w Bran\u017cy Sportowej i Outdoorowej w Kielcach.<\/p>\n<p>Kieleckie targi to najwi\u0119ksze w kraju spotkanie handlowe producent\u00f3w i dystrybutor\u00f3w sprz\u0119tu sportowego. Kluczow\u0105 zalet\u0105 MIPS jest to, \u017ce \u2013 w odr\u00f3\u017cnieniu do dotychczasowych technologii stosowanych w kaskach \u2013 chroni nie tylko ko\u015bci czaszki, ale te\u017c m\u00f3zg. Zmniejsza bowiem przeci\u0105\u017cenia oddzia\u0142uj\u0105ce na\u0144 w momencie uderzenia (<a href=\"http:\/\/narty.blog.polityka.pl\/?p=506\" target=\"_blank\">\u201eKask z po\u015blizgiem, czyli MIPS POC\u201d<\/a>, 14 lutego b.r.).<\/p>\n<p>MIPS do dw\u00f3ch modeli swoich kask\u00f3w wprowadzi\u0142a jak dot\u0105d znana z innowacyjno\u015bci szwedzka firma POC (jej \u201etwarz\u0105\u201d jest od tego roku m.in. znakomity ameryka\u0144ski alpejczyk Body Miller). W\u0142a\u015bnie kask POC Receptor Backcountry, w kt\u00f3rym zastosowano MIPS otrzyma\u0142 kielecki laur.\u00a0<\/p>\n<p><a href=\"\/wp-content\/uploads\/\/2011\/02\/poc-0038_symd76zs1.jpg\"><img loading=\"lazy\" decoding=\"async\" class=\"alignnone size-medium wp-image-514\" title=\"poc-0038_symd76zs1\" src=\"\/wp-content\/uploads\/\/2011\/02\/poc-0038_symd76zs1.jpg\" alt=\"\" width=\"138\" height=\"120\" \/><\/a>\u00a0<em>POC Backcountry Receptor z MIPS<\/em><\/p>\n<p>Tak si\u0119 sk\u0142ada, \u017ce w sobot\u0119, przeje\u017cd\u017caj\u0105c w drodze z Santa Caterina przez Monachium, wpad\u0142em tam na chwil\u0119 do s\u0142ynnego sklepu sportowego Schuster i ogl\u0105da\u0142em POC Receptor Backcountry (nie wiedz\u0105c jeszcze o kieleckiej nagrodzie).<\/p>\n<p>Sk\u0105din\u0105d sam Schuster jest fenomenem: nied\u0142ugo, bo w 2013 r., obchodzi\u0142 b\u0119dzie 100-lecie istnienia, zajmuje czterokondygnacyjn\u0105 (!) kamienic\u0119 w centralnym punkcie stolicy Bawarii tu\u017c przy Marienplatz, a oferuje jedynie sprz\u0119t sportowy (w zimie oczywi\u015bcie g\u0142\u00f3wnie narciarski). Ale faktycznie mo\u017cna tam znale\u017a\u0107 niemal wszystkie marki, produkty i rozmiary, na dodatek cz\u0119sto po cenach ni\u017cszych ni\u017c w Polsce.<\/p>\n<p>W ka\u017cdym razie POC Receptor Backcountry z MIPS kosztowa\u0142 w Schusterze 209 euro. To wi\u0119cej ni\u017c wi\u0119kszo\u015b\u0107 innych kask\u00f3w, tyle \u017ce w\u0142asny m\u00f3zg nie ma pono\u0107 ceny.<\/p>\n","protected":false},"excerpt":{"rendered":"<p>Opisywana tu niedawno (przy okazji relacji z ISPO) konstrukcja kask\u00f3w narciarskich MIPS zdoby\u0142a w\u0142a\u015bnie uznanie tak\u017ce w Polsce. Ot\u00f3\u017c wyr\u00f3\u017cniono j\u0105 \u2013 jako najwi\u0119ksz\u0105 innowacj\u0119 techniczn\u0105 sezonu \u2013 podczas Mi\u0119dzynarodowych Targ\u00f3w Bran\u017cy Sportowej i Outdoorowej w Kielcach. Kieleckie targi to najwi\u0119ksze w kraju spotkanie handlowe producent\u00f3w i dystrybutor\u00f3w sprz\u0119tu sportowego. Kluczow\u0105 zalet\u0105 MIPS jest to, [&hellip;]<\/p>\n","protected":false},"author":1,"featured_media":0,"comment_status":"open","ping_status":"open","sticky":false,"template":"","format":"standard","meta":{"footnotes":""},"categories":[1],"tags":[],"_links":{"self":[{"href":"https:\/\/blog.polityka.pl\/narty\/wp-json\/wp\/v2\/posts\/513"}],"collection":[{"href":"https:\/\/blog.polityka.pl\/narty\/wp-json\/wp\/v2\/posts"}],"about":[{"href":"https:\/\/blog.polityka.pl\/narty\/wp-json\/wp\/v2\/types\/post"}],"author":[{"embeddable":true,"href":"https:\/\/blog.polityka.pl\/narty\/wp-json\/wp\/v2\/users\/1"}],"replies":[{"embeddable":true,"href":"https:\/\/blog.polityka.pl\/narty\/wp-json\/wp\/v2\/comments?post=513"}],"version-history":[{"count":0,"href":"https:\/\/blog.polityka.pl\/narty\/wp-json\/wp\/v2\/posts\/513\/revisions"}],"wp:attachment":[{"href":"https:\/\/blog.polityka.pl\/narty\/wp-json\/wp\/v2\/media?parent=513"}],"wp:term":[{"taxonomy":"category","embeddable":true,"href":"https:\/\/blog.polityka.pl\/narty\/wp-json\/wp\/v2\/categories?post=513"},{"taxonomy":"post_tag","embeddable":true,"href":"https:\/\/blog.polityka.pl\/narty\/wp-json\/wp\/v2\/tags?post=513"}],"curies":[{"name":"wp","href":"https:\/\/api.w.org\/{rel}","templated":true}]}}