
{"id":515,"date":"2011-03-02T10:48:04","date_gmt":"2011-03-02T09:48:04","guid":{"rendered":"http:\/\/narty.blog.polityka.pl\/?p=515"},"modified":"2011-03-04T12:02:05","modified_gmt":"2011-03-04T11:02:05","slug":"otzi-na-nowo-odkrywany","status":"publish","type":"post","link":"https:\/\/blog.polityka.pl\/narty\/2011\/03\/02\/otzi-na-nowo-odkrywany\/","title":{"rendered":"\u00d6tzi na nowo odkrywany"},"content":{"rendered":"<p><a href=\"\/wp-content\/uploads\/\/2011\/03\/oetzti-safe_image.jpg\"><\/a><a href=\"\/wp-content\/uploads\/\/2011\/03\/oetzi_memorial.jpg\"><\/a><a href=\"\/wp-content\/uploads\/\/2011\/03\/oetzi-rekonstrokcja-wyposazenia-w-0px-1.jpg\"><\/a>Najnowsze rezultaty bada\u0144 naukowych nad \u017cyj\u0105cym ponad 5000 lat temu \u201ecz\u0142owiekiem lodu\u201d przedstawia otwarta w\u0142a\u015bnie w Muzeum Archeologicznym w Bolzano wystawa \u201e\u00d6tzi: \u017bycie. Nauka. Fikcja. Rzeczywisto\u015b\u0107\u201d. Zreszt\u0105 ca\u0142y bie\u017c\u0105cy rok w Po\u0142udniowym Tyrolu jest mu po\u015bwi\u0119cony \u2013 mija wszak 20 rocznica odkrycia cia\u0142a \u00d6tzi\u2019emu<\/p>\n<p>O\u00a0 jego historii s\u0142ysze\u0107 musia\u0142 ka\u017cdy, kto w ostatnich latach go\u015bci\u0142 we w\u0142oskim Po\u0142udniowym Tyrolu (zw\u0142aszcza w Maso Corto), ale te\u017c w austriackiej dolinie \u00d6tztal (czyli cho\u0107by w popularnym S\u00f6lden b\u0105d\u017a mniej znanych, a du\u017co ciekawszych, Ober- i Hochgurgl).<\/p>\n<p>19 wrze\u015bnia 1991 r. para niemieckich turyst\u00f3w w\u0119druj\u0105ca po lodowcu Schnalstal na wysoko\u015bci 3120 m n.p.m. natkn\u0119\u0142a si\u0119 na zmumifikowane cia\u0142o. Kiedy w Insbrucku dok\u0142adnie przebadano zw\u0142oki, okaza\u0142o si\u0119, \u017ce pochodz\u0105 z\u2026 epoki miedzi. \u00d6tzi, bo tak nazwano zamro\u017conego m\u0119\u017cczyzn\u0119, rych\u0142o sta\u0142 si\u0119 legend\u0105, przedmiotem bada\u0144 naukowych i mi\u0119dzynarodowego sporu.<\/p>\n<p><a href=\"\/wp-content\/uploads\/\/2011\/03\/oetzti-safe_image.jpg\"><img loading=\"lazy\" decoding=\"async\" class=\"alignnone size-medium wp-image-516\" title=\"oetzti-safe_image\" src=\"\/wp-content\/uploads\/\/2011\/03\/oetzti-safe_image.jpg\" alt=\"\" width=\"180\" height=\"140\" \/><\/a>\u00a0<em>Zmumifikowane cia\u0142o \u00d6tzi&#8217;ego <\/em><\/p>\n<p>Eksperci ustalili, \u017ce \u00d6tzi \u017cy\u0142 mi\u0119dzy 3350 a 3100 r. p.n.e. W chwili \u015bmierci mia\u0142 oko\u0142o 45 lat (do\u015b\u0107 du\u017co jak na tamte czasy). Liczy\u0142 153 cm wzrostu. Jego ubranie sk\u0142ada\u0142o si\u0119 z czapki ze sk\u00f3ry nied\u017awiedzia, tuniki z kozich sk\u00f3r (d\u0142ugie pionowe ich paski po\u0142\u0105czone by\u0142y szwami ze \u015bci\u0119gien zwierz\u0105t),\u00a0 peleryny z traw alpejskich, spodni (ze sk\u00f3r nied\u017awiedzich i kozich), sk\u00f3rzanego pasa (z rodzajem kieszeni na m.in. hub\u0119 do krzesania ognia, ko\u015bciane szyd\u0142o i krzemienny skrobak) oraz biodrowej opaski.<\/p>\n<p>Buty \u00d6tzi\u2019ego z\u0142o\u017cone by\u0142y z dw\u00f3ch cz\u0119\u015bci. Wewn\u0119trzne mia\u0142y sk\u00f3rzane podeszwy po\u0142\u0105czone z siatk\u0105 (ze sznurk\u00f3w ro\u015blinnych), w kt\u00f3rej znajdowa\u0142o si\u0119 wype\u0142nienie z chroni\u0105cego przed mrozem siana. Podeszwy but\u00f3w zewn\u0119trznych zosta\u0142y wykonane ze sk\u00f3ry nied\u017awiedzia brunatnego, a wierzchy \u2013 ze sk\u00f3ry jelenia. Wi\u0105zane by\u0142y g\u0142adko wyprawionymi sk\u00f3rzanymi rzemieniami.<\/p>\n<p>\u00d6tzi by\u0142 doskonale przygotowany do g\u00f3rskiej w\u0119dr\u00f3wki: mia\u0142 z sob\u0105 rodzaj siekiery, sk\u00f3rzany worek (plecak) z rodzajem stela\u017ca z ga\u0142\u0119zi leszczyny, pojemniki z kory brzozowej do przenoszenia jedzenia i \u017caru oraz\u2026 \u201eapteczk\u0119\u201d w postaci plastra hubiaka z brzozy (polyporus), maj\u0105cego w\u0142a\u015bciwo\u015bci antybiotyczne i przeciwkrwotoczne.<\/p>\n<p>Miejsce znalezienia \u00d6tzi\u2019ego sta\u0142o si\u0119 atrakcyjnym celem wycieczek (postawiono tam nawet monument upami\u0119tniaj\u0105cy znalezisko). O sam\u0105 mumie z kolei rozgorza\u0142 mi\u0119dzynarodowy sp\u00f3r mi\u0119dzy Austri\u0105 i W\u0142ochami \u2013 nie\u00a0 by\u0142o bowiem jasne, na terenie kt\u00f3rego z pa\u0144stw j\u0105 odkryto, a wi\u0119c do kogo nale\u017cy eksponat. W ko\u0144cu ustalono, \u017ce \u00d6tzi zosta\u0142 znaleziony po w\u0142oskiej stronie granicy \u2013 mumia trafi\u0142a wi\u0119c do Muzeum Archeologicznego w po\u0142udniowotyrolskim Bolzano.<\/p>\n<p><a href=\"\/wp-content\/uploads\/\/2011\/03\/oetzi_memorial.jpg\"><img loading=\"lazy\" decoding=\"async\" class=\"alignnone size-medium wp-image-517\" title=\"oetzi_memorial\" src=\"\/wp-content\/uploads\/\/2011\/03\/oetzi_memorial-199x300.jpg\" alt=\"\" width=\"199\" height=\"300\" srcset=\"\/narty\/wp-content\/uploads\/2011\/03\/oetzi_memorial-199x300.jpg 199w, \/narty\/wp-content\/uploads\/2011\/03\/oetzi_memorial.jpg 398w\" sizes=\"(max-width: 199px) 100vw, 199px\" \/><\/a>\u00a0<em>Miejsce znalezienia \u00d6tziego na lodowcu\u00a0Schnalstal <\/em><\/p>\n<p>Celem otwartej w\u0142a\u015bnie jubileuszowej ekspozycji (potrwa do po\u0142owy stycznia 2012 r.)\u00a0 jest przedstawienie najnowszych odkry\u0107 naukowych na temat \u00d6tzi\u2019ego, ale te\u017c pokazanie kulturowego kontekstu jego historii, a wi\u0119c odpowied\u017a na pytanie, jak jest on dzi\u015b postrzegany, jak tworzy\u0142a si\u0119 jego legenda, sk\u0105d bra\u0142y si\u0119 rozmaite spekulacje na jego temat oraz jak\u0105 rol\u0119 mia\u0142y w tym media.<\/p>\n<p>Dlatego te\u017c wystawa jubileuszowa wyra\u017anie r\u00f3\u017cni si\u0119 od dotychczasowej ekspozycji (a t\u0119 obejrza\u0142o w minionych latach a\u017c 3 mln go\u015bci!). Atrakcj\u0105 ma by\u0107 te\u017c jej forma: historia \u00d6tzi\u2019ego pokazana jest przy pomocy technik interaktywnych, a nowa rekonstrukcja jego postaci (i twarzy!) przeprowadzona zosta\u0142a wedle regu\u0142 wsp\u00f3\u0142czesnej kryminalistyki i oparta m.in. o tr\u00f3jwymiarowe zdj\u0119cia anatomiczne szkieletu.<\/p>\n<p><a href=\"\/wp-content\/uploads\/\/2011\/03\/oetzi-rekonstrokcja-wyposazenia-w-0px-1.jpg\"><img loading=\"lazy\" decoding=\"async\" class=\"alignnone size-medium wp-image-518\" title=\"oetzi-rekonstrokcja-wyposazenia-w-0px-1\" src=\"\/wp-content\/uploads\/\/2011\/03\/oetzi-rekonstrokcja-wyposazenia-w-0px-1-194x300.jpg\" alt=\"\" width=\"194\" height=\"300\" srcset=\"\/narty\/wp-content\/uploads\/2011\/03\/oetzi-rekonstrokcja-wyposazenia-w-0px-1-194x300.jpg 194w, \/narty\/wp-content\/uploads\/2011\/03\/oetzi-rekonstrokcja-wyposazenia-w-0px-1.jpg 200w\" sizes=\"(max-width: 194px) 100vw, 194px\" \/><\/a>\u00a0<em>Rekonstrukcja ubioru i wyposa\u017cenia &#8222;cz\u0142owieka lodu&#8221;<\/em><\/p>\n<p>Kompletnie innego rodzaju atrakcj\u0105 Roku \u00d6tzi\u2019ego jest\u2026 wino \u201ePinot \u00d6tzi\u201d. Oto w\u0142a\u015bciciele dw\u00f3ch po\u0142udniowotyrolskich winnic: Falkenstein i Unterortl po\u0142\u0105czyli cze\u015b\u0107 swoich zbior\u00f3w szczepu Blauburgunder z 2006r. i przez dwa lata pozwolili im le\u017cakowa\u0107 w 3 beczkach na r\u00f3\u017cnych wysoko\u015bciach: w Zamku Juval (900 m. n.p.m.), w zaje\u017adzie Oberraindlhof (1500 m. n.p.m.) i w najwy\u017cej po\u0142o\u017conym alpejskim hotelu Grawand na lodowcu Senales ( 3212 m. n.p.m.). Powsta\u0142o 725 litr\u00f3w przedniego pono\u0107 trunku. Zas\u0142ugi \u00d6tzi\u2019ego wci\u0105\u017c zatem rosn\u0105.<\/p>\n","protected":false},"excerpt":{"rendered":"<p>Najnowsze rezultaty bada\u0144 naukowych nad \u017cyj\u0105cym ponad 5000 lat temu \u201ecz\u0142owiekiem lodu\u201d przedstawia otwarta w\u0142a\u015bnie w Muzeum Archeologicznym w Bolzano wystawa \u201e\u00d6tzi: \u017bycie. Nauka. Fikcja. Rzeczywisto\u015b\u0107\u201d. Zreszt\u0105 ca\u0142y bie\u017c\u0105cy rok w Po\u0142udniowym Tyrolu jest mu po\u015bwi\u0119cony \u2013 mija wszak 20 rocznica odkrycia cia\u0142a \u00d6tzi\u2019emu O\u00a0 jego historii s\u0142ysze\u0107 musia\u0142 ka\u017cdy, kto w ostatnich latach go\u015bci\u0142 [&hellip;]<\/p>\n","protected":false},"author":1,"featured_media":0,"comment_status":"open","ping_status":"open","sticky":false,"template":"","format":"standard","meta":{"footnotes":""},"categories":[1],"tags":[],"_links":{"self":[{"href":"https:\/\/blog.polityka.pl\/narty\/wp-json\/wp\/v2\/posts\/515"}],"collection":[{"href":"https:\/\/blog.polityka.pl\/narty\/wp-json\/wp\/v2\/posts"}],"about":[{"href":"https:\/\/blog.polityka.pl\/narty\/wp-json\/wp\/v2\/types\/post"}],"author":[{"embeddable":true,"href":"https:\/\/blog.polityka.pl\/narty\/wp-json\/wp\/v2\/users\/1"}],"replies":[{"embeddable":true,"href":"https:\/\/blog.polityka.pl\/narty\/wp-json\/wp\/v2\/comments?post=515"}],"version-history":[{"count":0,"href":"https:\/\/blog.polityka.pl\/narty\/wp-json\/wp\/v2\/posts\/515\/revisions"}],"wp:attachment":[{"href":"https:\/\/blog.polityka.pl\/narty\/wp-json\/wp\/v2\/media?parent=515"}],"wp:term":[{"taxonomy":"category","embeddable":true,"href":"https:\/\/blog.polityka.pl\/narty\/wp-json\/wp\/v2\/categories?post=515"},{"taxonomy":"post_tag","embeddable":true,"href":"https:\/\/blog.polityka.pl\/narty\/wp-json\/wp\/v2\/tags?post=515"}],"curies":[{"name":"wp","href":"https:\/\/api.w.org\/{rel}","templated":true}]}}