
{"id":519,"date":"2011-03-04T10:07:48","date_gmt":"2011-03-04T09:07:48","guid":{"rendered":"http:\/\/narty.blog.polityka.pl\/?p=519"},"modified":"2011-03-04T17:51:56","modified_gmt":"2011-03-04T16:51:56","slug":"freeride-po-polsku-w-heiligenblut","status":"publish","type":"post","link":"https:\/\/blog.polityka.pl\/narty\/2011\/03\/04\/freeride-po-polsku-w-heiligenblut\/","title":{"rendered":"Freeride po polsku w Heiligenblut"},"content":{"rendered":"<p><a href=\"\/wp-content\/uploads\/\/2011\/03\/heiligenthumb.jpg\"><\/a>Pierwsze w historii polskie zawody w je\u017adzie poza trasami odb\u0119d\u0105 si\u0119 za tydzie\u0144 u st\u00f3p Grossglocknera, najwy\u017cszego szczytu Austrii (3798 m n.p.m). Do startu zg\u0142osi\u0142o ju\u017c ponad stu narciarzy i snowboardzist\u00f3w \u2013 w tym tak\u017ce z kraj\u00f3w alpejskich.<\/p>\n<p>Baz\u0105 2011 Polish Freeride Open jest Heiligenblut, cicha i nader pono\u0107 urokliwa wioska w Hohe Tauern na pograniczu Karyntii i Salzburgerlandu. Od dawna uchodzi ona za doskona\u0142y teren do freeride\u2019u.<\/p>\n<p>Same zawody odb\u0119d\u0105 si\u0119 w sobot\u0119 12 marca (w razie niepogody dniem rezerwowym jest niedziela). Start wyznaczono na le\u017c\u0105cej 2540 m n.p.m. grani szczytu nazywanego przez miejscowych Kropfscharte (Szczerba) w masywie Schareck. Zawodnicy b\u0119d\u0105 mieli do pokonania 340 m r\u00f3\u017cnicy poziom\u00f3w, a nachylenie stoku si\u0119ga w tej okolicy 30-45 stopni.<\/p>\n<p>Ka\u017cdy \u2013 pr\u00f3cz wyboru swojej linii zjazdu \u2013 b\u0119dzie te\u017c musia\u0142 zadeklarowa\u0107, kt\u00f3r\u0105 parti\u0105 zbocza zamierza dotrze\u0107 do mety. Aren\u0119 zawod\u00f3w podzielono bowiem na trzy sekcje: \u0142atw\u0105, \u015bredni\u0105 czy trudn\u0105.<\/p>\n<p><a href=\"\/wp-content\/uploads\/\/2011\/03\/heiligenthumb.jpg\"><img loading=\"lazy\" decoding=\"async\" class=\"alignnone size-medium wp-image-520\" title=\"heiligenthumb\" src=\"\/wp-content\/uploads\/\/2011\/03\/heiligenthumb-300x154.jpg\" alt=\"\" width=\"300\" height=\"154\" srcset=\"\/narty\/wp-content\/uploads\/2011\/03\/heiligenthumb-300x154.jpg 300w, \/narty\/wp-content\/uploads\/2011\/03\/heiligenthumb.jpg 660w\" sizes=\"(max-width: 300px) 100vw, 300px\" \/><\/a><em>\u00a0Arena 2011 Polish Freeride Open: stoki Kropfscharte (z podzia\u0142em na strefy trudno\u015bci)<\/em>\u00a0<\/p>\n<p>S\u0119dziowie w swoich ocenach uwzgl\u0119dnia\u0107 b\u0119d\u0105 pi\u0119\u0107 kryteri\u00f3w \u2013 trudno\u015b\u0107 wybranej linii (czyli trasy, wybranej przez zawodnika: jej oryginalno\u015b\u0107 i stopie\u0144 ryzyka), kontrol\u0119, z jak\u0105 zawodnik wykonuje przejazd (czy w przeje\u017adzie balansowa\u0142 na kraw\u0119dzi ryzyka?, czy od startu do mety ca\u0142y czas panowa\u0142 nad nartami?), p\u0142ynno\u015b\u0107 przejazdu (czy rider waha\u0142 si\u0119 przed ewentualnymi skokami?, czy pogubi\u0142 si\u0119 i musia\u0142 podchodzi\u0107, by odnale\u017a\u0107 swoj\u0105 lini\u0119?, czy musia\u0142 robi\u0107 d\u0142ugi trawers aby dojecha\u0107 do upatrzonego klifu?), skoki (jak d\u0142ugie skoki ze ska\u0142 wykonywa\u0142?, jak wygl\u0105da\u0142 sam lot?, czy l\u0105dowanie by\u0142o pewne?) oraz\u2026 upadki (czy zawodnik straci\u0142 kontrol\u0119 i upad\u0142 w szczeg\u00f3lnie niebezpiecznej strefie \u2013 tzw. no fall zone?, czy upadek by\u0142 spowodowany zmiennymi warunkami \u015bnie\u017cnymi, kt\u00f3rych nie m\u00f3g\u0142 przewidzie\u0107?).<\/p>\n<p>Zaplanowano po dwa przejazdy.<\/p>\n<p>W\u015br\u00f3d nagr\u00f3d znajd\u0105 si\u0119 m.in. zdobywaj\u0105ce coraz wi\u0119ksze uznanie we freeride\u2019owej bran\u017cy narty polskiej firmy Armada, ubrania i plecaki The North Face oraz sprz\u0119t lawinowy Pieps.<\/p>\n<p>Pr\u00f3cz wymiaru sportowego powinna ona by\u0107 r\u00f3wnie\u017c miejscem integracji polskich mi\u0142o\u015bnik\u00f3w jazdy poza trasami. W programie Polish Freeride Open jest tak\u017ce pokaz film\u00f3w freerideowych.<\/p>\n<p>I, co mo\u017ce najwa\u017cniejsze, w Heiligenblut spad\u0142o podobno w\u0142a\u015bnie oko\u0142o 50 cm \u015bwie\u017cego \u015bniegu. A \u017ceby warunki by\u0142y jeszcze lepsze zbocze, na kt\u00f3rym maj\u0105 by\u0107 rozegrane zawody, zostanie teraz na kilka dni zamkni\u0119te.<\/p>\n","protected":false},"excerpt":{"rendered":"<p>Pierwsze w historii polskie zawody w je\u017adzie poza trasami odb\u0119d\u0105 si\u0119 za tydzie\u0144 u st\u00f3p Grossglocknera, najwy\u017cszego szczytu Austrii (3798 m n.p.m). Do startu zg\u0142osi\u0142o ju\u017c ponad stu narciarzy i snowboardzist\u00f3w \u2013 w tym tak\u017ce z kraj\u00f3w alpejskich. Baz\u0105 2011 Polish Freeride Open jest Heiligenblut, cicha i nader pono\u0107 urokliwa wioska w Hohe Tauern na [&hellip;]<\/p>\n","protected":false},"author":1,"featured_media":0,"comment_status":"open","ping_status":"open","sticky":false,"template":"","format":"standard","meta":{"footnotes":""},"categories":[1],"tags":[],"_links":{"self":[{"href":"https:\/\/blog.polityka.pl\/narty\/wp-json\/wp\/v2\/posts\/519"}],"collection":[{"href":"https:\/\/blog.polityka.pl\/narty\/wp-json\/wp\/v2\/posts"}],"about":[{"href":"https:\/\/blog.polityka.pl\/narty\/wp-json\/wp\/v2\/types\/post"}],"author":[{"embeddable":true,"href":"https:\/\/blog.polityka.pl\/narty\/wp-json\/wp\/v2\/users\/1"}],"replies":[{"embeddable":true,"href":"https:\/\/blog.polityka.pl\/narty\/wp-json\/wp\/v2\/comments?post=519"}],"version-history":[{"count":0,"href":"https:\/\/blog.polityka.pl\/narty\/wp-json\/wp\/v2\/posts\/519\/revisions"}],"wp:attachment":[{"href":"https:\/\/blog.polityka.pl\/narty\/wp-json\/wp\/v2\/media?parent=519"}],"wp:term":[{"taxonomy":"category","embeddable":true,"href":"https:\/\/blog.polityka.pl\/narty\/wp-json\/wp\/v2\/categories?post=519"},{"taxonomy":"post_tag","embeddable":true,"href":"https:\/\/blog.polityka.pl\/narty\/wp-json\/wp\/v2\/tags?post=519"}],"curies":[{"name":"wp","href":"https:\/\/api.w.org\/{rel}","templated":true}]}}