
{"id":522,"date":"2011-03-11T06:28:10","date_gmt":"2011-03-11T05:28:10","guid":{"rendered":"http:\/\/narty.blog.polityka.pl\/?p=522"},"modified":"2011-03-11T07:17:48","modified_gmt":"2011-03-11T06:17:48","slug":"idzie-wiosna-pora-na-narty","status":"publish","type":"post","link":"https:\/\/blog.polityka.pl\/narty\/2011\/03\/11\/idzie-wiosna-pora-na-narty\/","title":{"rendered":"Idzie wiosna: pora na narty i deski!"},"content":{"rendered":"<p><a href=\"\/wp-content\/uploads\/\/2011\/03\/piller5.jpg\"><\/a><a href=\"\/wp-content\/uploads\/\/2011\/03\/sudtirol-bm_4.jpg\"><\/a><a href=\"\/wp-content\/uploads\/\/2011\/03\/sudtirol_15-m.jpg\"><\/a>Powod\u00f3w, dla kt\u00f3rych w\u0142a\u015bnie wiosna jest \u015bwietn\u0105 por\u0105 na narty i desk\u0119, jest multum.<\/p>\n<p>Pierwszy (cho\u0107 dla mnie akurat nie kluczowy), to oczywi\u015bcie s\u0142o\u0144ce i szansa na rewelacyjn\u0105 \u2013 i nader trwa\u0142\u0105 \u2013 opalenizn\u0119. Oczywi\u015bcie, o ile nie zapomnimy o smarowaniu si\u0119 t\u0142ustym kremem (najlepiej jednak z blokiem, kt\u00f3ry czasem powinien si\u0119ga\u0107 + 50) oraz os\u0142anianiu miejsc wra\u017cliwych (cho\u0107by delikatnej sk\u00f3ry za uszami).\u00a0<\/p>\n<p>Ponadto dni staj\u0105 si\u0119 coraz d\u0142u\u017csze, d\u0142u\u017cej wi\u0119c zwykle kursuj\u0105 wyci\u0105gi. Co za tym idzie wi\u0119cej jest tak\u017ce czasu na jazd\u0119 (a mo\u017ce i wylegiwanie si\u0119 na le\u017caku przed schroniskiem).<\/p>\n<p>Po trzecie, na stokach bywa mniej t\u0142oczno \u2013 ferie szkolne ju\u017c si\u0119 wszak sko\u0144czy\u0142y. Trudniej wi\u0119c trafi\u0107 na przypadkowych, feryjnych w\u0142a\u015bnie, narciarzy. Oczywi\u015bcie, niczego im nie ujmuj\u0105c: to dobrze, \u017ce ludzie cho\u0107by i przez par\u0119 dni w roku pr\u00f3buj\u0105 nart. Ale prawda jest taka, \u017ce poza okresem ferii wypadk\u00f3w jest du\u017co mniej (w ka\u017cdym razie na trasach, bo poza nimi prawid\u0142owo\u015bci zale\u017cne s\u0105 od zupe\u0142nie innych czynnik\u00f3w).<\/p>\n<p><a href=\"\/wp-content\/uploads\/\/2011\/03\/sudtirol-bm_4.jpg\"><img loading=\"lazy\" decoding=\"async\" class=\"alignnone size-medium wp-image-524\" title=\"sudtirol-bm_4\" src=\"\/wp-content\/uploads\/\/2011\/03\/sudtirol-bm_4-300x200.jpg\" alt=\"\" width=\"300\" height=\"200\" srcset=\"\/narty\/wp-content\/uploads\/2011\/03\/sudtirol-bm_4-300x200.jpg 300w, \/narty\/wp-content\/uploads\/2011\/03\/sudtirol-bm_4.jpg 624w\" sizes=\"(max-width: 300px) 100vw, 300px\" \/><\/a>\u00a0<em>Wiosenne narty&#8230;<\/em><\/p>\n<p>Swoje robi te\u017c wysyp zni\u017cek i promocji. Pocz\u0105wszy od oferty free ski, czyli karnetu gratis w cenie apartamentu czy hotelu (s\u0142yn\u0105 z niej zw\u0142aszcza stacje w\u0142oskie) czy ni\u017cszych cen karnet\u00f3w w tzw. niskim sezonie (cho\u0107by w Alpach austriackich), przez zni\u017cki proponowane przez same biura podr\u00f3\u017cy \u2013 a to na noclegi (si\u0119gaj\u0105 nawet 40 proc.), a to na transport. W zasadzie &#8222;po znajomo\u015bci&#8221;, ale z czystym sumieniem, sugeruj\u0119 sprawdzi\u0107 pod tym wzgl\u0119dem cenniki partnera tego bloga, czyli <a href=\"http:\/\/www.otium.pl\" target=\"_blank\">Alpytravel.pl\/Otium<\/a>. Coraz popularniejsze staj\u0105 si\u0119 tak\u017ce pakiety na okres kr\u00f3tszy ni\u017c tydzie\u0144, bo na weekend b\u0105d\u017a kilka dni . A przy okazji w samych ju\u017c stacjach mo\u017cna cz\u0119sto kupi\u0107 mocno przeceniony sprz\u0119t z bie\u017c\u0105cego sezonu.<\/p>\n<p><a href=\"\/wp-content\/uploads\/\/2011\/03\/sudtirol_15-m.jpg\"><img loading=\"lazy\" decoding=\"async\" class=\"alignnone size-medium wp-image-525\" title=\"sudtirol_15-m\" src=\"\/wp-content\/uploads\/\/2011\/03\/sudtirol_15-m-300x199.jpg\" alt=\"\" width=\"300\" height=\"199\" srcset=\"\/narty\/wp-content\/uploads\/2011\/03\/sudtirol_15-m-300x199.jpg 300w, \/narty\/wp-content\/uploads\/2011\/03\/sudtirol_15-m.jpg 731w\" sizes=\"(max-width: 300px) 100vw, 300px\" \/><\/a>\u00a0<em>&#8230; i deska w Po\u0142udniowym Tyrolu<\/em><\/p>\n<p>Wreszcie, last\u00a0 but not least, wiosna daje szans\u0119 na znalezienie firnu \u2013 wymarzonego do jazdy gatunku \u015bniegu, do kt\u00f3rego powstania konieczne s\u0105 du\u017ce r\u00f3\u017cnice temperatur mi\u0119dzy noc\u0105 a dniem (cho\u0107 w tym, nieco zwariowanym pogodowo, sezonie na firnie uda\u0142o mi si\u0119 je\u017adzi\u0107 ju\u017c w\u2026 styczniu w Fieberbrunn w dolinie Pillerseetal, gdzie sk\u0105din\u0105d trwaj\u0105 w\u0142a\u015bnie presti\u017cowe w \u015bwiatku narciarstwa ekstremalnego zawody Freeride World Tour Big Mountain).<\/p>\n<p><a href=\"\/wp-content\/uploads\/\/2011\/03\/piller5.jpg\"><img loading=\"lazy\" decoding=\"async\" class=\"alignnone size-medium wp-image-523\" title=\"piller5\" src=\"\/wp-content\/uploads\/\/2011\/03\/piller5-300x178.jpg\" alt=\"\" width=\"300\" height=\"178\" srcset=\"\/narty\/wp-content\/uploads\/2011\/03\/piller5-300x178.jpg 300w, \/narty\/wp-content\/uploads\/2011\/03\/piller5.jpg 650w\" sizes=\"(max-width: 300px) 100vw, 300px\" \/><\/a>\u00a0<em>Na firnie &#8211; tyle \u017ce styczniowym &#8211; w Fieberbrunn (fot. Tomek Rakoczy)<\/em><\/p>\n<p>Szukaj\u0105c firnu \u2013 i kosztuj\u0105c go \u2013 trzeba tylko potwornie uwa\u017ca\u0107 na lawiny. Bo one te\u017c, niestety, s\u0105 znakiem wiosny.<\/p>\n<p>\u00a0<\/p>\n<p>\u00a0<\/p>\n<p>\u00a0<\/p>\n","protected":false},"excerpt":{"rendered":"<p>Powod\u00f3w, dla kt\u00f3rych w\u0142a\u015bnie wiosna jest \u015bwietn\u0105 por\u0105 na narty i desk\u0119, jest multum. Pierwszy (cho\u0107 dla mnie akurat nie kluczowy), to oczywi\u015bcie s\u0142o\u0144ce i szansa na rewelacyjn\u0105 \u2013 i nader trwa\u0142\u0105 \u2013 opalenizn\u0119. Oczywi\u015bcie, o ile nie zapomnimy o smarowaniu si\u0119 t\u0142ustym kremem (najlepiej jednak z blokiem, kt\u00f3ry czasem powinien si\u0119ga\u0107 + 50) oraz [&hellip;]<\/p>\n","protected":false},"author":1,"featured_media":0,"comment_status":"open","ping_status":"open","sticky":false,"template":"","format":"standard","meta":{"footnotes":""},"categories":[1],"tags":[],"_links":{"self":[{"href":"https:\/\/blog.polityka.pl\/narty\/wp-json\/wp\/v2\/posts\/522"}],"collection":[{"href":"https:\/\/blog.polityka.pl\/narty\/wp-json\/wp\/v2\/posts"}],"about":[{"href":"https:\/\/blog.polityka.pl\/narty\/wp-json\/wp\/v2\/types\/post"}],"author":[{"embeddable":true,"href":"https:\/\/blog.polityka.pl\/narty\/wp-json\/wp\/v2\/users\/1"}],"replies":[{"embeddable":true,"href":"https:\/\/blog.polityka.pl\/narty\/wp-json\/wp\/v2\/comments?post=522"}],"version-history":[{"count":0,"href":"https:\/\/blog.polityka.pl\/narty\/wp-json\/wp\/v2\/posts\/522\/revisions"}],"wp:attachment":[{"href":"https:\/\/blog.polityka.pl\/narty\/wp-json\/wp\/v2\/media?parent=522"}],"wp:term":[{"taxonomy":"category","embeddable":true,"href":"https:\/\/blog.polityka.pl\/narty\/wp-json\/wp\/v2\/categories?post=522"},{"taxonomy":"post_tag","embeddable":true,"href":"https:\/\/blog.polityka.pl\/narty\/wp-json\/wp\/v2\/tags?post=522"}],"curies":[{"name":"wp","href":"https:\/\/api.w.org\/{rel}","templated":true}]}}