
{"id":528,"date":"2011-03-14T10:47:07","date_gmt":"2011-03-14T09:47:07","guid":{"rendered":"http:\/\/narty.blog.polityka.pl\/?p=528"},"modified":"2011-03-14T10:47:07","modified_gmt":"2011-03-14T09:47:07","slug":"freeride%e2%80%99owcy-prawie-pojechali","status":"publish","type":"post","link":"https:\/\/blog.polityka.pl\/narty\/2011\/03\/14\/freeride%e2%80%99owcy-prawie-pojechali\/","title":{"rendered":"Freeride\u2019owcy (prawie) pojechali"},"content":{"rendered":"<p>W austriackim Heilligenblut podczas minionego weekendu rozegrano nieoficjalne \u2013 i pierwsze w historii \u2013 freeride\u2019owe mistrzostwa Polski.<\/p>\n<p>Najpierw, ze wzgl\u0119du na warunki \u015bniegowe, trzeba by\u0142o znale\u017a\u0107 inne ni\u017c planowano zbocze do rozegrania konkurencji. Potem okaza\u0142o si\u0119, \u017ce swoje \u201elinie\u201d zdo\u0142a\u0142y wytyczy\u0107 tylko startuj\u0105ce jako pierwsze dziewcz\u0119ta. Przejazdy m\u0119\u017cczyzn trzeba by\u0142o przerwa\u0107 z powodu gwa\u0142townego za\u0142amania si\u0119 pogody: nasilaj\u0105cego si\u0119 wiatru i coraz wi\u0119kszego zachmurzenia.<\/p>\n<p>W efekcie tytu\u0142y mistrzowskie mo\u017cna by\u0142o przyzna\u0107 jedynie paniom: jury za najlepsze uzna\u0142o przejazdy Karoliny Klimek (narty) i Mi\u0142os\u0142awy Niezgody (snowboard). O obowi\u0105zuj\u0105cych w zawodach freeride\u2019owych kryteriach oceny ju\u017c tu pisa\u0142em (<a href=\"http:\/\/narty.blog.polityka.pl\/2011\/03\/04\/freeride-po-polsku-w-heiligenblut\/\" target=\"_blank\">\u201eFreeride po polsku w Heiligenblut\u201d<\/a>, 4 marca b.r.). Z kolei nagrody dla pan\u00f3w (od firm Armada Skis, Pieps, Contract, The North Face i Montana)\u2026 rozlosowano w\u015br\u00f3d wszystkich uczestnik\u00f3w zawod\u00f3w.<\/p>\n<p>Pomimo tych perturbacji, organizatorzy zapowiadaj\u0105 kolejn\u0105 edycj\u0119 Polish Freeride Open w przysz\u0142ym sezonie. Przekonuj\u0105 bowiem, \u017ce g\u0142\u00f3wny cel imprezy, jakim jest spotkanie i integracja rodzimych mi\u0142o\u015bnik\u00f3w jazdy poza trasami, zosta\u0142 osi\u0105gni\u0119ty.<br \/>\nMiejscem zawod\u00f3w ma by\u0107 ponownie Heiligenblut \u2013 bo, jak opowiadaj\u0105 szcz\u0119\u015bciarze, kt\u00f3rzy mogli uczestniczy\u0107 b\u0105d\u017a obserwowa\u0107 zawody, warunki do freeride\u2019u s\u0105 tam doskona\u0142e, a sama wioska jest przepi\u0119kna i wci\u0105\u017c zachowuje alpejsk\u0105 atmosfer\u0119.<\/p>\n","protected":false},"excerpt":{"rendered":"<p>W austriackim Heilligenblut podczas minionego weekendu rozegrano nieoficjalne \u2013 i pierwsze w historii \u2013 freeride\u2019owe mistrzostwa Polski. Najpierw, ze wzgl\u0119du na warunki \u015bniegowe, trzeba by\u0142o znale\u017a\u0107 inne ni\u017c planowano zbocze do rozegrania konkurencji. Potem okaza\u0142o si\u0119, \u017ce swoje \u201elinie\u201d zdo\u0142a\u0142y wytyczy\u0107 tylko startuj\u0105ce jako pierwsze dziewcz\u0119ta. Przejazdy m\u0119\u017cczyzn trzeba by\u0142o przerwa\u0107 z powodu gwa\u0142townego za\u0142amania [&hellip;]<\/p>\n","protected":false},"author":1,"featured_media":0,"comment_status":"open","ping_status":"open","sticky":false,"template":"","format":"standard","meta":{"footnotes":""},"categories":[1],"tags":[],"_links":{"self":[{"href":"https:\/\/blog.polityka.pl\/narty\/wp-json\/wp\/v2\/posts\/528"}],"collection":[{"href":"https:\/\/blog.polityka.pl\/narty\/wp-json\/wp\/v2\/posts"}],"about":[{"href":"https:\/\/blog.polityka.pl\/narty\/wp-json\/wp\/v2\/types\/post"}],"author":[{"embeddable":true,"href":"https:\/\/blog.polityka.pl\/narty\/wp-json\/wp\/v2\/users\/1"}],"replies":[{"embeddable":true,"href":"https:\/\/blog.polityka.pl\/narty\/wp-json\/wp\/v2\/comments?post=528"}],"version-history":[{"count":2,"href":"https:\/\/blog.polityka.pl\/narty\/wp-json\/wp\/v2\/posts\/528\/revisions"}],"predecessor-version":[{"id":530,"href":"https:\/\/blog.polityka.pl\/narty\/wp-json\/wp\/v2\/posts\/528\/revisions\/530"}],"wp:attachment":[{"href":"https:\/\/blog.polityka.pl\/narty\/wp-json\/wp\/v2\/media?parent=528"}],"wp:term":[{"taxonomy":"category","embeddable":true,"href":"https:\/\/blog.polityka.pl\/narty\/wp-json\/wp\/v2\/categories?post=528"},{"taxonomy":"post_tag","embeddable":true,"href":"https:\/\/blog.polityka.pl\/narty\/wp-json\/wp\/v2\/tags?post=528"}],"curies":[{"name":"wp","href":"https:\/\/api.w.org\/{rel}","templated":true}]}}