
{"id":536,"date":"2011-03-19T05:09:56","date_gmt":"2011-03-19T04:09:56","guid":{"rendered":"http:\/\/narty.blog.polityka.pl\/?p=536"},"modified":"2011-03-31T19:41:25","modified_gmt":"2011-03-31T18:41:25","slug":"zima-w-poludniowym-tyrolu-trzyma-a-ceny-leca","status":"publish","type":"post","link":"https:\/\/blog.polityka.pl\/narty\/2011\/03\/19\/zima-w-poludniowym-tyrolu-trzyma-a-ceny-leca\/","title":{"rendered":"Zima trzyma, a ceny (w Po\u0142udniowym Tyrolu) lec\u0105"},"content":{"rendered":"<p>\u00a0Od tego weekendu w Dolomitach dzie\u0144 z tygodnia jazdy na nartach lub snowboardzie sp\u0119dza si\u0119 za darmo. To jedna z zalet wiosennych wyjazd\u00f3w na narty i desk\u0119.<\/p>\n<p>O tym, \u017ce w\u0142a\u015bnie wiosn\u0105 warto je\u017adzi\u0107 w g\u00f3ry pisa\u0142em tu niedawno (<a href=\"http:\/\/narty.blog.polityka.pl\/2011\/03\/11\/idzie-wiosna-pora-na-narty\/\" target=\"_blank\">\u201eIdzie wiosna: pora na narty i deski&#8221;<\/a>, 11 marca b.r.). Oto par\u0119 konkret\u00f3w \u2013 tym razem z Po\u0142udniowego Tyrolu.<\/p>\n<p>Dolomiti Superski (12 stacji regionu \u2013 m.in. Alta Badia, Arabba\/Marmolada, Cortina d\u2019Ampezzo, Val Gardena, Val di Fassa i Val di Fiemme z 1220 km tras!) oferuje teraz tzw. DolomitiSuperSun:. od 19 marca do ko\u0144ca sezonu wszyscy, kt\u00f3rzy w obj\u0119tych akcj\u0105 hotelach wykupi\u0105 tygodniowy pobyt, zap\u0142ac\u0105 tylko za 6 nocleg\u00f3w (zamiast za siedem), a 6-dniowy skipass dostan\u0105 w cenie 5-dniowego. Szczeg\u00f3\u0142y promocji na stronie <a href=\"http:\/\/www.dolomitisuperski.com\/en-US\/dolomitiSuperSun-136EN.html  \" target=\"_blank\">DolomitiSuperSun<\/a>.<\/p>\n<p>Z kolei w ramach akcji DolomitiSuperKids dzieci poni\u017cej 8 roku \u017cycia je\u017cd\u017c\u0105 za darmo! Co najwa\u017cniejsze, dotyczy to zar\u00f3wno ski passu, jak hotelu. Starsze (mi\u0119dzy 8 a 12 lat) dostaj\u0105 z kolei 50 proc. zni\u017ck\u0119. Poza tym wszystkie dzieci mog\u0105 teraz liczy\u0107 na bonifikaty w szk\u00f3\u0142kach narciarskich i wypo\u017cyczalniach. Detale na <a href=\"http:\/\/www.dolomitisuperski.com\/en-US\/dolomitiSuperKids-135EN.html \" target=\"_blank\">DolomitiSuperKids<\/a>.<\/p>\n<p>Sam jad\u0119 w\u0142a\u015bnie do Alta Badia korzysta\u0107 z tych promocji \u2013 oraz wzi\u0105\u0107 udzia\u0142 w D\u00e9 dl vin, czyli Wine Ski Safari: pr\u00f3bowaniu potraw i wina z dolin Isarco, Merano-Adige, Venosta, Bolzano i Bassa Atesina- Oltradige. Degustacja odbywa\u0107 si\u0119 ma w g\u00f3rskich schroniskach (na wysoko\u015bci ok. 2000 m n.p.m.) i to w towarzystwie by\u0142ych cz\u0142onk\u00f3w alpejskiej kadry W\u0142och (m.in. Kristiana Ghediny), Nie wiem tylko jeszcze, jak pogodzi\u0107 to z zasad\u0105 niespo\u017cywania na nartach alkoholu.<\/p>\n","protected":false},"excerpt":{"rendered":"<p>\u00a0Od tego weekendu w Dolomitach dzie\u0144 z tygodnia jazdy na nartach lub snowboardzie sp\u0119dza si\u0119 za darmo. To jedna z zalet wiosennych wyjazd\u00f3w na narty i desk\u0119. O tym, \u017ce w\u0142a\u015bnie wiosn\u0105 warto je\u017adzi\u0107 w g\u00f3ry pisa\u0142em tu niedawno (\u201eIdzie wiosna: pora na narty i deski&#8221;, 11 marca b.r.). Oto par\u0119 konkret\u00f3w \u2013 tym razem [&hellip;]<\/p>\n","protected":false},"author":1,"featured_media":0,"comment_status":"open","ping_status":"open","sticky":false,"template":"","format":"standard","meta":{"footnotes":""},"categories":[1],"tags":[],"_links":{"self":[{"href":"https:\/\/blog.polityka.pl\/narty\/wp-json\/wp\/v2\/posts\/536"}],"collection":[{"href":"https:\/\/blog.polityka.pl\/narty\/wp-json\/wp\/v2\/posts"}],"about":[{"href":"https:\/\/blog.polityka.pl\/narty\/wp-json\/wp\/v2\/types\/post"}],"author":[{"embeddable":true,"href":"https:\/\/blog.polityka.pl\/narty\/wp-json\/wp\/v2\/users\/1"}],"replies":[{"embeddable":true,"href":"https:\/\/blog.polityka.pl\/narty\/wp-json\/wp\/v2\/comments?post=536"}],"version-history":[{"count":5,"href":"https:\/\/blog.polityka.pl\/narty\/wp-json\/wp\/v2\/posts\/536\/revisions"}],"predecessor-version":[{"id":538,"href":"https:\/\/blog.polityka.pl\/narty\/wp-json\/wp\/v2\/posts\/536\/revisions\/538"}],"wp:attachment":[{"href":"https:\/\/blog.polityka.pl\/narty\/wp-json\/wp\/v2\/media?parent=536"}],"wp:term":[{"taxonomy":"category","embeddable":true,"href":"https:\/\/blog.polityka.pl\/narty\/wp-json\/wp\/v2\/categories?post=536"},{"taxonomy":"post_tag","embeddable":true,"href":"https:\/\/blog.polityka.pl\/narty\/wp-json\/wp\/v2\/tags?post=536"}],"curies":[{"name":"wp","href":"https:\/\/api.w.org\/{rel}","templated":true}]}}