
{"id":554,"date":"2011-03-27T09:50:56","date_gmt":"2011-03-27T08:50:56","guid":{"rendered":"http:\/\/narty.blog.polityka.pl\/?p=554"},"modified":"2011-03-27T09:50:56","modified_gmt":"2011-03-27T08:50:56","slug":"adam-wielki-i%e2%80%a6-nic-wiecej-2","status":"publish","type":"post","link":"https:\/\/blog.polityka.pl\/narty\/2011\/03\/27\/adam-wielki-i%e2%80%a6-nic-wiecej-2\/","title":{"rendered":"Adam Wielki i\u2026 nic wi\u0119cej"},"content":{"rendered":"<p>Dzia\u0142acze Polskiego Zwi\u0105zku Narciarskiego wesp\u00f3\u0142 z czo\u0142owymi politykami i mas\u0105 rodak\u00f3w fetuj\u0105 na ca\u0142ego pe\u0142n\u0105 sukces\u00f3w \u2013 sportowych i czysto ludzkich \u2013 karier\u0119 Adama Ma\u0142ysza. I s\u0142usznie. Adam jest Wielki. Tyle \u017ce dla polskiego narciarstwa nic z tego nie wynika.<\/p>\n<p>Impreza odbywa si\u0119 w polskim stylu: prezydent, premier i lokalni notablami, tysi\u0105ce fan\u00f3w, fajerwerki i ch\u00f3ralne \u015bpiewy oraz oczywi\u015bcie bezpo\u015brednia transmisja telewizyjna (w\u0142\u0105cznie z odwo\u0142aniem \u201eDobranocki\u201d dla dzieci, by pokaza\u0107 jeden skok). Wojsko za\u015b proponuje, by nad Krokwi\u0105, w bezpo\u015brednim s\u0105siedztwie Tatrza\u0144skeigo Parku Narodowego, urz\u0105dzi\u0107 ku chwale mistrza pokaz\u00a0 ewolucji samolot\u00f3w F16.<br \/>\nA r\u00f3wnocze\u015bnie ten\u017ce PZN odwo\u0142uje Mi\u0119dzynarodowe Mistrzostwa Polski w\u00a0 narciarstwie alpejskim \u2013 zawody maj\u0105ce blisko 80-letni\u0105 tradycj\u0119. Dzia\u0142acze t\u0142umacz\u0105 si\u0119 brakiem \u015bniegu. Tak, jakby nie mo\u017cna by\u0142o przewidzie\u0107, \u017ce w marcu mog\u0105 by\u0107 z nim w Polsce k\u0142opoty i rozegra\u0107 mistrzostwa w styczniu b\u0105d\u017a lutym, gdy prawdopodobie\u0144stwo opad\u00f3w lub mo\u017cliwo\u015bci do\u015bnie\u017cenia tras s\u0105 wi\u0119ksze. Albo te\u017c zwyczajnie zdecydowa\u0107 si\u0119 na urz\u0105dzenie mistrzostw Polski w Alpach (precedensy ju\u017c by\u0142y).<\/p>\n<p>A ta sama TVP od lat nie pokazuje zawod\u00f3w w narciarstwie alpejskim. Ani tych z udzia\u0142em najlepszych, czyli Mistrzostw i Pucharu \u015awiata, ani nawet tych najbardziej widowiskowych i \u201etelewizyjnych\u201d, czyli biegu zjazdowego czy nocnych slalom\u00f3w. Czy w kraju, w kt\u00f3rym na nartach zjazdowych je\u017adzi pono\u0107 5 mln ludzi, transmisje takie faktycznie nie znalaz\u0142yby odbiorc\u00f3w? Wszak przed telewizory widz\u00f3w przyci\u0105gaj\u0105 nie tylko triumfuj\u0105cy rodacy typu Ma\u0142ysza czy Kubicy i has\u0142o \u201ebia\u0142o-czerwoni g\u00f3r\u0105!\u201d , ale te\u017c czasem pi\u0119kno samej dyscypliny i podziw dla mistrz\u00f3w niezale\u017cnie od ich narodowo\u015bci. Nie m\u00f3wi\u0105c o tym, \u017ce Bode Miller czy Lindsey Vonn (a i par\u0119 innych nazwisk z alpejskiego \u015bwiatka) pr\u00f3cz swej sportowej klasy s\u0105 ju\u017c w \u015bwiecie gwiazdami popkultury \u2013 w tym telewizji. TVP jednak che\u0142pi si\u0119 wci\u0105\u017c transmisjami zawod\u00f3w formu\u0142y I i skok\u00f3w w\u0142a\u015bnie \u2013 dyscyplin, kt\u00f3re ze swej natury nie mog\u0105 by\u0107 sportami masowymi.<\/p>\n<p>Sk\u0105din\u0105d podobne rozumowanie cechuje wielu redaktor\u00f3w rubryk sportowych w gazetach (i to tych, kt\u00f3re uznaj\u0105 si\u0119 za powa\u017cne i profesjonalne): albo w og\u00f3le przemilczaj\u0105 temat narciarstwa alpejskiego, albo ograniczaj\u0105 si\u0119 do podanie suchych wynik\u00f3w kolejnych zawod\u00f3w gdzie na dole kolumny swojego pisma. Tymczasem wystarczy por\u00f3wna\u0107, ile miejsca po\u015bwi\u0119caj\u0105 alpejczykom kluczowe tytu\u0142y prasowe Niemiec, Austrii, Francji, W\u0142och czy Stan\u00f3w Zjednoczonych. I jak zajmuj\u0105co pisze si\u0119 tam o wielop\u0142aszczyznowym zjawisku sportowo-kulturowym, kt\u00f3re nie bez powodu nazywane jest \u201ealpejskim cyrkiem\u201d.<\/p>\n<p>Mo\u017ce gdyby polskie media po\u015bwi\u0119ci\u0142y narciarstwu zjazdowemu wi\u0119cej uwagi, uprawia\u0142oby je jeszcze wi\u0119cej rodak\u00f3w, z lepsz\u0105 znajomo\u015bci\u0105 rzeczy i wi\u0119ksz\u0105 kultur\u0105 \u2013 a wi\u0119c bezpieczniej i jeszcze przyjemniej?<\/p>\n","protected":false},"excerpt":{"rendered":"<p>Dzia\u0142acze Polskiego Zwi\u0105zku Narciarskiego wesp\u00f3\u0142 z czo\u0142owymi politykami i mas\u0105 rodak\u00f3w fetuj\u0105 na ca\u0142ego pe\u0142n\u0105 sukces\u00f3w \u2013 sportowych i czysto ludzkich \u2013 karier\u0119 Adama Ma\u0142ysza. I s\u0142usznie. Adam jest Wielki. Tyle \u017ce dla polskiego narciarstwa nic z tego nie wynika. Impreza odbywa si\u0119 w polskim stylu: prezydent, premier i lokalni notablami, tysi\u0105ce fan\u00f3w, fajerwerki i [&hellip;]<\/p>\n","protected":false},"author":1,"featured_media":0,"comment_status":"open","ping_status":"open","sticky":false,"template":"","format":"standard","meta":{"footnotes":""},"categories":[1],"tags":[],"_links":{"self":[{"href":"https:\/\/blog.polityka.pl\/narty\/wp-json\/wp\/v2\/posts\/554"}],"collection":[{"href":"https:\/\/blog.polityka.pl\/narty\/wp-json\/wp\/v2\/posts"}],"about":[{"href":"https:\/\/blog.polityka.pl\/narty\/wp-json\/wp\/v2\/types\/post"}],"author":[{"embeddable":true,"href":"https:\/\/blog.polityka.pl\/narty\/wp-json\/wp\/v2\/users\/1"}],"replies":[{"embeddable":true,"href":"https:\/\/blog.polityka.pl\/narty\/wp-json\/wp\/v2\/comments?post=554"}],"version-history":[{"count":2,"href":"https:\/\/blog.polityka.pl\/narty\/wp-json\/wp\/v2\/posts\/554\/revisions"}],"predecessor-version":[{"id":556,"href":"https:\/\/blog.polityka.pl\/narty\/wp-json\/wp\/v2\/posts\/554\/revisions\/556"}],"wp:attachment":[{"href":"https:\/\/blog.polityka.pl\/narty\/wp-json\/wp\/v2\/media?parent=554"}],"wp:term":[{"taxonomy":"category","embeddable":true,"href":"https:\/\/blog.polityka.pl\/narty\/wp-json\/wp\/v2\/categories?post=554"},{"taxonomy":"post_tag","embeddable":true,"href":"https:\/\/blog.polityka.pl\/narty\/wp-json\/wp\/v2\/tags?post=554"}],"curies":[{"name":"wp","href":"https:\/\/api.w.org\/{rel}","templated":true}]}}