
{"id":557,"date":"2011-03-30T09:40:13","date_gmt":"2011-03-30T08:40:13","guid":{"rendered":"http:\/\/narty.blog.polityka.pl\/?p=557"},"modified":"2011-03-30T13:04:58","modified_gmt":"2011-03-30T12:04:58","slug":"fala-lawin","status":"publish","type":"post","link":"https:\/\/blog.polityka.pl\/narty\/2011\/03\/30\/fala-lawin\/","title":{"rendered":"Fala lawin"},"content":{"rendered":"<p>Dwa ostatnie weekendy by\u0142y, je\u015bli chodzi o wypadki lawinowe,\u00a0najgorszymi od wielu lat \u2013 alarmuj\u0105 g\u00f3rskie s\u0142u\u017cby ratownicze z Francji i Szwajcarii. Faktycznie: w serii lawin w tamtejszych Alpach w drugiej po\u0142owie marca zgin\u0119\u0142o a\u017c 13 os\u00f3b. Znamienne, \u017ce w\u015br\u00f3d ofiar byli te\u017c do\u015bwiadczeni narciarze, a nawet ratownicy g\u00f3rscy.<\/p>\n<p>Najpierw w ci\u0105gu trzech dni weekendu mi\u0119dzy 18 a 20 marca w Alpach francuskich w dziewi\u0119ciu r\u00f3\u017cnych miejscach (w tym znanych w Polsce kurortach Val d\u2019Isere, Les Arcs, La Norma i Meribel) w lawinach zgin\u0119\u0142o o\u015bmiu narciarzy, czterech zosta\u0142o rannych, a jedn\u0105 osob\u0119 uznano za zaginion\u0105.<\/p>\n<p>Jednego z zasypanych wprawdzie odkopano spod \u015bniegu, mia\u0142 bowiem detektor lawinowy Pieps, jednak reanimacja na nic si\u0119 zda\u0142a.\u00a0 Cia\u0142a jednej z ofiar nie uda\u0142o si\u0119 odnale\u017a\u0107. Za zaginionego uznano Rosjanina, kt\u00f3ry samotnie zje\u017cd\u017ca\u0142 poza trasami z Mont du Vallon w Trzech Dolinach \u2013 \u015bwiadkowie widzieli tylko, jak poch\u0142on\u0119\u0142a go olbrzymia lawina; ratownicy oceniaj\u0105, \u017ce jej czo\u0142o ma ok. 5 metr\u00f3w wysoko\u015bci; na dodatek lawinisko znajduje si\u0119 w terenie wci\u0105\u017c niebezpiecznym.<\/p>\n<p><a href=\"\/wp-content\/uploads\/\/2011\/03\/Avalanche-Meribel.jpg\"><img loading=\"lazy\" decoding=\"async\" title=\"Avalanche Meribel\" src=\"\/wp-content\/uploads\/\/2011\/03\/Avalanche-Meribel.jpg\" alt=\"\" width=\"240\" height=\"157\" \/><\/a>\u00a0<em>Lawinisko w Mont du Vallon (fot. Niall Mc Kelvie, PisteHors.com)<\/em><\/p>\n<p>Ofiary to mi\u0142o\u015bnicy freeride\u2019u lub skitouringu, ale tak\u017ce zawodowy ratownik g\u00f3rski (zosta\u0142 porwany przez lawin\u0119 razem z trzema innymi cz\u0142onkami profesjonalnego patrolu narciarskiego i zgin\u0105\u0142 od samego uderzenia \u015bniegu, jego towarzyszom uda\u0142o si\u0119 uratowa\u0107).<\/p>\n<p>Wielkie lawiny zesz\u0142y tak\u017ce w kilku innych miejscach (m.in. w Val Thorens), szcz\u0119\u015bliwie jednak najprawdopodobniej nikt nie znalaz\u0142 si\u0119 w ich zasi\u0119gu.<\/p>\n<p>W sumie w Alpach francuskich lawiny poch\u0142on\u0119\u0142y ju\u017c w tym sezonie 25 os\u00f3b.<\/p>\n<p>Z kolei podczas minionego weekendu lawina na zachodnim zboczu Croix de Tsousse w szwajcarskim kantonie Valais poch\u0142on\u0119\u0142a 11-osobow\u0105 grup\u0119 cz\u0142onk\u00f3w Francuskiego Klubu Alpejskiego. Siedmiu z nich porusza\u0142o si\u0119 na rakietach \u015bnie\u017cnych, dw\u00f3ch na nartach tourowych. Pod \u015bniegiem znalaz\u0142o si\u0119 a\u017c 10 os\u00f3b \u2013 jednemu z uczestnik\u00f3w wyprawy uda\u0142o si\u0119 uciec przed \u015bniegiem i to on zawiadomi\u0142 s\u0142u\u017cby ratownicze. W akcji bra\u0142o udzia\u0142 a\u017c 10 helikopter\u00f3w, 20 do\u015bwiadczonych zespo\u0142\u00f3w ratowniczych i 8 ps\u00f3w lawinowych. Lawinisko mia\u0142o 300 metr\u00f3w d\u0142ugo\u015bci i 40 metr\u00f3w szeroko\u015bci. Wszyscy zasypani mieli detektory Pieps, mimo to uda\u0142o si\u0119 odkopa\u0107 tylko dziewi\u0119ciu z nich (jedn\u0105 osob\u0119 uznano w efekcie za zaginion\u0105) \u2013 z kt\u00f3rych 4 by\u0142y martwe, a 5 powa\u017cnie rannych. W tej okolicy zagro\u017cenie lawinowe okre\u015blano tego dnia na 3\/5 (cho\u0107 tyczy\u0142o to nieco wy\u017cszych partii g\u00f3r ni\u017c ta, po kt\u00f3rej sz\u0142a feralna grupa).<\/p>\n<p>Znamienne, \u017ce do niekt\u00f3rych z wypadk\u00f3w dosz\u0142o na popularnych trasach skitourowych. Lawiny schodzi\u0142y przy tym nawet na niezbyt stromych (poni\u017cej 30 stopni nachylenia) stokach. R\u00f3wnocze\u015bnie w wielu stacjach og\u0142oszony by\u0142 w\u0142a\u015bnie trzeci (z pi\u0119ciu) \u2013 czyli znaczny \u2013 stopie\u0144 zagro\u017cenia lawinowego. Praktycznie od pocz\u0105tku sezonu eksperci przestrzegaj\u0105, \u017ce z racji sekwencji pogody jest on wyj\u0105tkowo niebezpieczny: praktycznie wsz\u0119dzie pod\u0142o\u017ce jest twarde i zlodzone, ewentualne opady \u015bwie\u017cego \u015bniegu nie maj\u0105 szans, by si\u0119 z nim zwi\u0105za\u0107, a silne wiatry tworz\u0105 gro\u017ane nawisy lub te\u017c wype\u0142niaj\u0105 \u017cleby i miejsca wkl\u0119s\u0142e lu\u017anym \u015bniegiem.<br \/>\n<a href=\"\/wp-content\/uploads\/\/2011\/03\/Avalanche-Meribel.jpg\"><\/a><\/p>\n","protected":false},"excerpt":{"rendered":"<p>Dwa ostatnie weekendy by\u0142y, je\u015bli chodzi o wypadki lawinowe,\u00a0najgorszymi od wielu lat \u2013 alarmuj\u0105 g\u00f3rskie s\u0142u\u017cby ratownicze z Francji i Szwajcarii. Faktycznie: w serii lawin w tamtejszych Alpach w drugiej po\u0142owie marca zgin\u0119\u0142o a\u017c 13 os\u00f3b. Znamienne, \u017ce w\u015br\u00f3d ofiar byli te\u017c do\u015bwiadczeni narciarze, a nawet ratownicy g\u00f3rscy. Najpierw w ci\u0105gu trzech dni weekendu mi\u0119dzy [&hellip;]<\/p>\n","protected":false},"author":1,"featured_media":0,"comment_status":"open","ping_status":"open","sticky":false,"template":"","format":"standard","meta":{"footnotes":""},"categories":[1],"tags":[],"_links":{"self":[{"href":"https:\/\/blog.polityka.pl\/narty\/wp-json\/wp\/v2\/posts\/557"}],"collection":[{"href":"https:\/\/blog.polityka.pl\/narty\/wp-json\/wp\/v2\/posts"}],"about":[{"href":"https:\/\/blog.polityka.pl\/narty\/wp-json\/wp\/v2\/types\/post"}],"author":[{"embeddable":true,"href":"https:\/\/blog.polityka.pl\/narty\/wp-json\/wp\/v2\/users\/1"}],"replies":[{"embeddable":true,"href":"https:\/\/blog.polityka.pl\/narty\/wp-json\/wp\/v2\/comments?post=557"}],"version-history":[{"count":5,"href":"https:\/\/blog.polityka.pl\/narty\/wp-json\/wp\/v2\/posts\/557\/revisions"}],"predecessor-version":[{"id":561,"href":"https:\/\/blog.polityka.pl\/narty\/wp-json\/wp\/v2\/posts\/557\/revisions\/561"}],"wp:attachment":[{"href":"https:\/\/blog.polityka.pl\/narty\/wp-json\/wp\/v2\/media?parent=557"}],"wp:term":[{"taxonomy":"category","embeddable":true,"href":"https:\/\/blog.polityka.pl\/narty\/wp-json\/wp\/v2\/categories?post=557"},{"taxonomy":"post_tag","embeddable":true,"href":"https:\/\/blog.polityka.pl\/narty\/wp-json\/wp\/v2\/tags?post=557"}],"curies":[{"name":"wp","href":"https:\/\/api.w.org\/{rel}","templated":true}]}}