
{"id":5623,"date":"2019-02-02T11:52:19","date_gmt":"2019-02-02T10:52:19","guid":{"rendered":"http:\/\/narty.blog.polityka.pl\/?p=5623"},"modified":"2019-02-03T07:48:16","modified_gmt":"2019-02-03T06:48:16","slug":"na-poludniu-alp-posypalo","status":"publish","type":"post","link":"https:\/\/blog.polityka.pl\/narty\/2019\/02\/02\/na-poludniu-alp-posypalo\/","title":{"rendered":"Na po\u0142udniu Alp posypa\u0142o"},"content":{"rendered":"<p>Po po\u0142udniowej stronie Alp wreszcie mocno sypn\u0119\u0142o! Przyk\u0142adowo w stacjach zimowych Lombardii (czyli Alpach Retyckich) Santa Caterinie, Bormio i Livigno \u015bnieg pada\u0142 bez ustanku przez ponad 30 godzin.<br \/>\n<!--more--><br \/>\nTej zimy do tej pory \u015bnie\u017cnie by\u0142o g\u0142\u00f3wnie w kurortach po p\u00f3\u0142nocnej stronie g\u0142\u00f3wnej grani Alp. Te po stronie po\u0142udniowej mog\u0142y nieco narzeka\u0107.<\/p>\n<p>Wprawdzie w mijaj\u0105cym tygodniu warunki narciarskie na stokach Santa Cateriny, Bormio i Livigno by\u0142y wy\u015bmienite, tyle \u017ce wynika\u0142o to nie z ilo\u015bci zalegaj\u0105cego na zboczach \u015bniegu, lecz z innych czynnik\u00f3w.<\/p>\n<p>I tak w wysoko po\u0142o\u017conej (1750 m n.p.m.) Santa Caterinie \u015bniegu oczywi\u015bcie by\u0142o pod dostatkiem, ale swoje robi\u0142 g\u0142\u00f3wnie mikroklimat tej po\u0142o\u017conej na kra\u0144cu doliny Valfurva wioski, wysoko\u015b\u0107 tamtejszych teren\u00f3w narciarskich (je\u017adzi si\u0119 zasadniczo powy\u017cej 2000 m \u2013 i to do niemal 2900 m n.p.m.) i wreszcie fakt, \u017ce szcz\u0119\u015bliwie na trasach nie ma t\u0142um\u00f3w.<\/p>\n<div id=\"attachment_5624\" style=\"width: 4138px\" class=\"wp-caption alignnone\"><a href=\"\/wp-content\/uploads\/\/2019\/02\/20190130_161604.jpg\"><img loading=\"lazy\" decoding=\"async\" aria-describedby=\"caption-attachment-5624\" class=\"size-full wp-image-5624\" src=\"\/wp-content\/uploads\/\/2019\/02\/20190130_161604.jpg\" alt=\"\" width=\"4128\" height=\"3096\" srcset=\"\/narty\/wp-content\/uploads\/2019\/02\/20190130_161604.jpg 4128w, \/narty\/wp-content\/uploads\/2019\/02\/20190130_161604-300x225.jpg 300w, \/narty\/wp-content\/uploads\/2019\/02\/20190130_161604-768x576.jpg 768w, \/narty\/wp-content\/uploads\/2019\/02\/20190130_161604-1024x768.jpg 1024w\" sizes=\"(max-width: 4128px) 100vw, 4128px\" \/><\/a><p id=\"caption-attachment-5624\" class=\"wp-caption-text\">Tzw. Sunny Valley w Santa Caterina Valfurva, \u015broda 30 stycznia<\/p><\/div>\n<p>W Bormio z kolei na klas\u0119 cz\u0119\u015bci tras sk\u0142ada\u0142o si\u0119 wci\u0105\u017c ich przygotowanie na rozgrywany tam pod koniec grudnia zjazd alpejskiego Pucharu \u015awiata m\u0119\u017cczyzn. W samym mie\u015bcie i na po\u0142udniowych stokach wok\u00f3\u0142 niego \u015bniegu bowiem by\u0142y \u015bladowe tylko ilo\u015bci. W Livigno \u015bniegu te\u017c by\u0142a moc, ale i tu najwa\u017cniejsze by\u0142y niskie temperatury.<\/p>\n<p>Nie bez powodu wi\u0119c gospodarze stacji t\u0119sknie czekali na opady. I si\u0119 doczekali. Zacz\u0119\u0142o sypa\u0107 \u2013 i to intensywnie \u2013 ju\u017c w czwartek po po\u0142udniu. I nie przesta\u0142o a\u017c do soboty rano. Pojawi\u0142y si\u0119 obawy o przejezdno\u015b\u0107 trasy wiod\u0105cej na p\u00f3\u0142nocn\u0105 stron\u0119 Alp (przez tunel Munt La Schera) \u2013 p\u0142ugi pracowa\u0142y wi\u0119c intensywnie tak\u017ce w trakcie samego opadu (wida\u0107 tylko w Polsce obowi\u0105zuje teza, jakoby od\u015bnie\u017canie dr\u00f3g mia\u0142o sens dopiero, gdy \u015bnieg przestanie sypa\u0107).<\/p>\n<div id=\"attachment_5625\" style=\"width: 4138px\" class=\"wp-caption alignnone\"><a href=\"\/wp-content\/uploads\/\/2019\/02\/20190201_160650.jpg\"><img loading=\"lazy\" decoding=\"async\" aria-describedby=\"caption-attachment-5625\" class=\"size-full wp-image-5625\" src=\"\/wp-content\/uploads\/\/2019\/02\/20190201_160650.jpg\" alt=\"\" width=\"4128\" height=\"3096\" srcset=\"\/narty\/wp-content\/uploads\/2019\/02\/20190201_160650.jpg 4128w, \/narty\/wp-content\/uploads\/2019\/02\/20190201_160650-300x225.jpg 300w, \/narty\/wp-content\/uploads\/2019\/02\/20190201_160650-768x576.jpg 768w, \/narty\/wp-content\/uploads\/2019\/02\/20190201_160650-1024x768.jpg 1024w\" sizes=\"(max-width: 4128px) 100vw, 4128px\" \/><\/a><p id=\"caption-attachment-5625\" class=\"wp-caption-text\">Droga z po\u0142udniowej na na p\u00f3\u0142nocn\u0105 stron\u0119 Alp (odcinek pomi\u0119dzy Livigno i tunelem Munt La Schera a szwajcarskim Zernez), pi\u0105tek 1 lutego<\/p><\/div>\n<p>Co najwa\u017cniejsze, teraz r\u00f3wnie\u017c po po\u0142udniowej stronie Alp \u015bniegu jest pod dostatkiem. A mo\u017ce nawet g\u0142\u00f3wnie tam, bo kiedy w pi\u0105tek jecha\u0142em z Santa Cateriny przez Garmisch-Partenkirchen, to w tej s\u0142ynnym niemieckim o\u015brodku zimowym temperatura si\u0119ga\u0142a 4 st. Celsjusza.<\/p>\n<p>PS. Ale ju\u017c sobotnie zawody Pucharu \u015awiata m\u0119\u017cczyzn w GaPa trzeba by\u0142o odwo\u0142a\u0107. Z powodu silnych opad\u00f3w oczywi\u015bcie&#8230; Dotar\u0142y one wi\u0119c i na g\u0142\u0119bok\u0105 alpejsk\u0105 p\u00f3\u0142noc.<\/p>\n","protected":false},"excerpt":{"rendered":"<p>Po po\u0142udniowej stronie Alp wreszcie mocno sypn\u0119\u0142o! Przyk\u0142adowo w stacjach zimowych Lombardii (czyli Alpach Retyckich) Santa Caterinie, Bormio i Livigno \u015bnieg pada\u0142 bez ustanku przez ponad 30 godzin.<\/p>\n","protected":false},"author":1,"featured_media":0,"comment_status":"open","ping_status":"closed","sticky":false,"template":"","format":"standard","meta":{"footnotes":""},"categories":[1],"tags":[204],"_links":{"self":[{"href":"https:\/\/blog.polityka.pl\/narty\/wp-json\/wp\/v2\/posts\/5623"}],"collection":[{"href":"https:\/\/blog.polityka.pl\/narty\/wp-json\/wp\/v2\/posts"}],"about":[{"href":"https:\/\/blog.polityka.pl\/narty\/wp-json\/wp\/v2\/types\/post"}],"author":[{"embeddable":true,"href":"https:\/\/blog.polityka.pl\/narty\/wp-json\/wp\/v2\/users\/1"}],"replies":[{"embeddable":true,"href":"https:\/\/blog.polityka.pl\/narty\/wp-json\/wp\/v2\/comments?post=5623"}],"version-history":[{"count":5,"href":"https:\/\/blog.polityka.pl\/narty\/wp-json\/wp\/v2\/posts\/5623\/revisions"}],"predecessor-version":[{"id":5631,"href":"https:\/\/blog.polityka.pl\/narty\/wp-json\/wp\/v2\/posts\/5623\/revisions\/5631"}],"wp:attachment":[{"href":"https:\/\/blog.polityka.pl\/narty\/wp-json\/wp\/v2\/media?parent=5623"}],"wp:term":[{"taxonomy":"category","embeddable":true,"href":"https:\/\/blog.polityka.pl\/narty\/wp-json\/wp\/v2\/categories?post=5623"},{"taxonomy":"post_tag","embeddable":true,"href":"https:\/\/blog.polityka.pl\/narty\/wp-json\/wp\/v2\/tags?post=5623"}],"curies":[{"name":"wp","href":"https:\/\/api.w.org\/{rel}","templated":true}]}}