
{"id":597,"date":"2011-04-12T07:19:42","date_gmt":"2011-04-12T06:19:42","guid":{"rendered":"http:\/\/narty.blog.polityka.pl\/?p=597"},"modified":"2011-04-12T11:36:42","modified_gmt":"2011-04-12T10:36:42","slug":"nizsi-przedwczesnie-koncza-ale-reszta-dziala","status":"publish","type":"post","link":"https:\/\/blog.polityka.pl\/narty\/2011\/04\/12\/nizsi-przedwczesnie-koncza-ale-reszta-dziala\/","title":{"rendered":"Ni\u017csi przedwcze\u015bnie ko\u0144cz\u0105 (ale reszta dzia\u0142a)"},"content":{"rendered":"<p>Niekt\u00f3rzy fachowcy od pogody w Alpach twierdz\u0105, \u017ce pod wzgl\u0119dem opad\u00f3w \u015bniegu obecny sezon jest najgorszy od\u2026 40 lat. Nie bez powodu podczas minionego weekendu niekt\u00f3re z ni\u017cej po\u0142o\u017conych stacji zimowych musia\u0142y przedwcze\u015bnie zako\u0144czy\u0107 dzia\u0142alno\u015b\u0107. Na szcz\u0119\u015bcie jest jeszcze wiele miejsc, w kt\u00f3rych mo\u017cna na nartach lub desce ca\u0142kiem nie\u017ale poje\u017adzi\u0107.<\/p>\n<p>Wedle statystyk w wi\u0119kszo\u015bci z miesi\u0119cy mijaj\u0105cej zimy (bo w styczniu, marcu i kwietniu) zanotowano rekordowo wysokie temperatury. W efekcie tak\u017ce w szczytowych partiach g\u00f3r (powy\u017cej 2000 m n.p.m.) miast \u015bniegu pada\u0142 deszcz. Pustoszy\u0142 on na dodatek tak\u017ce trasy przygotowane przy pomocy armatek (sk\u0105din\u0105d w tym roku wymaga\u0142o to sporo trudu i wi\u0119kszych ni\u017c zwykle nak\u0142ad\u00f3w \u2013 przyczyn\u0105 by\u0142y w\u0142a\u015bnie temperatury).<\/p>\n<p>Przyk\u0142adowo, 10 dni przed planowanym terminem przesta\u0142 dzia\u0142a\u0107 znany i w Polsce kurort Les 7 Laux w okolicach Grenoble.<\/p>\n<p>W wielu miejscach wci\u0105\u017c jednak panuj\u0105 niezgorsze warunki. Naturalnie najpewniejsze s\u0105 stacje w pobli\u017cu lodowc\u00f3w. W Alpach francuskich s\u0105 to chocia\u017cby Tignes i Val d\u2019Isere (tzw. Espace Killy), oferuj\u0105ce, pr\u00f3cz zwyk\u0142ych tras, a\u017c dwa tereny lodowcowe (Grande Motte i Pissaillas), Val Thorens (z lodowcem P\u00e9clet), La Plagne (z Bellec\u00f4te) czy Les Deux Alpes.<\/p>\n<p><a href=\"\/wp-content\/uploads\/\/2011\/04\/Stubai_Glacier_02-m.jpg\"><img loading=\"lazy\" decoding=\"async\" class=\"alignnone size-medium wp-image-600\" title=\"Stubai_Glacier_02 m\" src=\"\/wp-content\/uploads\/\/2011\/04\/Stubai_Glacier_02-m-300x191.jpg\" alt=\"\" width=\"300\" height=\"191\" srcset=\"\/narty\/wp-content\/uploads\/2011\/04\/Stubai_Glacier_02-m-300x191.jpg 300w, \/narty\/wp-content\/uploads\/2011\/04\/Stubai_Glacier_02-m.jpg 555w\" sizes=\"(max-width: 300px) 100vw, 300px\" \/><\/a>\u00a0<em>Wiosenne narty na lodowcu Stubai<\/em><\/p>\n<p>W Austrii pewniakiem s\u0105 naturalnie lodowce Tyrolu: S\u00f6lden (r\u00f3wnie\u017c z dwoma terenami lodowcowymi Rettenbach i Tiefenbach), Stubai (najwi\u0119kszy lodowcowy teren narciarski w Austrii), Pitztal (zapewne w tym sezonie szczeg\u00f3lnie przyda\u0142 si\u0119 Snow Maker System, o kt\u00f3rym kilkakrotnie tu pisa\u0142em m.in. <a href=\"http:\/\/narty.blog.polityka.pl\/2009\/10\/09\/snowmaker-ratuje-sytuacje\/\" target=\"_blank\">\u201e\u015awietny \u015bnieg z Izraela\u201d<\/a>, 9 pa\u017adziernika 2009 r.), Hintertux i Kaunertal. \u00a0Podobno (jeszcze nie mia\u0142em okazji sprawdzi\u0107) przednim miejscem jest te\u017c M\u00f6lltaler Gletscher w Karyntii.<\/p>\n<p>W Szwajcarii pr\u00f3cz Zermatt (a po w\u0142oskiej stronie granicy Cervinia) z tzw. Matterhorn Glacier Paradise, warty uwagi jest kameralny, ale pi\u0119kny widokowo Les Diablerets (region Jeziora Genewskiego).<\/p>\n<p>Wreszcie we W\u0142oszech \u015bnieg na pewno jest na Hochjoch nad Maso Corto\/Kurzras (to Po\u0142udniowy Tyrol) oraz na lodowcu Presena (okolice kompleksu narciarskiego Ponte di Legno\/Tonale 1800\/Aprica).<\/p>\n<p>Bez obaw mo\u017cna te\u017c wybra\u0107 si\u0119 do stacji s\u0142yn\u0105cych z dobrego mikroklimatu \u2013 przyk\u0142adowo do Livigno na granicy w\u0142osko-szwajcarskiej czy do Santa Caterina Valfurva (na przeciwleg\u0142ym kra\u0144cu doliny Alta Valtelina). Albo do r\u00f3wnie pi\u0119knej (i te\u017c wysoko i specyficznie po\u0142o\u017conej) Soldy\/Sulden (to znowu Po\u0142udniowy Tyrol).<\/p>\n<p>Co wi\u0119cej, w wielu miejscach og\u0142oszono ju\u017c tzw. niski sezon (czyli korzystne ceny skipass\u00f3w) albo ofert\u0119 \u201efree ski\u201d (czyli karnet w cenie zakwaterowania) \u2013 a gdzieniegdzie zni\u017cki tego rodzaju obowi\u0105zywa\u0107 maj\u0105 nawet podczas \u015awi\u0105t!<\/p>\n","protected":false},"excerpt":{"rendered":"<p>Niekt\u00f3rzy fachowcy od pogody w Alpach twierdz\u0105, \u017ce pod wzgl\u0119dem opad\u00f3w \u015bniegu obecny sezon jest najgorszy od\u2026 40 lat. Nie bez powodu podczas minionego weekendu niekt\u00f3re z ni\u017cej po\u0142o\u017conych stacji zimowych musia\u0142y przedwcze\u015bnie zako\u0144czy\u0107 dzia\u0142alno\u015b\u0107. Na szcz\u0119\u015bcie jest jeszcze wiele miejsc, w kt\u00f3rych mo\u017cna na nartach lub desce ca\u0142kiem nie\u017ale poje\u017adzi\u0107. Wedle statystyk w wi\u0119kszo\u015bci [&hellip;]<\/p>\n","protected":false},"author":1,"featured_media":0,"comment_status":"open","ping_status":"open","sticky":false,"template":"","format":"standard","meta":{"footnotes":""},"categories":[1],"tags":[],"_links":{"self":[{"href":"https:\/\/blog.polityka.pl\/narty\/wp-json\/wp\/v2\/posts\/597"}],"collection":[{"href":"https:\/\/blog.polityka.pl\/narty\/wp-json\/wp\/v2\/posts"}],"about":[{"href":"https:\/\/blog.polityka.pl\/narty\/wp-json\/wp\/v2\/types\/post"}],"author":[{"embeddable":true,"href":"https:\/\/blog.polityka.pl\/narty\/wp-json\/wp\/v2\/users\/1"}],"replies":[{"embeddable":true,"href":"https:\/\/blog.polityka.pl\/narty\/wp-json\/wp\/v2\/comments?post=597"}],"version-history":[{"count":5,"href":"https:\/\/blog.polityka.pl\/narty\/wp-json\/wp\/v2\/posts\/597\/revisions"}],"predecessor-version":[{"id":603,"href":"https:\/\/blog.polityka.pl\/narty\/wp-json\/wp\/v2\/posts\/597\/revisions\/603"}],"wp:attachment":[{"href":"https:\/\/blog.polityka.pl\/narty\/wp-json\/wp\/v2\/media?parent=597"}],"wp:term":[{"taxonomy":"category","embeddable":true,"href":"https:\/\/blog.polityka.pl\/narty\/wp-json\/wp\/v2\/categories?post=597"},{"taxonomy":"post_tag","embeddable":true,"href":"https:\/\/blog.polityka.pl\/narty\/wp-json\/wp\/v2\/tags?post=597"}],"curies":[{"name":"wp","href":"https:\/\/api.w.org\/{rel}","templated":true}]}}