
{"id":604,"date":"2011-04-15T07:03:51","date_gmt":"2011-04-15T06:03:51","guid":{"rendered":"http:\/\/narty.blog.polityka.pl\/?p=604"},"modified":"2011-04-13T09:24:34","modified_gmt":"2011-04-13T08:24:34","slug":"ten-skok-z-kasprowego%e2%80%a6","status":"publish","type":"post","link":"https:\/\/blog.polityka.pl\/narty\/2011\/04\/15\/ten-skok-z-kasprowego%e2%80%a6\/","title":{"rendered":"Ten skok z Kasprowego\u2026"},"content":{"rendered":"<p>Niemal ka\u017cdy, kto wje\u017cd\u017ca kolejk\u0105 linow\u0105 na Kasprowy Wierch zna t\u0119 opowie\u015b\u0107: oto podczas jeden z zakopia\u0144skich kurier\u00f3w podziemia mia\u0142 na widok czekaj\u0105cych na peronie g\u00f3rnej stacj\u0105 gestapowc\u00f3w wyskoczy\u0107 z jad\u0105cego wagonika i pu\u015bci\u0107 si\u0119 na nartach kuluarem p\u00f3\u0142nocnego zbocza \u2013 tzw. \u017blebem pod Palcem. Niemcy strzelali, ale chybili (niekt\u00f3re wersje m\u00f3wi\u0142y te\u017c o psach puszczonych w pogoni za uciekinierem, kt\u00f3re zabra\u0142a lawina). A odwa\u017cny kurier prze\u017cy\u0142 wojn\u0119 i zosta\u0142 ratownikiem.<\/p>\n<p>Sam te\u017c wielekro\u0107 ogl\u0105da\u0142em z wagonika ten \u017cleb, zastanawiaj\u0105c si\u0119, jak mo\u017cna nim zjecha\u0107 i to jeszcze w\u015br\u00f3d gradu kul.<\/p>\n<p><a href=\"\/wp-content\/uploads\/\/2011\/04\/Kapsrowy-\u017cleb-okimages.jpg\"><img loading=\"lazy\" decoding=\"async\" class=\"alignnone size-full wp-image-606\" title=\"Kapsrowy \u017cleb okimages\" src=\"\/wp-content\/uploads\/\/2011\/04\/Kapsrowy-\u017cleb-okimages.jpg\" alt=\"\" width=\"111\" height=\"79\" \/><\/a>\u00a0<em>G\u00f3rna stacja kolejki na Kasprowy i p\u00f3\u0142nocny \u017cleb<\/em><\/p>\n<p>I dopiero teraz trafi\u0142a mi w r\u0119ce ksi\u0105\u017cka, kt\u00f3ra wyja\u015bnia zagadk\u0119. To \u201eSklep potrzeb kulturalnych\u201d \u2013 zbi\u00f3r opowie\u015bci o Podhalu, Tatrach i g\u00f3ralach autorstwa Antoniego Kroha, pisarza, t\u0142umacza (ach, ta nowa wersja los\u00f3w dobrego \u017co\u0142nierza Szwejka) i etnografa, wielkiego mi\u0142o\u015bnika tego regionu i jego mieszka\u0144c\u00f3w.\u00a0<\/p>\n<p>Jako \u017ce fraza Antoniego Kroha jest mistrzowska, najlepiej po prostu zacytowa\u0107 to, co pisze o skoku z kolejki na Kasprowy:<\/p>\n<p>\u201eHistoria ta, chocia\u017c przebrana w kostium akowsko-kurierski, ma wszelkie cechy ludowo-m\u0142odopolskiej legendy zb\u00f3jnickiej. Odwo\u0142uje si\u0119 do rzeczy powszechnie znanych i lubianych; mo\u017ce dlatego zdoby\u0142a sobie tak wielk\u0105 popularno\u015b\u0107. Ma charakterystyczn\u0105 stylistyk\u0119 i dramaturgi\u0119: wyst\u0119puje w niej zwyci\u0119ski heros, oprawcy, ska\u0142y, rzecz dzieje si\u0119 w miejscu doskonale widocznym i ogromnie malowniczym, do tego wyj\u0105tkowo \u015btrybnym, czyli niebezpiecznie stromym, a\u017c ludziom g\u0119by same otwieraj\u0105 si\u0119 z podziwu. Rozga\u0142\u0119zi\u0142a si\u0119 w wiele ustnych wersji, opowiadanych przez przewodnik\u00f3w i pracownik\u00f3w kolejki. Ma spor\u0105 literatur\u0119: wywiady z bohaterem, relacje naocznych \u015bwiadk\u00f3w, beletrystyka, czytanka szkolna, nawet fragment filmu.<\/p>\n<p>Zna\u0142em j\u0105 wcze\u015bniej, jak ka\u017cdy Polak interesuj\u0105cy si\u0119 g\u00f3rami, ale bezpo\u015bredni\u0105 znajomo\u015b\u0107 z ni\u0105 zawar\u0142em w par\u0119 miesi\u0119cy po przyj\u015bciu do Muzeum Tatrza\u0144skiego. By\u0142em nowy. Jak wiadomo, z nowego nale\u017cy przynajmniej raz zrobi\u0107 durnia, taki panuje obyczaj, na przyk\u0142ad nowego ucznia posy\u0142a si\u0119 do pokoju nauczycielskiego po cosinus, a potem \u015bmiechu co niemiara. Kto\u015b wskaza\u0142 mi m\u0119\u017cczyzn\u0119 w goprowskiej kurtce, \u017ce to w\u0142a\u015bnie on wyskoczy\u0142 z kolejki, wi\u0119c \u017cebym jako historyk wypyta\u0142 go o szczeg\u00f3\u0142y i opracowa\u0142 to naukowo. Niewiele my\u015bl\u0105c, podbieg\u0142em do cz\u0142owieka, przedstawi\u0142em si\u0119 i poprosi\u0142em o spotkanie, bo chcia\u0142bym ustali\u0107 pewne fakty, zwi\u0105zane z jego s\u0142ynnym wyczynem. Spojrza\u0142 na mnie uwa\u017cnie, poduma\u0142 chwil\u0119, sapn\u0105\u0142, spr\u0119\u017cy\u0142 si\u0119 wewn\u0119trznie, a nast\u0119pnie zapyta\u0142, czy chc\u0119 w mord\u0119. \u2014 Dzi\u0119kuj\u0119, nie \u2014 odpowiedzia\u0142em uprzejmie. Na tym zako\u0144czy\u0142a si\u0119 rozmowa, pozostawiaj\u0105c zrozumia\u0142e uczucie niedosytu.<\/p>\n<p>Wi\u0119c nast\u0119pnego dnia poprosi\u0142em R\u00f3\u017c\u0119 Drojeck\u0105, wspania\u0142\u0105 gadu\u0142\u0119, wiele jej zawdzi\u0119czam, aby zechcia\u0142a mi wyja\u015bni\u0107, czemu\u017c to m\u00f3j rozm\u00f3wca tak si\u0119 roze\u017ali\u0142. I us\u0142ysza\u0142em, co nast\u0119puje:<\/p>\n<p>J\u00f3zek by\u0142 bardzo przystojnym ch\u0142opcem i \u015bwietnym narciarzem. Gdyby nie wojna, na pewno zosta\u0142by olimpijczykiem. Baby na niego lecia\u0142y, jeszcze jak. Na Kasprowym Wierchu by\u0142 posterunek niemieckiej stra\u017cy granicznej, dowodzi\u0142 nim jaki\u015b poczciwy Tyrolczyk, kt\u00f3ry mia\u0142 c\u00f3rk\u0119. No i zgadnij, drogi Antosiu, co by\u0142o dalej. No, w\u0142a\u015bnie. Stary wynyka\u0142, \u017ce jego c\u00f3rka kr\u0119ci z J\u00f3zkiem, dowiedzia\u0142 si\u0119 co za jeden, dopad\u0142 go na Krup\u00f3wkach i odby\u0142 z nim zasadnicz\u0105 rozmow\u0119. Chcia\u0142 rzecz za\u0142atwi\u0107 jasno i uczciwie. Powiedzia\u0142, \u017ce osobi\u015bcie nic do niego nie ma, nie ma te\u017c nic przeciwko Polakom, ale jest wojna; je\u015bli gestapo si\u0119 dowie, to dziewczyna sko\u0144czy w O\u015bwi\u0119cimiu za mieszanie ras, J\u00f3zka rozwal\u0105, a on sam pojedzie na front wschodni, sk\u0105d jak wiadomo si\u0119 nie wraca. Wi\u0119c je\u015bli kochasz dziewczyn\u0119, to jej nie nara\u017caj. Sko\u0144czy si\u0119 wojna, to r\u00f3bcie sobie co chcecie, ale teraz poczekajcie. Nie ty jeden j\u0105 kochasz.<\/p>\n<p>By\u0142o to bardzo rozs\u0105dne postawienie sprawy, ale gadaj-\u017ce tu z m\u0142odym o rozs\u0105dku, a jeszcze w tych kwestiach. Zreszt\u0105, gdyby m\u0142odzi post\u0119powali rozs\u0105dnie, to ludzko\u015b\u0107 dawno by wymar\u0142a, powiedzmy sobie otwarcie. No i drogi Antosiu, trzy razy ksi\u0119\u017cyc odmieni\u0142 si\u0119 z\u0142oty, a tato ju\u017c wiedzia\u0142, \u017ce jego argumenty nie na wiele si\u0119 zda\u0142y. Wi\u0119c zasadzi\u0142 si\u0119 na ch\u0142opaka. Uda\u0142 \u017ce wyje\u017cd\u017ca, c\u00f3rka zawiadomi\u0142a J\u00f3zka, \u017ce, jak wy to dzisiaj elegancko m\u00f3wicie, dziupla wolna, pr\u00f3chno si\u0119 wysypa\u0142o. J\u00f3zek wsiad\u0142 do ostatniej kolejki. Tymczasem tato zaczai\u0142 si\u0119 z trzema kamratami, \u017ceby mu spu\u015bci\u0107 manto. J\u00f3zek wjecha\u0142 na g\u00f3r\u0119, zobaczy\u0142, kto na niego czeka na peronie, wi\u0119c otworzy\u0142 okno wagonika, trzymaj\u0105c si\u0119 zewn\u0119trznej barierki wysiad\u0142 na drug\u0105 stron\u0119, a zanim trzej panowie obiegli budynek, przypi\u0105\u0142 narty i poszusowa\u0142 im przed nosem na Hal\u0119 G\u0105sienicow\u0105 do Bro\u0144ci Bustryckiej. Gdyby go chcieli zastrzeli\u0107, zrobiliby to bez trudno\u015bci, mieli go jak na patelni, ale nie my\u015bleli robi\u0107 mu krzywdy, tylko przep\u0142oszy\u0107. Oczywi\u015bcie, nie byli to \u017cadni gestapowcy, tylko grenzschutze, Tyrolczycy, zwyczajni ludzie.<\/p>\n<p><a href=\"\/wp-content\/uploads\/\/2011\/04\/Kasprowy-stary-woagonimages.jpg\"><img loading=\"lazy\" decoding=\"async\" class=\"alignnone size-full wp-image-607\" title=\"Kasprowy stary woagonimages\" src=\"\/wp-content\/uploads\/\/2011\/04\/Kasprowy-stary-woagonimages.jpg\" alt=\"\" width=\"137\" height=\"91\" \/><\/a>\u00a0<em>Stary wagonik kolejki na Kasprowy<\/em><\/p>\n<p>Po wojnie J\u00f3zek by\u0142 \u015bwietnym ratownikiem i narciarzem, jako pierwszy w Tatrach Polskich zjecha\u0142 w szelkach Grammingera, jako pierwszy wychowa\u0142 psa lawinowego, nikt mu tego nie neguje, ale kurierem nie by\u0142.<\/p>\n<p>No, ale kiedy\u015b przyjecha\u0142a do Zakopanego delegacja ratownik\u00f3w francuskich, zdaje si\u0119 z Chamonix, J\u00f3zek si\u0119 nimi opiekowa\u0142, wje\u017cd\u017cali na Kasprowy, pewnie wcze\u015bniej troch\u0119 wypili. Francuzi jak to Francuzi, zadzierali nosa, \u017ce we Francji wszystko najlepsze, wi\u0119c J\u00f3zka ze\u017ali\u0142o. Chcia\u0142 im zaimponowa\u0107, opowiedzia\u0142 wi\u0119c o tym skoku do \u017clebu, w ko\u0144cu, Antosiu, przewodnicy s\u0105 g\u0142\u00f3wnie od tego \u017ceby opowiada\u0107 bajki, to nale\u017cy do ich rzemios\u0142a, im kt\u00f3ry lepiej bajdurzy, tym jest lepszym przewodnikiem panowie to uwielbiaj\u0105. W takich chwilach nie chodzi przecie\u017c o prawd\u0119 historyczn\u0105.<\/p>\n<p>Jeste\u015b etnografem, zbierasz ludowe podania, ale chyba nie wierzysz w dziwo\u017cony i po\u0142udnice, Parandowski te\u017c chyba nie wierzy w Zeusa i Aten\u0119, zreszt\u0105 kto go tam wie, pomyle\u0144c\u00f3w nie brak na tym \u015bwiecie. J\u00f3zek pi\u0119knie opowiedzia\u0142 o swoim wyczynie, on to potrafi, kt\u00f3ry\u015b z koleg\u00f3w sta\u0142 z boku, potwierdzi\u0142 i jeszcze doda\u0142 co\u015b od siebie z najpowa\u017cniejsz\u0105 min\u0105. Francuz\u00f3w zatka\u0142o, kazali sobie powt\u00f3rzy\u0107, na- pstrykali zdj\u0119\u0107, a potem w jakiej\u015b francuskiej gazecie ukaza\u0142 si\u0119 wielki artyku\u0142 o J\u00f3zku i jego bohaterskim wyczynie, zwi\u0105zek by\u0142ych Maquis dal mu jak\u0105\u015b odznak\u0119 honorow\u0105. Jak si\u0119 nasi podskakiewicze dowiedzieli, \u017ce maj\u0105 w Zakopanem takiego bohatera, zacz\u0119li na wyprz\u00f3dki o nim wypisywa\u0107 coraz to nowe dyrdyma\u0142y. To by\u0142o jak lawina, niepodobna by\u0142o si\u0119 wycofa\u0107, bo trzeba by odes\u0142a\u0107 Francuzom order, a to ju\u017c by\u0142aby gruba kompromitacja. Jak mia\u0142 order francuski, zreszt\u0105 to wcale nie by\u0142 order, ale kto si\u0119 w tym po\u0142apie, wi\u0119c jak mia\u0142 order francuski, to mu zaraz dali polski, a jak dali jeden, to zaraz potem dali drugi (ja dawno m\u00f3wi\u0142am, \u017ce ordery powinno si\u0119 dawa\u0107 tylko tym co ju\u017c je maj\u0105, bo przynajmniej wiadomo, \u017ce zas\u0142u\u017cyli. A ludzi nieodznaczonych nie powinno si\u0119 odznacza\u0107, pod \u017cadnym pozorem, bo z tego potem jedno wielkie zawracanie g\u0142owy. Po jakim\u015b czasie ci odznaczeni poumieraj\u0105 i nastanie \u015bwi\u0119ty spok\u00f3j). Teraz J\u00f3zek jest bohaterem narodowym, nie ma innego wyj\u015bcia, udziela wywiad\u00f3w, ale jak go zaczepi o ten skok zakopia\u0144czyk, to si\u0119 denerwuje. Chcia\u0142 ci da\u0107 w mord\u0119, bo ci\u0119 wzi\u0105\u0142 za miejscowego, powiniene\u015b si\u0119 cieszy\u0107. My\u015bla\u0142, \u017ce znasz ca\u0142\u0105 prawd\u0119 i z niego drwisz.<\/p>\n<p>Tyle R\u00f3\u017cyczka. Notuj\u0119 jej opowie\u015b\u0107, bo R\u00f3\u017cyczka jest ju\u017c po Tamtej Stronie.<br \/>\nHistoria skoku z kolejki natchn\u0119\u0142a w latach sze\u015b\u0107dziesi\u0105tych pan\u00f3w filmowc\u00f3w. Oczywi\u015bcie nie znale\u017ali ch\u0119tnego, kt\u00f3ry skoczy\u0142by do \u017clebu, bo to pewna \u015bmier\u0107. Wi\u0119c wymy\u015blili, \u017ce w ich wersji kurier wyskoczy tu\u017c nad Ku\u017anicami i zsunie si\u0119 po ga\u0142\u0119ziach smreka na ziemi\u0119. \u00d3wczesny najs\u0142awniejszy kaskader, magister Krzysztof Fus, podj\u0105\u0142 si\u0119 roboty. Za pierwszym razem wszystko posz\u0142o prawie dobrze, ale z jakiego\u015b powodu trzeba by\u0142o nakr\u0119ci\u0107 dubl\u0119, Fus skoczy\u0142 drugi raz, min\u0105\u0142 si\u0119 ze \u015bwierkiem i wyl\u0105dowa\u0142 w szpitalu. Od tego czasu pasa\u017cerowie kolejki pokazuj\u0105 sobie dwa miejsca. Jedno, gdzie skaka\u0142 kaskader, i drugie, gdzie kurier\u201d.<\/p>\n<p><a href=\"\/wp-content\/uploads\/\/2011\/04\/Uzna\u0144ski.jpg\"><img loading=\"lazy\" decoding=\"async\" class=\"alignnone size-full wp-image-605\" title=\"Uzna\u0144ski\" src=\"\/wp-content\/uploads\/\/2011\/04\/Uzna\u0144ski.jpg\" alt=\"\" width=\"200\" height=\"130\" \/><\/a>\u00a0<em>J\u00f3zef Uzna\u0144ski<\/em><\/p>\n<p>A bohaterem pi\u0119knego tatrza\u0144skiego mitu \u2013 kt\u00f3ry zreszt\u0105 do dzi\u015b powtarzaj\u0105 w najlepsze nawet niekt\u00f3rzy przewodnicy \u2013 by\u0142 faktycznie legendarny narciarz i ratownik J\u00f3zef Uzna\u0144ski.<\/p>\n<p>Za\u015b \u201eSklep potrzeb kulturalnych\u201d (ostatnie wydanie: Pr\u00f3szy\u0144ski i S-ka, 2010) warto przeczyta\u0107 tak\u017ce dla innych g\u00f3rskich opowie\u015bci.<\/p>\n","protected":false},"excerpt":{"rendered":"<p>Niemal ka\u017cdy, kto wje\u017cd\u017ca kolejk\u0105 linow\u0105 na Kasprowy Wierch zna t\u0119 opowie\u015b\u0107: oto podczas jeden z zakopia\u0144skich kurier\u00f3w podziemia mia\u0142 na widok czekaj\u0105cych na peronie g\u00f3rnej stacj\u0105 gestapowc\u00f3w wyskoczy\u0107 z jad\u0105cego wagonika i pu\u015bci\u0107 si\u0119 na nartach kuluarem p\u00f3\u0142nocnego zbocza \u2013 tzw. \u017blebem pod Palcem. Niemcy strzelali, ale chybili (niekt\u00f3re wersje m\u00f3wi\u0142y te\u017c o psach [&hellip;]<\/p>\n","protected":false},"author":1,"featured_media":0,"comment_status":"open","ping_status":"open","sticky":false,"template":"","format":"standard","meta":{"footnotes":""},"categories":[1],"tags":[],"_links":{"self":[{"href":"https:\/\/blog.polityka.pl\/narty\/wp-json\/wp\/v2\/posts\/604"}],"collection":[{"href":"https:\/\/blog.polityka.pl\/narty\/wp-json\/wp\/v2\/posts"}],"about":[{"href":"https:\/\/blog.polityka.pl\/narty\/wp-json\/wp\/v2\/types\/post"}],"author":[{"embeddable":true,"href":"https:\/\/blog.polityka.pl\/narty\/wp-json\/wp\/v2\/users\/1"}],"replies":[{"embeddable":true,"href":"https:\/\/blog.polityka.pl\/narty\/wp-json\/wp\/v2\/comments?post=604"}],"version-history":[{"count":2,"href":"https:\/\/blog.polityka.pl\/narty\/wp-json\/wp\/v2\/posts\/604\/revisions"}],"predecessor-version":[{"id":609,"href":"https:\/\/blog.polityka.pl\/narty\/wp-json\/wp\/v2\/posts\/604\/revisions\/609"}],"wp:attachment":[{"href":"https:\/\/blog.polityka.pl\/narty\/wp-json\/wp\/v2\/media?parent=604"}],"wp:term":[{"taxonomy":"category","embeddable":true,"href":"https:\/\/blog.polityka.pl\/narty\/wp-json\/wp\/v2\/categories?post=604"},{"taxonomy":"post_tag","embeddable":true,"href":"https:\/\/blog.polityka.pl\/narty\/wp-json\/wp\/v2\/tags?post=604"}],"curies":[{"name":"wp","href":"https:\/\/api.w.org\/{rel}","templated":true}]}}